{"id":16513,"date":"2018-03-28T17:16:57","date_gmt":"2018-03-28T21:16:57","guid":{"rendered":"http:\/\/www.ccwpf-cclpm.ca\/?p=16513"},"modified":"2018-03-28T17:16:57","modified_gmt":"2018-03-28T21:16:57","slug":"letat-a-t-il-une-place-dans-les-salles-de-nouvelles-de-la-nation","status":"publish","type":"post","link":"https:\/\/worldpressfreedomcanada.ca\/fr\/letat-a-t-il-une-place-dans-les-salles-de-nouvelles-de-la-nation\/","title":{"rendered":"\u00c9v\u00e9nement : l\u2019\u00e9tat a-t-il une place dans les salles de nouvelles de la nation?"},"content":{"rendered":"<p>Le budget f\u00e9d\u00e9ral du 27 f\u00e9vrier a pr\u00e9vu l\u2019allocation de 10 millions de dollars par ann\u00e9e sur cinq ans en vue de soutenir les m\u00e9dias locaux.<\/p>\n<p>Selon certaines personnes, c\u2019est 10 millions de dollars de trop. D\u2019autres disent que ce n\u2019est pas assez. Media d\u2019Info Canada, un groupe de lobby de l\u2019industrie, cherchait 350 millions de dollars pour r\u00e9organiser le Fonds du Canada pour les p\u00e9riodiques.<\/p>\n<p>Andrew Coyne, chroniqueur du National Post, qui d\u00e9nonce l\u2019id\u00e9e du soutien gouvernemental pour les m\u00e9dias, et Bob Cox, \u00e9diteur du Winnipeg Free Press et pr\u00e9sident de Media d\u2019Info Canada, s\u2019affronteront le 17 avril \u00e0 Ottawa. Susan Harada, directrice du programme de journalisme \u00e0 l\u2019Universit\u00e9 Carleton, sera la mod\u00e9ratrice.<\/p>\n<p>L\u2019entr\u00e9e est gratuite \u00e0 cet \u00e9v\u00e9nement organis\u00e9 par le Comit\u00e9 canadien pour la libert\u00e9 de la presse mondiale en collaboration avec Canada 2020, et avec l\u2019appui de la Commission canadienne pour l\u2019UNESCO.<\/p>\n<p><strong>Lieu : Studio de Canada 2020, <\/strong><br \/>\n<strong>35, rue O\u2019Connor, bureau 302, Ottawa<\/strong><br \/>\n<strong>Heure : De 19 h \u00e0 21 h<\/strong><\/p>\n","protected":false},"excerpt":{"rendered":"<p>Le budget f\u00e9d\u00e9ral du 27 f\u00e9vrier a pr\u00e9vu l\u2019allocation de 10 millions de dollars par ann\u00e9e sur cinq ans en vue de soutenir les m\u00e9dias locaux. Selon certaines personnes, c\u2019est 10 millions de dollars de trop. D\u2019autres disent que ce n\u2019est pas assez. Media d\u2019Info Canada, un groupe de lobby de l\u2019industrie, cherchait 350 millions [&hellip;]<\/p>\n","protected":false},"author":8,"featured_media":0,"comment_status":"closed","ping_status":"closed","sticky":false,"template":"","format":"standard","meta":{"_acf_changed":false,"_price":"","_stock":"","_tribe_ticket_header":"","_tribe_default_ticket_provider":"","_tribe_ticket_capacity":"0","_ticket_start_date":"","_ticket_end_date":"","_tribe_ticket_show_description":"","_tribe_ticket_show_not_going":false,"_tribe_ticket_use_global_stock":"","_tribe_ticket_global_stock_level":"","_global_stock_mode":"","_global_stock_cap":"","_tribe_rsvp_for_event":"","_tribe_ticket_going_count":"","_tribe_ticket_not_going_count":"","_tribe_tickets_list":"[]","_tribe_ticket_has_attendee_info_fields":false,"footnotes":""},"categories":[5],"tags":[],"class_list":["post-16513","post","type-post","status-publish","format-standard","hentry","category-nouvelles"],"acf":[],"yoast_head":"<!-- This site is optimized with the Yoast SEO plugin v27.5 - https:\/\/yoast.com\/product\/yoast-seo-wordpress\/ -->\n<title>\u00c9v\u00e9nement : l\u2019\u00e9tat a-t-il une place dans les salles de nouvelles de la nation? - World Press Freedom Canada<\/title>\n<meta name=\"robots\" content=\"index, follow, max-snippet:-1, max-image-preview:large, max-video-preview:-1\" \/>\n<link rel=\"canonical\" href=\"https:\/\/worldpressfreedomcanada.ca\/fr\/letat-a-t-il-une-place-dans-les-salles-de-nouvelles-de-la-nation\/\" \/>\n<meta property=\"og:locale\" content=\"fr_FR\" \/>\n<meta property=\"og:type\" content=\"article\" \/>\n<meta property=\"og:title\" content=\"\u00c9v\u00e9nement : l\u2019\u00e9tat a-t-il une place dans les salles de nouvelles de la nation? - World Press Freedom Canada\" \/>\n<meta property=\"og:description\" content=\"Le budget f\u00e9d\u00e9ral du 27 f\u00e9vrier a pr\u00e9vu l\u2019allocation de 10 millions de dollars par ann\u00e9e sur cinq ans en vue de soutenir les m\u00e9dias locaux. Selon certaines personnes, c\u2019est 10 millions de dollars de trop. D\u2019autres disent que ce n\u2019est pas assez. Media d\u2019Info Canada, un groupe de lobby de l\u2019industrie, cherchait 350 millions [&hellip;]\" \/>\n<meta property=\"og:url\" content=\"https:\/\/worldpressfreedomcanada.ca\/fr\/letat-a-t-il-une-place-dans-les-salles-de-nouvelles-de-la-nation\/\" \/>\n<meta property=\"og:site_name\" content=\"World Press Freedom Canada\" \/>\n<meta property=\"article:published_time\" content=\"2018-03-28T21:16:57+00:00\" \/>\n<meta name=\"author\" content=\"World Press Freedom Canada\" \/>\n<meta name=\"twitter:card\" content=\"summary_large_image\" \/>\n<meta name=\"twitter:label1\" content=\"\u00c9crit par\" \/>\n\t<meta name=\"twitter:data1\" content=\"World Press Freedom Canada\" \/>\n\t<meta name=\"twitter:label2\" content=\"Dur\u00e9e de lecture estim\u00e9e\" \/>\n\t<meta name=\"twitter:data2\" content=\"1 minute\" \/>\n<script type=\"application\/ld+json\" class=\"yoast-schema-graph\">{\"@context\":\"https:\\\/\\\/schema.org\",\"@graph\":[{\"@type\":\"Article\",\"@id\":\"https:\\\/\\\/worldpressfreedomcanada.ca\\\/fr\\\/letat-a-t-il-une-place-dans-les-salles-de-nouvelles-de-la-nation\\\/#article\",\"isPartOf\":{\"@id\":\"https:\\\/\\\/worldpressfreedomcanada.ca\\\/fr\\\/letat-a-t-il-une-place-dans-les-salles-de-nouvelles-de-la-nation\\\/\"},\"author\":{\"name\":\"World Press Freedom Canada\",\"@id\":\"https:\\\/\\\/worldpressfreedomcanada.ca\\\/fr\\\/#\\\/schema\\\/person\\\/1907c0afad865e42882b092f1f38e2bd\"},\"headline\":\"\u00c9v\u00e9nement : l\u2019\u00e9tat a-t-il une place dans les salles de nouvelles de la nation?\",\"datePublished\":\"2018-03-28T21:16:57+00:00\",\"mainEntityOfPage\":{\"@id\":\"https:\\\/\\\/worldpressfreedomcanada.ca\\\/fr\\\/letat-a-t-il-une-place-dans-les-salles-de-nouvelles-de-la-nation\\\/\"},\"wordCount\":193,\"articleSection\":[\"Nouvelles\"],\"inLanguage\":\"fr-FR\"},{\"@type\":\"WebPage\",\"@id\":\"https:\\\/\\\/worldpressfreedomcanada.ca\\\/fr\\\/letat-a-t-il-une-place-dans-les-salles-de-nouvelles-de-la-nation\\\/\",\"url\":\"https:\\\/\\\/worldpressfreedomcanada.ca\\\/fr\\\/letat-a-t-il-une-place-dans-les-salles-de-nouvelles-de-la-nation\\\/\",\"name\":\"\u00c9v\u00e9nement : l\u2019\u00e9tat a-t-il une place dans les salles de nouvelles de la nation? - World Press Freedom Canada\",\"isPartOf\":{\"@id\":\"https:\\\/\\\/worldpressfreedomcanada.ca\\\/fr\\\/#website\"},\"datePublished\":\"2018-03-28T21:16:57+00:00\",\"author\":{\"@id\":\"https:\\\/\\\/worldpressfreedomcanada.ca\\\/fr\\\/#\\\/schema\\\/person\\\/1907c0afad865e42882b092f1f38e2bd\"},\"breadcrumb\":{\"@id\":\"https:\\\/\\\/worldpressfreedomcanada.ca\\\/fr\\\/letat-a-t-il-une-place-dans-les-salles-de-nouvelles-de-la-nation\\\/#breadcrumb\"},\"inLanguage\":\"fr-FR\",\"potentialAction\":[{\"@type\":\"ReadAction\",\"target\":[\"https:\\\/\\\/worldpressfreedomcanada.ca\\\/fr\\\/letat-a-t-il-une-place-dans-les-salles-de-nouvelles-de-la-nation\\\/\"]}]},{\"@type\":\"BreadcrumbList\",\"@id\":\"https:\\\/\\\/worldpressfreedomcanada.ca\\\/fr\\\/letat-a-t-il-une-place-dans-les-salles-de-nouvelles-de-la-nation\\\/#breadcrumb\",\"itemListElement\":[{\"@type\":\"ListItem\",\"position\":1,\"name\":\"Home\",\"item\":\"https:\\\/\\\/worldpressfreedomcanada.ca\\\/fr\\\/\"},{\"@type\":\"ListItem\",\"position\":2,\"name\":\"\u00c9v\u00e9nement : l\u2019\u00e9tat a-t-il une place dans les salles de nouvelles de la nation?\"}]},{\"@type\":\"WebSite\",\"@id\":\"https:\\\/\\\/worldpressfreedomcanada.ca\\\/fr\\\/#website\",\"url\":\"https:\\\/\\\/worldpressfreedomcanada.ca\\\/fr\\\/\",\"name\":\"World Press Freedom Canada\",\"description\":\"Championing press freedom, defending democracy\",\"potentialAction\":[{\"@type\":\"SearchAction\",\"target\":{\"@type\":\"EntryPoint\",\"urlTemplate\":\"https:\\\/\\\/worldpressfreedomcanada.ca\\\/fr\\\/?s={search_term_string}\"},\"query-input\":{\"@type\":\"PropertyValueSpecification\",\"valueRequired\":true,\"valueName\":\"search_term_string\"}}],\"inLanguage\":\"fr-FR\"},{\"@type\":\"Person\",\"@id\":\"https:\\\/\\\/worldpressfreedomcanada.ca\\\/fr\\\/#\\\/schema\\\/person\\\/1907c0afad865e42882b092f1f38e2bd\",\"name\":\"World Press Freedom Canada\",\"image\":{\"@type\":\"ImageObject\",\"inLanguage\":\"fr-FR\",\"@id\":\"https:\\\/\\\/secure.gravatar.com\\\/avatar\\\/3acd63b41908ece2f12137641c2f91f2a70ebdd284407ace98159911c9b04604?s=96&d=mm&r=g\",\"url\":\"https:\\\/\\\/secure.gravatar.com\\\/avatar\\\/3acd63b41908ece2f12137641c2f91f2a70ebdd284407ace98159911c9b04604?s=96&d=mm&r=g\",\"contentUrl\":\"https:\\\/\\\/secure.gravatar.com\\\/avatar\\\/3acd63b41908ece2f12137641c2f91f2a70ebdd284407ace98159911c9b04604?s=96&d=mm&r=g\",\"caption\":\"World Press Freedom Canada\"},\"url\":\"https:\\\/\\\/worldpressfreedomcanada.ca\\\/fr\\\/author\\\/world-press-freedom-canada\\\/\"}]}<\/script>\n<!-- \/ Yoast SEO plugin. -->","yoast_head_json":{"title":"\u00c9v\u00e9nement : l\u2019\u00e9tat a-t-il une place dans les salles de nouvelles de la nation? - World Press Freedom Canada","robots":{"index":"index","follow":"follow","max-snippet":"max-snippet:-1","max-image-preview":"max-image-preview:large","max-video-preview":"max-video-preview:-1"},"canonical":"https:\/\/worldpressfreedomcanada.ca\/fr\/letat-a-t-il-une-place-dans-les-salles-de-nouvelles-de-la-nation\/","og_locale":"fr_FR","og_type":"article","og_title":"\u00c9v\u00e9nement : l\u2019\u00e9tat a-t-il une place dans les salles de nouvelles de la nation? - World Press Freedom Canada","og_description":"Le budget f\u00e9d\u00e9ral du 27 f\u00e9vrier a pr\u00e9vu l\u2019allocation de 10 millions de dollars par ann\u00e9e sur cinq ans en vue de soutenir les m\u00e9dias locaux. Selon certaines personnes, c\u2019est 10 millions de dollars de trop. D\u2019autres disent que ce n\u2019est pas assez. Media d\u2019Info Canada, un groupe de lobby de l\u2019industrie, cherchait 350 millions [&hellip;]","og_url":"https:\/\/worldpressfreedomcanada.ca\/fr\/letat-a-t-il-une-place-dans-les-salles-de-nouvelles-de-la-nation\/","og_site_name":"World Press Freedom Canada","article_published_time":"2018-03-28T21:16:57+00:00","author":"World Press Freedom Canada","twitter_card":"summary_large_image","twitter_misc":{"\u00c9crit par":"World Press Freedom Canada","Dur\u00e9e de lecture estim\u00e9e":"1 minute"},"schema":{"@context":"https:\/\/schema.org","@graph":[{"@type":"Article","@id":"https:\/\/worldpressfreedomcanada.ca\/fr\/letat-a-t-il-une-place-dans-les-salles-de-nouvelles-de-la-nation\/#article","isPartOf":{"@id":"https:\/\/worldpressfreedomcanada.ca\/fr\/letat-a-t-il-une-place-dans-les-salles-de-nouvelles-de-la-nation\/"},"author":{"name":"World Press Freedom Canada","@id":"https:\/\/worldpressfreedomcanada.ca\/fr\/#\/schema\/person\/1907c0afad865e42882b092f1f38e2bd"},"headline":"\u00c9v\u00e9nement : l\u2019\u00e9tat a-t-il une place dans les salles de nouvelles de la nation?","datePublished":"2018-03-28T21:16:57+00:00","mainEntityOfPage":{"@id":"https:\/\/worldpressfreedomcanada.ca\/fr\/letat-a-t-il-une-place-dans-les-salles-de-nouvelles-de-la-nation\/"},"wordCount":193,"articleSection":["Nouvelles"],"inLanguage":"fr-FR"},{"@type":"WebPage","@id":"https:\/\/worldpressfreedomcanada.ca\/fr\/letat-a-t-il-une-place-dans-les-salles-de-nouvelles-de-la-nation\/","url":"https:\/\/worldpressfreedomcanada.ca\/fr\/letat-a-t-il-une-place-dans-les-salles-de-nouvelles-de-la-nation\/","name":"\u00c9v\u00e9nement : l\u2019\u00e9tat a-t-il une place dans les salles de nouvelles de la nation? - World Press Freedom Canada","isPartOf":{"@id":"https:\/\/worldpressfreedomcanada.ca\/fr\/#website"},"datePublished":"2018-03-28T21:16:57+00:00","author":{"@id":"https:\/\/worldpressfreedomcanada.ca\/fr\/#\/schema\/person\/1907c0afad865e42882b092f1f38e2bd"},"breadcrumb":{"@id":"https:\/\/worldpressfreedomcanada.ca\/fr\/letat-a-t-il-une-place-dans-les-salles-de-nouvelles-de-la-nation\/#breadcrumb"},"inLanguage":"fr-FR","potentialAction":[{"@type":"ReadAction","target":["https:\/\/worldpressfreedomcanada.ca\/fr\/letat-a-t-il-une-place-dans-les-salles-de-nouvelles-de-la-nation\/"]}]},{"@type":"BreadcrumbList","@id":"https:\/\/worldpressfreedomcanada.ca\/fr\/letat-a-t-il-une-place-dans-les-salles-de-nouvelles-de-la-nation\/#breadcrumb","itemListElement":[{"@type":"ListItem","position":1,"name":"Home","item":"https:\/\/worldpressfreedomcanada.ca\/fr\/"},{"@type":"ListItem","position":2,"name":"\u00c9v\u00e9nement : l\u2019\u00e9tat a-t-il une place dans les salles de nouvelles de la nation?"}]},{"@type":"WebSite","@id":"https:\/\/worldpressfreedomcanada.ca\/fr\/#website","url":"https:\/\/worldpressfreedomcanada.ca\/fr\/","name":"World Press Freedom Canada","description":"Championing press freedom, defending democracy","potentialAction":[{"@type":"SearchAction","target":{"@type":"EntryPoint","urlTemplate":"https:\/\/worldpressfreedomcanada.ca\/fr\/?s={search_term_string}"},"query-input":{"@type":"PropertyValueSpecification","valueRequired":true,"valueName":"search_term_string"}}],"inLanguage":"fr-FR"},{"@type":"Person","@id":"https:\/\/worldpressfreedomcanada.ca\/fr\/#\/schema\/person\/1907c0afad865e42882b092f1f38e2bd","name":"World Press Freedom Canada","image":{"@type":"ImageObject","inLanguage":"fr-FR","@id":"https:\/\/secure.gravatar.com\/avatar\/3acd63b41908ece2f12137641c2f91f2a70ebdd284407ace98159911c9b04604?s=96&d=mm&r=g","url":"https:\/\/secure.gravatar.com\/avatar\/3acd63b41908ece2f12137641c2f91f2a70ebdd284407ace98159911c9b04604?s=96&d=mm&r=g","contentUrl":"https:\/\/secure.gravatar.com\/avatar\/3acd63b41908ece2f12137641c2f91f2a70ebdd284407ace98159911c9b04604?s=96&d=mm&r=g","caption":"World Press Freedom Canada"},"url":"https:\/\/worldpressfreedomcanada.ca\/fr\/author\/world-press-freedom-canada\/"}]}},"_links":{"self":[{"href":"https:\/\/worldpressfreedomcanada.ca\/fr\/wp-json\/wp\/v2\/posts\/16513","targetHints":{"allow":["GET"]}}],"collection":[{"href":"https:\/\/worldpressfreedomcanada.ca\/fr\/wp-json\/wp\/v2\/posts"}],"about":[{"href":"https:\/\/worldpressfreedomcanada.ca\/fr\/wp-json\/wp\/v2\/types\/post"}],"author":[{"embeddable":true,"href":"https:\/\/worldpressfreedomcanada.ca\/fr\/wp-json\/wp\/v2\/users\/8"}],"replies":[{"embeddable":true,"href":"https:\/\/worldpressfreedomcanada.ca\/fr\/wp-json\/wp\/v2\/comments?post=16513"}],"version-history":[{"count":0,"href":"https:\/\/worldpressfreedomcanada.ca\/fr\/wp-json\/wp\/v2\/posts\/16513\/revisions"}],"wp:attachment":[{"href":"https:\/\/worldpressfreedomcanada.ca\/fr\/wp-json\/wp\/v2\/media?parent=16513"}],"wp:term":[{"taxonomy":"category","embeddable":true,"href":"https:\/\/worldpressfreedomcanada.ca\/fr\/wp-json\/wp\/v2\/categories?post=16513"},{"taxonomy":"post_tag","embeddable":true,"href":"https:\/\/worldpressfreedomcanada.ca\/fr\/wp-json\/wp\/v2\/tags?post=16513"}],"curies":[{"name":"wp","href":"https:\/\/api.w.org\/{rel}","templated":true}]}}