{"id":17404,"date":"2021-02-03T16:17:42","date_gmt":"2021-02-03T21:17:42","guid":{"rendered":"https:\/\/worldpressfreedomcanada.ca\/?p=17404"},"modified":"2021-02-03T16:17:42","modified_gmt":"2021-02-03T21:17:42","slug":"date-limite-du-15-mars-pour-les-candidatures-au-prix-de-la-liberte-de-la-presse-2021","status":"publish","type":"post","link":"https:\/\/worldpressfreedomcanada.ca\/fr\/date-limite-du-15-mars-pour-les-candidatures-au-prix-de-la-liberte-de-la-presse-2021\/","title":{"rendered":"Date limite du 15 mars pour les candidatures au Prix de la libert\u00e9 de la presse 2021"},"content":{"rendered":"<p>OTTAWA \u2013 On annonce aujourd\u2019hui que la date limite pour proposer une candidature au <a href=\"https:\/\/worldpressfreedomcanada.ca\/fr\/\" target=\"_blank\" rel=\"noopener\">prix d\u00e9cern\u00e9 par Libert\u00e9 de la presse Canada<\/a> est le 15 mars. Ce prix honore un journaliste ou un organisme m\u00e9diatique qui a apport\u00e9 une contribution extraordinaire \u00e0 la libert\u00e9 de la presse au Canada durant la derni\u00e8re ann\u00e9e.<\/p>\n<p>\u00ab Nous sommes enchant\u00e9s d\u2019honorer des journalistes qui ont d\u00e9busqu\u00e9 les cachotteries, d\u00e9fi\u00e9 l\u2019intimidation et surmont\u00e9 les obstacles afin de r\u00e9v\u00e9ler la v\u00e9rit\u00e9 \u00bb, a dit Shawn McCarthy, pr\u00e9sident de Libert\u00e9 de la presse Canada. \u00ab D\u2019importants pans de l\u2019histoire passeraient autrement sous silence. Leur travail met en lumi\u00e8re ce v\u00e9ritable tr\u00e9sor qu\u2019est la libert\u00e9 de la presse au Canada et ailleurs dans le monde. \u00bb<\/p>\n<p>Libert\u00e9 de la presse Canada est un organisme b\u00e9n\u00e9vole \u00e0 but non lucratif d\u2019Ottawa qui fait la promotion de la libre expression et des droits des m\u00e9dias. Il c\u00e9l\u00e8bre la Journ\u00e9e mondiale de la libert\u00e9 de la presse de l\u2019UNESCO chaque ann\u00e9e au d\u00e9but mai en honorant les journalistes qui remportent ce prix.<\/p>\n<p>\u00ab Il ne faut jamais tenir pour acquises la libert\u00e9 d\u2019expression et la pratique journalistique ind\u00e9pendante, opportune et s\u00e9curitaire. Ce sont les pierres d\u2019assise de nos d\u00e9mocraties. Elles sont essentielles \u00e0 une vie citoyenne inform\u00e9e et demeurent de grandes priorit\u00e9s pour l\u2019UNESCO et notre Commission. C\u2019est pour cela que nous sommes de fiers partenaires de Libert\u00e9 de la presse Canada depuis plus de 20 ans \u00bb, a d\u00e9clar\u00e9 S\u00e9bastien Goupil, secr\u00e9taire g\u00e9n\u00e9ral de la Commission canadienne pour l\u2019UNESCO.<\/p>\n<p>Le prix est d\u00e9cern\u00e9 chaque ann\u00e9e \u00e0 un journaliste ou \u00e0 un employ\u00e9 des m\u00e9dias (imprim\u00e9s, num\u00e9riques ou diffus\u00e9s) du Canada. Cette personne doit avoir apport\u00e9 une contribution importante \u00e0 la libert\u00e9 d\u2019expression. Cela peut se faire en confrontant le gouvernement ou des int\u00e9r\u00eats priv\u00e9s qui voudraient nuire \u00e0 la diffusion de reportages sur des \u00e9v\u00e9nements ou des histoires d\u2019int\u00e9r\u00eat public consid\u00e9rable, ou encore faisant la promotion de la libert\u00e9 de la presse par l\u2019entremise des th\u00e8mes abord\u00e9s dans ses reportages. La candidature d\u2019organismes peut aussi \u00eatre propos\u00e9e.<\/p>\n<p>On invite les candidatures de personnes ou d\u2019organismes dont le travail, en 2020, a \u00e9t\u00e9 brim\u00e9 par des secrets emp\u00eachant le public de conna\u00eetre la v\u00e9rit\u00e9, ou par des man\u0153uvres juridiques ou de l\u2019intimidation politique, ou encore d\u2019autres tactiques ayant pu compromettre leur s\u00e9curit\u00e9.<\/p>\n<p>Le gagnant recevra 2 000 $ de Libert\u00e9 de la presse Canada et un certificat de la <a href=\"https:\/\/fr.ccunesco.ca\/\" target=\"_blank\" rel=\"noopener\">Commission canadienne pour l\u2019UNESCO<\/a>. L\u2019Association des banquiers canadiens commandite Libert\u00e9 de la presse Canada.<\/p>\n<p>En 2020, le gagnant du Prix de la libert\u00e9 de la presse \u00e9tait Kenneth Jackson, un journaliste et producteur du R\u00e9seau de t\u00e9l\u00e9vision des peuples autochtones (APTN) qui a sans rel\u00e2che recherch\u00e9 des renseignements cruciaux sur le sort des enfants autochtones morts en Ontario apr\u00e8s avoir \u00e9t\u00e9 plac\u00e9s en foyer d\u2019accueil.<\/p>\n<p>Parmi les autres gagnants de ce prix, au fil de ses 19 ans d\u2019histoire, mentionnons : Michael Robinson (Telegraph Journal); Katherine Gannon (Associated Press); Michelle Lang, \u00e0 titre posthume (Calgary Herald); Stephen Maher et Glen McGregor (Postmedia); Daniel Leblanc (Globe and Mail); John Hoey et Anne Marie Todkill (Journal de l\u2019Association m\u00e9dicale canadienne); Gilles Toupin et Jo\u00ebl Denis Bellavance (La Presse); Tarek Fatah (auteur et chroniqueur); Juliet O\u2019Neill (Ottawa Citizen), Andrew McIntosh (National Post); Haroon Siddiqui (Toronto Star); et Kim Bolan (Vancouver Sun).<\/p>\n<p><strong>Le formulaire de mise en candidature pour le Prix de la libert\u00e9 de la presse est accessible ici : <a href=\"https:\/\/forms.gle\/DAoxtWgZPWnJ2vaM8\" target=\"_blank\" rel=\"noopener\">Formulaire de mise en candidature<\/a>.\u00a0<\/strong><\/p>\n<p>Pour en savoir plus, veuillez \u00e9crire \u00e0 <a href=\"mailto:info@worldpressfreedomcanada.ca\">info@worldpressfreedomcanada.ca<\/a><\/p>\n","protected":false},"excerpt":{"rendered":"<p>OTTAWA \u2013 On annonce aujourd\u2019hui que la date limite pour proposer une candidature au prix d\u00e9cern\u00e9 par Libert\u00e9 de la presse Canada est le 15 mars. Ce prix honore un journaliste ou un organisme m\u00e9diatique qui a apport\u00e9 une contribution extraordinaire \u00e0 la libert\u00e9 de la presse au Canada durant la derni\u00e8re ann\u00e9e. \u00ab Nous [&hellip;]<\/p>\n","protected":false},"author":8,"featured_media":0,"comment_status":"closed","ping_status":"closed","sticky":false,"template":"","format":"standard","meta":{"_acf_changed":false,"_price":"","_stock":"","_tribe_ticket_header":"","_tribe_default_ticket_provider":"","_tribe_ticket_capacity":"0","_ticket_start_date":"","_ticket_end_date":"","_tribe_ticket_show_description":"","_tribe_ticket_show_not_going":false,"_tribe_ticket_use_global_stock":"","_tribe_ticket_global_stock_level":"","_global_stock_mode":"","_global_stock_cap":"","_tribe_rsvp_for_event":"","_tribe_ticket_going_count":"","_tribe_ticket_not_going_count":"","_tribe_tickets_list":"[]","_tribe_ticket_has_attendee_info_fields":false,"footnotes":""},"categories":[5],"tags":[],"class_list":["post-17404","post","type-post","status-publish","format-standard","hentry","category-nouvelles"],"acf":[],"yoast_head":"<!-- This site is optimized with the Yoast SEO plugin v27.5 - https:\/\/yoast.com\/product\/yoast-seo-wordpress\/ -->\n<title>Date limite du 15 mars pour les candidatures au Prix de la libert\u00e9 de la presse 2021 - World Press Freedom Canada<\/title>\n<meta name=\"robots\" content=\"index, follow, max-snippet:-1, max-image-preview:large, max-video-preview:-1\" \/>\n<link rel=\"canonical\" href=\"https:\/\/worldpressfreedomcanada.ca\/fr\/date-limite-du-15-mars-pour-les-candidatures-au-prix-de-la-liberte-de-la-presse-2021\/\" \/>\n<meta property=\"og:locale\" content=\"fr_FR\" \/>\n<meta property=\"og:type\" content=\"article\" \/>\n<meta property=\"og:title\" content=\"Date limite du 15 mars pour les candidatures au Prix de la libert\u00e9 de la presse 2021 - World Press Freedom Canada\" \/>\n<meta property=\"og:description\" content=\"OTTAWA \u2013 On annonce aujourd\u2019hui que la date limite pour proposer une candidature au prix d\u00e9cern\u00e9 par Libert\u00e9 de la presse Canada est le 15 mars. Ce prix honore un journaliste ou un organisme m\u00e9diatique qui a apport\u00e9 une contribution extraordinaire \u00e0 la libert\u00e9 de la presse au Canada durant la derni\u00e8re ann\u00e9e. \u00ab Nous [&hellip;]\" \/>\n<meta property=\"og:url\" content=\"https:\/\/worldpressfreedomcanada.ca\/fr\/date-limite-du-15-mars-pour-les-candidatures-au-prix-de-la-liberte-de-la-presse-2021\/\" \/>\n<meta property=\"og:site_name\" content=\"World Press Freedom Canada\" \/>\n<meta property=\"article:published_time\" content=\"2021-02-03T21:17:42+00:00\" \/>\n<meta name=\"author\" content=\"World Press Freedom Canada\" \/>\n<meta name=\"twitter:card\" content=\"summary_large_image\" \/>\n<meta name=\"twitter:label1\" content=\"\u00c9crit par\" \/>\n\t<meta name=\"twitter:data1\" content=\"World Press Freedom Canada\" \/>\n\t<meta name=\"twitter:label2\" content=\"Dur\u00e9e de lecture estim\u00e9e\" \/>\n\t<meta name=\"twitter:data2\" content=\"3 minutes\" \/>\n<script type=\"application\/ld+json\" class=\"yoast-schema-graph\">{\"@context\":\"https:\\\/\\\/schema.org\",\"@graph\":[{\"@type\":\"Article\",\"@id\":\"https:\\\/\\\/worldpressfreedomcanada.ca\\\/fr\\\/date-limite-du-15-mars-pour-les-candidatures-au-prix-de-la-liberte-de-la-presse-2021\\\/#article\",\"isPartOf\":{\"@id\":\"https:\\\/\\\/worldpressfreedomcanada.ca\\\/fr\\\/date-limite-du-15-mars-pour-les-candidatures-au-prix-de-la-liberte-de-la-presse-2021\\\/\"},\"author\":{\"name\":\"World Press Freedom Canada\",\"@id\":\"https:\\\/\\\/worldpressfreedomcanada.ca\\\/fr\\\/#\\\/schema\\\/person\\\/1907c0afad865e42882b092f1f38e2bd\"},\"headline\":\"Date limite du 15 mars pour les candidatures au Prix de la libert\u00e9 de la presse 2021\",\"datePublished\":\"2021-02-03T21:17:42+00:00\",\"mainEntityOfPage\":{\"@id\":\"https:\\\/\\\/worldpressfreedomcanada.ca\\\/fr\\\/date-limite-du-15-mars-pour-les-candidatures-au-prix-de-la-liberte-de-la-presse-2021\\\/\"},\"wordCount\":657,\"articleSection\":[\"Nouvelles\"],\"inLanguage\":\"fr-FR\"},{\"@type\":\"WebPage\",\"@id\":\"https:\\\/\\\/worldpressfreedomcanada.ca\\\/fr\\\/date-limite-du-15-mars-pour-les-candidatures-au-prix-de-la-liberte-de-la-presse-2021\\\/\",\"url\":\"https:\\\/\\\/worldpressfreedomcanada.ca\\\/fr\\\/date-limite-du-15-mars-pour-les-candidatures-au-prix-de-la-liberte-de-la-presse-2021\\\/\",\"name\":\"Date limite du 15 mars pour les candidatures au Prix de la libert\u00e9 de la presse 2021 - World Press Freedom Canada\",\"isPartOf\":{\"@id\":\"https:\\\/\\\/worldpressfreedomcanada.ca\\\/fr\\\/#website\"},\"datePublished\":\"2021-02-03T21:17:42+00:00\",\"author\":{\"@id\":\"https:\\\/\\\/worldpressfreedomcanada.ca\\\/fr\\\/#\\\/schema\\\/person\\\/1907c0afad865e42882b092f1f38e2bd\"},\"breadcrumb\":{\"@id\":\"https:\\\/\\\/worldpressfreedomcanada.ca\\\/fr\\\/date-limite-du-15-mars-pour-les-candidatures-au-prix-de-la-liberte-de-la-presse-2021\\\/#breadcrumb\"},\"inLanguage\":\"fr-FR\",\"potentialAction\":[{\"@type\":\"ReadAction\",\"target\":[\"https:\\\/\\\/worldpressfreedomcanada.ca\\\/fr\\\/date-limite-du-15-mars-pour-les-candidatures-au-prix-de-la-liberte-de-la-presse-2021\\\/\"]}]},{\"@type\":\"BreadcrumbList\",\"@id\":\"https:\\\/\\\/worldpressfreedomcanada.ca\\\/fr\\\/date-limite-du-15-mars-pour-les-candidatures-au-prix-de-la-liberte-de-la-presse-2021\\\/#breadcrumb\",\"itemListElement\":[{\"@type\":\"ListItem\",\"position\":1,\"name\":\"Home\",\"item\":\"https:\\\/\\\/worldpressfreedomcanada.ca\\\/fr\\\/\"},{\"@type\":\"ListItem\",\"position\":2,\"name\":\"Date limite du 15 mars pour les candidatures au Prix de la libert\u00e9 de la presse 2021\"}]},{\"@type\":\"WebSite\",\"@id\":\"https:\\\/\\\/worldpressfreedomcanada.ca\\\/fr\\\/#website\",\"url\":\"https:\\\/\\\/worldpressfreedomcanada.ca\\\/fr\\\/\",\"name\":\"World Press Freedom Canada\",\"description\":\"Championing press freedom, defending democracy\",\"potentialAction\":[{\"@type\":\"SearchAction\",\"target\":{\"@type\":\"EntryPoint\",\"urlTemplate\":\"https:\\\/\\\/worldpressfreedomcanada.ca\\\/fr\\\/?s={search_term_string}\"},\"query-input\":{\"@type\":\"PropertyValueSpecification\",\"valueRequired\":true,\"valueName\":\"search_term_string\"}}],\"inLanguage\":\"fr-FR\"},{\"@type\":\"Person\",\"@id\":\"https:\\\/\\\/worldpressfreedomcanada.ca\\\/fr\\\/#\\\/schema\\\/person\\\/1907c0afad865e42882b092f1f38e2bd\",\"name\":\"World Press Freedom Canada\",\"image\":{\"@type\":\"ImageObject\",\"inLanguage\":\"fr-FR\",\"@id\":\"https:\\\/\\\/secure.gravatar.com\\\/avatar\\\/3acd63b41908ece2f12137641c2f91f2a70ebdd284407ace98159911c9b04604?s=96&d=mm&r=g\",\"url\":\"https:\\\/\\\/secure.gravatar.com\\\/avatar\\\/3acd63b41908ece2f12137641c2f91f2a70ebdd284407ace98159911c9b04604?s=96&d=mm&r=g\",\"contentUrl\":\"https:\\\/\\\/secure.gravatar.com\\\/avatar\\\/3acd63b41908ece2f12137641c2f91f2a70ebdd284407ace98159911c9b04604?s=96&d=mm&r=g\",\"caption\":\"World Press Freedom Canada\"},\"url\":\"https:\\\/\\\/worldpressfreedomcanada.ca\\\/fr\\\/author\\\/world-press-freedom-canada\\\/\"}]}<\/script>\n<!-- \/ Yoast SEO plugin. -->","yoast_head_json":{"title":"Date limite du 15 mars pour les candidatures au Prix de la libert\u00e9 de la presse 2021 - World Press Freedom Canada","robots":{"index":"index","follow":"follow","max-snippet":"max-snippet:-1","max-image-preview":"max-image-preview:large","max-video-preview":"max-video-preview:-1"},"canonical":"https:\/\/worldpressfreedomcanada.ca\/fr\/date-limite-du-15-mars-pour-les-candidatures-au-prix-de-la-liberte-de-la-presse-2021\/","og_locale":"fr_FR","og_type":"article","og_title":"Date limite du 15 mars pour les candidatures au Prix de la libert\u00e9 de la presse 2021 - World Press Freedom Canada","og_description":"OTTAWA \u2013 On annonce aujourd\u2019hui que la date limite pour proposer une candidature au prix d\u00e9cern\u00e9 par Libert\u00e9 de la presse Canada est le 15 mars. Ce prix honore un journaliste ou un organisme m\u00e9diatique qui a apport\u00e9 une contribution extraordinaire \u00e0 la libert\u00e9 de la presse au Canada durant la derni\u00e8re ann\u00e9e. \u00ab Nous [&hellip;]","og_url":"https:\/\/worldpressfreedomcanada.ca\/fr\/date-limite-du-15-mars-pour-les-candidatures-au-prix-de-la-liberte-de-la-presse-2021\/","og_site_name":"World Press Freedom Canada","article_published_time":"2021-02-03T21:17:42+00:00","author":"World Press Freedom Canada","twitter_card":"summary_large_image","twitter_misc":{"\u00c9crit par":"World Press Freedom Canada","Dur\u00e9e de lecture estim\u00e9e":"3 minutes"},"schema":{"@context":"https:\/\/schema.org","@graph":[{"@type":"Article","@id":"https:\/\/worldpressfreedomcanada.ca\/fr\/date-limite-du-15-mars-pour-les-candidatures-au-prix-de-la-liberte-de-la-presse-2021\/#article","isPartOf":{"@id":"https:\/\/worldpressfreedomcanada.ca\/fr\/date-limite-du-15-mars-pour-les-candidatures-au-prix-de-la-liberte-de-la-presse-2021\/"},"author":{"name":"World Press Freedom Canada","@id":"https:\/\/worldpressfreedomcanada.ca\/fr\/#\/schema\/person\/1907c0afad865e42882b092f1f38e2bd"},"headline":"Date limite du 15 mars pour les candidatures au Prix de la libert\u00e9 de la presse 2021","datePublished":"2021-02-03T21:17:42+00:00","mainEntityOfPage":{"@id":"https:\/\/worldpressfreedomcanada.ca\/fr\/date-limite-du-15-mars-pour-les-candidatures-au-prix-de-la-liberte-de-la-presse-2021\/"},"wordCount":657,"articleSection":["Nouvelles"],"inLanguage":"fr-FR"},{"@type":"WebPage","@id":"https:\/\/worldpressfreedomcanada.ca\/fr\/date-limite-du-15-mars-pour-les-candidatures-au-prix-de-la-liberte-de-la-presse-2021\/","url":"https:\/\/worldpressfreedomcanada.ca\/fr\/date-limite-du-15-mars-pour-les-candidatures-au-prix-de-la-liberte-de-la-presse-2021\/","name":"Date limite du 15 mars pour les candidatures au Prix de la libert\u00e9 de la presse 2021 - World Press Freedom Canada","isPartOf":{"@id":"https:\/\/worldpressfreedomcanada.ca\/fr\/#website"},"datePublished":"2021-02-03T21:17:42+00:00","author":{"@id":"https:\/\/worldpressfreedomcanada.ca\/fr\/#\/schema\/person\/1907c0afad865e42882b092f1f38e2bd"},"breadcrumb":{"@id":"https:\/\/worldpressfreedomcanada.ca\/fr\/date-limite-du-15-mars-pour-les-candidatures-au-prix-de-la-liberte-de-la-presse-2021\/#breadcrumb"},"inLanguage":"fr-FR","potentialAction":[{"@type":"ReadAction","target":["https:\/\/worldpressfreedomcanada.ca\/fr\/date-limite-du-15-mars-pour-les-candidatures-au-prix-de-la-liberte-de-la-presse-2021\/"]}]},{"@type":"BreadcrumbList","@id":"https:\/\/worldpressfreedomcanada.ca\/fr\/date-limite-du-15-mars-pour-les-candidatures-au-prix-de-la-liberte-de-la-presse-2021\/#breadcrumb","itemListElement":[{"@type":"ListItem","position":1,"name":"Home","item":"https:\/\/worldpressfreedomcanada.ca\/fr\/"},{"@type":"ListItem","position":2,"name":"Date limite du 15 mars pour les candidatures au Prix de la libert\u00e9 de la presse 2021"}]},{"@type":"WebSite","@id":"https:\/\/worldpressfreedomcanada.ca\/fr\/#website","url":"https:\/\/worldpressfreedomcanada.ca\/fr\/","name":"World Press Freedom Canada","description":"Championing press freedom, defending democracy","potentialAction":[{"@type":"SearchAction","target":{"@type":"EntryPoint","urlTemplate":"https:\/\/worldpressfreedomcanada.ca\/fr\/?s={search_term_string}"},"query-input":{"@type":"PropertyValueSpecification","valueRequired":true,"valueName":"search_term_string"}}],"inLanguage":"fr-FR"},{"@type":"Person","@id":"https:\/\/worldpressfreedomcanada.ca\/fr\/#\/schema\/person\/1907c0afad865e42882b092f1f38e2bd","name":"World Press Freedom Canada","image":{"@type":"ImageObject","inLanguage":"fr-FR","@id":"https:\/\/secure.gravatar.com\/avatar\/3acd63b41908ece2f12137641c2f91f2a70ebdd284407ace98159911c9b04604?s=96&d=mm&r=g","url":"https:\/\/secure.gravatar.com\/avatar\/3acd63b41908ece2f12137641c2f91f2a70ebdd284407ace98159911c9b04604?s=96&d=mm&r=g","contentUrl":"https:\/\/secure.gravatar.com\/avatar\/3acd63b41908ece2f12137641c2f91f2a70ebdd284407ace98159911c9b04604?s=96&d=mm&r=g","caption":"World Press Freedom Canada"},"url":"https:\/\/worldpressfreedomcanada.ca\/fr\/author\/world-press-freedom-canada\/"}]}},"_links":{"self":[{"href":"https:\/\/worldpressfreedomcanada.ca\/fr\/wp-json\/wp\/v2\/posts\/17404","targetHints":{"allow":["GET"]}}],"collection":[{"href":"https:\/\/worldpressfreedomcanada.ca\/fr\/wp-json\/wp\/v2\/posts"}],"about":[{"href":"https:\/\/worldpressfreedomcanada.ca\/fr\/wp-json\/wp\/v2\/types\/post"}],"author":[{"embeddable":true,"href":"https:\/\/worldpressfreedomcanada.ca\/fr\/wp-json\/wp\/v2\/users\/8"}],"replies":[{"embeddable":true,"href":"https:\/\/worldpressfreedomcanada.ca\/fr\/wp-json\/wp\/v2\/comments?post=17404"}],"version-history":[{"count":0,"href":"https:\/\/worldpressfreedomcanada.ca\/fr\/wp-json\/wp\/v2\/posts\/17404\/revisions"}],"wp:attachment":[{"href":"https:\/\/worldpressfreedomcanada.ca\/fr\/wp-json\/wp\/v2\/media?parent=17404"}],"wp:term":[{"taxonomy":"category","embeddable":true,"href":"https:\/\/worldpressfreedomcanada.ca\/fr\/wp-json\/wp\/v2\/categories?post=17404"},{"taxonomy":"post_tag","embeddable":true,"href":"https:\/\/worldpressfreedomcanada.ca\/fr\/wp-json\/wp\/v2\/tags?post=17404"}],"curies":[{"name":"wp","href":"https:\/\/api.w.org\/{rel}","templated":true}]}}