{"id":17457,"date":"2021-05-03T09:17:21","date_gmt":"2021-05-03T13:17:21","guid":{"rendered":"https:\/\/worldpressfreedomcanada.ca\/?p=17457"},"modified":"2021-05-03T09:17:21","modified_gmt":"2021-05-03T13:17:21","slug":"news-release-nathan-vanderklippe-et-sarah-cox-remportent-le-prix-de-la-liberte-de-la-presse","status":"publish","type":"post","link":"https:\/\/worldpressfreedomcanada.ca\/fr\/news-release-nathan-vanderklippe-et-sarah-cox-remportent-le-prix-de-la-liberte-de-la-presse\/","title":{"rendered":"NOUVELLES: Nathan VanderKlippe et Sarah Cox remportent le Prix de la libert\u00e9 de la presse"},"content":{"rendered":"<p>OTTAWA, le 3\u00a0mai\u00a02021 \u2013 Nathan VanderKlippe, correspondant du <em>The Globe and Mail<\/em> en Chine, et Sarah Cox, reportrice-enqu\u00eateuse \u00e0 <em>The Narwhal,<\/em> ont tous deux \u00e9t\u00e9 d\u00e9clar\u00e9s gagnants du Prix de la libert\u00e9 de la presse\u00a02021 remis par le groupe de d\u00e9fense Libert\u00e9 de la presse Canada, bas\u00e9 \u00e0 Ottawa.<\/p>\n<p><iframe loading=\"lazy\" width=\"560\" height=\"315\" src=\"https:\/\/www.youtube.com\/embed\/jVoTmBt6jC8\" title=\"YouTube video player\" frameborder=\"0\" allow=\"accelerometer; autoplay; clipboard-write; encrypted-media; gyroscope; picture-in-picture\" allowfullscreen><\/iframe><\/p>\n<p>Malgr\u00e9 le risque de d\u00e9tention, d\u2019expulsion et m\u00eame d\u2019emprisonnement, Nathan\u00a0VanderKlippe a r\u00e9alis\u00e9un reportage sur les camps de travail forc\u00e9 o\u00f9 des milliers de Ou\u00efghours, une minorit\u00e9 ethnique musulmane, sont d\u00e9tenus. Le journaliste a \u00e9chapp\u00e9 aux tentatives de lui interdire l\u2019acc\u00e8s \u00e0 la r\u00e9gion, et ses photos et reportages ont contribu\u00e9 \u00e0 documenter les pratiques controvers\u00e9es de la Chine dans la r\u00e9gion du Xinjiang.<\/p>\n<p>Pendant des ann\u00e9es, Sarah Cox a couvert avec t\u00e9nacit\u00e9 le projet controvers\u00e9 de barrage hydro\u00e9lectrique du Site\u00a0C sur la Peace River, dans le nord-est de la Colombie-Britannique. Gr\u00e2ce \u00e0 une recherche minutieuse de documents, rendue possible par l\u2019acc\u00e8s \u00e0 l\u2019information, elle a mis en lumi\u00e8re les probl\u00e8mes majeurs du barrage, dont les responsables gouvernementaux \u00e9taient au courant depuis un an sans les avoir divulgu\u00e9s au public. Les deux gagnants recevront chacun 2\u00a0000\u00a0$.<\/p>\n<p>Ce prix, remis chaque ann\u00e9e par Libert\u00e9 de la presse Canada, souligne les r\u00e9alisations exceptionnelles des professionnels des m\u00e9dias canadiens qui pratiquent dans l\u2019int\u00e9r\u00eat du public, en surmontant les secrets, l\u2019intimidation et d\u2019autres tentatives de contrecarrer leur travail.<\/p>\n<p>Libert\u00e9 de la presse Canada a d\u00e9cern\u00e9 des mentions honorables \u00e0 Kevin Donovan, du <em>Toronto Star<\/em>, pour les batailles qu\u2019il a men\u00e9es devant les tribunaux afin d\u2019obtenir des documents li\u00e9s \u00e0 des affaires criminelles et civiles tr\u00e8s m\u00e9diatis\u00e9es, ainsi qu\u2019au duo compos\u00e9 de Meghan Potkins et de Madeline Smith, du <em>Calgary Herald<\/em>. Elles ont r\u00e9v\u00e9l\u00e9 au grand jour, gr\u00e2ce au syst\u00e8me d\u2019acc\u00e8s \u00e0 l\u2019information de la ville et \u00e0 des recherches rigoureuses, les abus financiers d\u2019un conseiller municipal.<\/p>\n<p><strong>Prix Spencer Moore pour l\u2019ensemble des r\u00e9alisations<\/strong><\/p>\n<p>Libert\u00e9 de la presse Canada remet \u00e9galement son Prix Spencer Moore pour l\u2019ensemble des r\u00e9alisations \u00e0 Kim Bolan du <em>Vancouver Sun.<\/em><\/p>\n<p>Kim Bolan a couvert des guerres, l\u2019attentat d\u2019Air India en 1985, les gangs de rue et le crime organis\u00e9. Elle a \u00e9t\u00e9 la premi\u00e8re laur\u00e9ate du Prix mondial de la libert\u00e9 de la presse en 1999 et n\u2019a jamais arr\u00eat\u00e9depuis. Alors qu\u2019elle couvrait un proc\u00e8s pour meurtre en 2017, elle a appris qu\u2019elle avait elle-m\u00eame fait l\u2019objet d\u2019un complot pour meurtre, qu\u2019elle a ensuite signal\u00e9 aux autorit\u00e9s.<\/p>\n<p>Le Prix Spencer Moore, qui porte le nom de l\u2019un des fondateurs de notre organisme, est d\u00e9cern\u00e9 \u00e0 un journaliste ou \u00e0 un employ\u00e9 des m\u00e9dias pour honorer ses efforts soutenus en faveur de la libert\u00e9 de la presse.<\/p>\n<p>Les prix de Libert\u00e9 de la presse Canada sont g\u00e9n\u00e9ralement remis lors du d\u00e9jeuner annuel organis\u00e9 \u00e0Ottawa pour marquer la Journ\u00e9e mondiale de la libert\u00e9 de la presse de l\u2019UNESCO, le 3\u00a0mai. Cependant, cette ann\u00e9e, le d\u00e9jeuner a \u00e9t\u00e9 annul\u00e9 en raison de la pand\u00e9mie de COVID-19.<\/p>\n<p>\u00ab\u00a0Malgr\u00e9 le stress engendr\u00e9 par les confinements et le travail \u00e0 distance, les journalistes canadiens ont fait un travail extraordinaire en 2020, poussant les personnes au pouvoir \u00e0 r\u00e9pondre de leurs actes\u00a0\u00bb, a d\u00e9clar\u00e9 le pr\u00e9sident de Libert\u00e9 de la presse Canada, Shawn McCarthy.<\/p>\n<p>\u00ab\u00a0Nos laur\u00e9ats ont surmont\u00e9 des obstacles importants qui ont \u00e9t\u00e9 dress\u00e9s pour emp\u00eacher que leurs histoires soient r\u00e9v\u00e9l\u00e9es.\u00a0\u00bb<\/p>\n<p>Shawn McCarthy explique que m\u00eame si les journalistes canadiens jouissent d\u2019une relative libert\u00e9 dans leur travail au pays, la vigilance s\u2019impose, car il existe des exemples flagrants d\u2019entraves et de menaces \u00e0 cette libert\u00e9.<\/p>\n<p>Pour voir une vid\u00e9o de nos laur\u00e9ats pr\u00e9sentant leur travail, consultez la page <a href=\"https:\/\/worldpressfreedomcanada.ca\/fr\/\">https:\/\/worldpressfreedomcanada.ca\/fr\/<\/a>.<\/p>\n<p><strong>Gagnants du Concours international de dessin \u00e9ditorial<\/strong><\/p>\n<p>Libert\u00e9 de la presse Canada a \u00e9galement annonc\u00e9 que Jean-Lo\u00efc B\u00e9lom est le grand gagnant du 21<sup>e<\/sup>\u00a0Concours international de dessin \u00e9ditorial, sous le th\u00e8me\u00a0: <em>Censure, humiliation et harc<\/em><em>\u00e8<\/em><em>lement sur les r<\/em><em>\u00e9<\/em><em>seaux sociaux.<\/em> Le deuxi\u00e8me prix est attribu\u00e9 \u00e0 Edwin Perales Gonzales, du P\u00e9rou et le troisi\u00e8me prix, \u00e0 Tom Janssen, des Pays-Bas.<\/p>\n<p>Jean-Lo\u00efc B\u00e9lom est un dessinateur ind\u00e9pendant qui a expos\u00e9 ses dessins et remport\u00e9 des prix au Royaume-Uni, en Italie, en Belgique et au Japon.<\/p>\n<p>Edwin Perales Gonzales est un graphiste, illustrateur et caricaturiste au P\u00e9rou. Tom Janssen est le caricaturiste politique du quotidien national n\u00e9erlandais <em>Trouw<\/em>; il a \u00e9t\u00e9 publi\u00e9 dans <em>The International New York Times<\/em>, <em>Le Monde<\/em> et <em>The Japan Times<\/em>.<\/p>\n<p>\u00ab\u00a0Notre concours annuel de caricatures est de plus en plus connu \u00e0 l\u2019international, et nous avons re\u00e7u un nombre record de 406\u00a0caricatures provenant de 59\u00a0pays\u00a0\u00bb, a affirm\u00e9 Guy Badeaux, coordonnateur du concours.<\/p>\n<p>Libert\u00e9 de la presse Canada appuie \u00e9galement la Commission canadienne pour l\u2019UNESCO dans sa campagne de sensibilisation qui vise \u00e0 attirer l\u2019attention sur le probl\u00e8me des menaces envers les femmes journalistes.<\/p>\n<p>Les caricatures r\u00e9compens\u00e9es peuvent \u00eatre consult\u00e9es <a href=\"https:\/\/www.dropbox.com\/sh\/kb2w93f9ovhe6s5\/AADLXUS75PHTI_-t5dRjZYhKa?dl=0\">ici<\/a>.<\/p>\n<p><strong>Au sujet de Libert\u00e9 de la presse Canada<\/strong><\/p>\n<p>Libert\u00e9 de la presse Canada (auparavant le Comit\u00e9 canadien pour la libert\u00e9 de la presse mondiale) est un groupe b\u00e9n\u00e9vole d\u2019Ottawa dont la mission consiste \u00e0 sensibiliser le public au droit \u00e0 la libert\u00e9d\u2019expression, \u00e0 rep\u00e9rer les atteintes \u00e0 ce droit et \u00e0 d\u00e9fendre la libert\u00e9 de la presse. Ce groupe de d\u00e9fense travaille sous le patronage de la Commission canadienne pour l\u2019UNESCO et il est commandit\u00e9 par l\u2019Association des banquiers canadiens.<\/p>\n<p>-30-<\/p>\n<p><strong>Contact pour les m\u00e9dias<\/strong><\/p>\n<p>Pour obtenir des renseignements suppl\u00e9mentaires et pour des entrevues, veuillez communiquer avec Shawn McCarthy au 613\u00a0294-4491.<\/p>\n","protected":false},"excerpt":{"rendered":"<p>OTTAWA, le 3\u00a0mai\u00a02021 \u2013 Nathan VanderKlippe, correspondant du The Globe and Mail en Chine, et Sarah Cox, reportrice-enqu\u00eateuse \u00e0 The Narwhal, ont tous deux \u00e9t\u00e9 d\u00e9clar\u00e9s gagnants du Prix de la libert\u00e9 de la presse\u00a02021 remis par le groupe de d\u00e9fense Libert\u00e9 de la presse Canada, bas\u00e9 \u00e0 Ottawa. Malgr\u00e9 le risque de d\u00e9tention, d\u2019expulsion [&hellip;]<\/p>\n","protected":false},"author":8,"featured_media":0,"comment_status":"closed","ping_status":"closed","sticky":false,"template":"","format":"standard","meta":{"_acf_changed":false,"_price":"","_stock":"","_tribe_ticket_header":"","_tribe_default_ticket_provider":"","_tribe_ticket_capacity":"0","_ticket_start_date":"","_ticket_end_date":"","_tribe_ticket_show_description":"","_tribe_ticket_show_not_going":false,"_tribe_ticket_use_global_stock":"","_tribe_ticket_global_stock_level":"","_global_stock_mode":"","_global_stock_cap":"","_tribe_rsvp_for_event":"","_tribe_ticket_going_count":"","_tribe_ticket_not_going_count":"","_tribe_tickets_list":"[]","_tribe_ticket_has_attendee_info_fields":false,"footnotes":""},"categories":[5],"tags":[],"class_list":["post-17457","post","type-post","status-publish","format-standard","hentry","category-nouvelles"],"acf":[],"yoast_head":"<!-- This site is optimized with the Yoast SEO plugin v27.5 - https:\/\/yoast.com\/product\/yoast-seo-wordpress\/ -->\n<title>NOUVELLES: Nathan VanderKlippe et Sarah Cox remportent le Prix de la libert\u00e9 de la presse - World Press Freedom Canada<\/title>\n<meta name=\"robots\" content=\"index, follow, max-snippet:-1, max-image-preview:large, max-video-preview:-1\" \/>\n<link rel=\"canonical\" href=\"https:\/\/worldpressfreedomcanada.ca\/fr\/news-release-nathan-vanderklippe-et-sarah-cox-remportent-le-prix-de-la-liberte-de-la-presse\/\" \/>\n<meta property=\"og:locale\" content=\"fr_FR\" \/>\n<meta property=\"og:type\" content=\"article\" \/>\n<meta property=\"og:title\" content=\"NOUVELLES: Nathan VanderKlippe et Sarah Cox remportent le Prix de la libert\u00e9 de la presse - World Press Freedom Canada\" \/>\n<meta property=\"og:description\" content=\"OTTAWA, le 3\u00a0mai\u00a02021 \u2013 Nathan VanderKlippe, correspondant du The Globe and Mail en Chine, et Sarah Cox, reportrice-enqu\u00eateuse \u00e0 The Narwhal, ont tous deux \u00e9t\u00e9 d\u00e9clar\u00e9s gagnants du Prix de la libert\u00e9 de la presse\u00a02021 remis par le groupe de d\u00e9fense Libert\u00e9 de la presse Canada, bas\u00e9 \u00e0 Ottawa. Malgr\u00e9 le risque de d\u00e9tention, d\u2019expulsion [&hellip;]\" \/>\n<meta property=\"og:url\" content=\"https:\/\/worldpressfreedomcanada.ca\/fr\/news-release-nathan-vanderklippe-et-sarah-cox-remportent-le-prix-de-la-liberte-de-la-presse\/\" \/>\n<meta property=\"og:site_name\" content=\"World Press Freedom Canada\" \/>\n<meta property=\"article:published_time\" content=\"2021-05-03T13:17:21+00:00\" \/>\n<meta name=\"author\" content=\"World Press Freedom Canada\" \/>\n<meta name=\"twitter:card\" content=\"summary_large_image\" \/>\n<meta name=\"twitter:label1\" content=\"\u00c9crit par\" \/>\n\t<meta name=\"twitter:data1\" content=\"World Press Freedom Canada\" \/>\n\t<meta name=\"twitter:label2\" content=\"Dur\u00e9e de lecture estim\u00e9e\" \/>\n\t<meta name=\"twitter:data2\" content=\"5 minutes\" \/>\n<script type=\"application\/ld+json\" class=\"yoast-schema-graph\">{\"@context\":\"https:\\\/\\\/schema.org\",\"@graph\":[{\"@type\":\"Article\",\"@id\":\"https:\\\/\\\/worldpressfreedomcanada.ca\\\/fr\\\/news-release-nathan-vanderklippe-et-sarah-cox-remportent-le-prix-de-la-liberte-de-la-presse\\\/#article\",\"isPartOf\":{\"@id\":\"https:\\\/\\\/worldpressfreedomcanada.ca\\\/fr\\\/news-release-nathan-vanderklippe-et-sarah-cox-remportent-le-prix-de-la-liberte-de-la-presse\\\/\"},\"author\":{\"name\":\"World Press Freedom Canada\",\"@id\":\"https:\\\/\\\/worldpressfreedomcanada.ca\\\/fr\\\/#\\\/schema\\\/person\\\/1907c0afad865e42882b092f1f38e2bd\"},\"headline\":\"NOUVELLES: Nathan VanderKlippe et Sarah Cox remportent le Prix de la libert\u00e9 de la presse\",\"datePublished\":\"2021-05-03T13:17:21+00:00\",\"mainEntityOfPage\":{\"@id\":\"https:\\\/\\\/worldpressfreedomcanada.ca\\\/fr\\\/news-release-nathan-vanderklippe-et-sarah-cox-remportent-le-prix-de-la-liberte-de-la-presse\\\/\"},\"wordCount\":1005,\"articleSection\":[\"Nouvelles\"],\"inLanguage\":\"fr-FR\"},{\"@type\":\"WebPage\",\"@id\":\"https:\\\/\\\/worldpressfreedomcanada.ca\\\/fr\\\/news-release-nathan-vanderklippe-et-sarah-cox-remportent-le-prix-de-la-liberte-de-la-presse\\\/\",\"url\":\"https:\\\/\\\/worldpressfreedomcanada.ca\\\/fr\\\/news-release-nathan-vanderklippe-et-sarah-cox-remportent-le-prix-de-la-liberte-de-la-presse\\\/\",\"name\":\"NOUVELLES: Nathan VanderKlippe et Sarah Cox remportent le Prix de la libert\u00e9 de la presse - World Press Freedom Canada\",\"isPartOf\":{\"@id\":\"https:\\\/\\\/worldpressfreedomcanada.ca\\\/fr\\\/#website\"},\"datePublished\":\"2021-05-03T13:17:21+00:00\",\"author\":{\"@id\":\"https:\\\/\\\/worldpressfreedomcanada.ca\\\/fr\\\/#\\\/schema\\\/person\\\/1907c0afad865e42882b092f1f38e2bd\"},\"breadcrumb\":{\"@id\":\"https:\\\/\\\/worldpressfreedomcanada.ca\\\/fr\\\/news-release-nathan-vanderklippe-et-sarah-cox-remportent-le-prix-de-la-liberte-de-la-presse\\\/#breadcrumb\"},\"inLanguage\":\"fr-FR\",\"potentialAction\":[{\"@type\":\"ReadAction\",\"target\":[\"https:\\\/\\\/worldpressfreedomcanada.ca\\\/fr\\\/news-release-nathan-vanderklippe-et-sarah-cox-remportent-le-prix-de-la-liberte-de-la-presse\\\/\"]}]},{\"@type\":\"BreadcrumbList\",\"@id\":\"https:\\\/\\\/worldpressfreedomcanada.ca\\\/fr\\\/news-release-nathan-vanderklippe-et-sarah-cox-remportent-le-prix-de-la-liberte-de-la-presse\\\/#breadcrumb\",\"itemListElement\":[{\"@type\":\"ListItem\",\"position\":1,\"name\":\"Home\",\"item\":\"https:\\\/\\\/worldpressfreedomcanada.ca\\\/fr\\\/\"},{\"@type\":\"ListItem\",\"position\":2,\"name\":\"NOUVELLES: Nathan VanderKlippe et Sarah Cox remportent le Prix de la libert\u00e9 de la presse\"}]},{\"@type\":\"WebSite\",\"@id\":\"https:\\\/\\\/worldpressfreedomcanada.ca\\\/fr\\\/#website\",\"url\":\"https:\\\/\\\/worldpressfreedomcanada.ca\\\/fr\\\/\",\"name\":\"World Press Freedom Canada\",\"description\":\"Championing press freedom, defending democracy\",\"potentialAction\":[{\"@type\":\"SearchAction\",\"target\":{\"@type\":\"EntryPoint\",\"urlTemplate\":\"https:\\\/\\\/worldpressfreedomcanada.ca\\\/fr\\\/?s={search_term_string}\"},\"query-input\":{\"@type\":\"PropertyValueSpecification\",\"valueRequired\":true,\"valueName\":\"search_term_string\"}}],\"inLanguage\":\"fr-FR\"},{\"@type\":\"Person\",\"@id\":\"https:\\\/\\\/worldpressfreedomcanada.ca\\\/fr\\\/#\\\/schema\\\/person\\\/1907c0afad865e42882b092f1f38e2bd\",\"name\":\"World Press Freedom Canada\",\"image\":{\"@type\":\"ImageObject\",\"inLanguage\":\"fr-FR\",\"@id\":\"https:\\\/\\\/secure.gravatar.com\\\/avatar\\\/3acd63b41908ece2f12137641c2f91f2a70ebdd284407ace98159911c9b04604?s=96&d=mm&r=g\",\"url\":\"https:\\\/\\\/secure.gravatar.com\\\/avatar\\\/3acd63b41908ece2f12137641c2f91f2a70ebdd284407ace98159911c9b04604?s=96&d=mm&r=g\",\"contentUrl\":\"https:\\\/\\\/secure.gravatar.com\\\/avatar\\\/3acd63b41908ece2f12137641c2f91f2a70ebdd284407ace98159911c9b04604?s=96&d=mm&r=g\",\"caption\":\"World Press Freedom Canada\"},\"url\":\"https:\\\/\\\/worldpressfreedomcanada.ca\\\/fr\\\/author\\\/world-press-freedom-canada\\\/\"}]}<\/script>\n<!-- \/ Yoast SEO plugin. -->","yoast_head_json":{"title":"NOUVELLES: Nathan VanderKlippe et Sarah Cox remportent le Prix de la libert\u00e9 de la presse - World Press Freedom Canada","robots":{"index":"index","follow":"follow","max-snippet":"max-snippet:-1","max-image-preview":"max-image-preview:large","max-video-preview":"max-video-preview:-1"},"canonical":"https:\/\/worldpressfreedomcanada.ca\/fr\/news-release-nathan-vanderklippe-et-sarah-cox-remportent-le-prix-de-la-liberte-de-la-presse\/","og_locale":"fr_FR","og_type":"article","og_title":"NOUVELLES: Nathan VanderKlippe et Sarah Cox remportent le Prix de la libert\u00e9 de la presse - World Press Freedom Canada","og_description":"OTTAWA, le 3\u00a0mai\u00a02021 \u2013 Nathan VanderKlippe, correspondant du The Globe and Mail en Chine, et Sarah Cox, reportrice-enqu\u00eateuse \u00e0 The Narwhal, ont tous deux \u00e9t\u00e9 d\u00e9clar\u00e9s gagnants du Prix de la libert\u00e9 de la presse\u00a02021 remis par le groupe de d\u00e9fense Libert\u00e9 de la presse Canada, bas\u00e9 \u00e0 Ottawa. Malgr\u00e9 le risque de d\u00e9tention, d\u2019expulsion [&hellip;]","og_url":"https:\/\/worldpressfreedomcanada.ca\/fr\/news-release-nathan-vanderklippe-et-sarah-cox-remportent-le-prix-de-la-liberte-de-la-presse\/","og_site_name":"World Press Freedom Canada","article_published_time":"2021-05-03T13:17:21+00:00","author":"World Press Freedom Canada","twitter_card":"summary_large_image","twitter_misc":{"\u00c9crit par":"World Press Freedom Canada","Dur\u00e9e de lecture estim\u00e9e":"5 minutes"},"schema":{"@context":"https:\/\/schema.org","@graph":[{"@type":"Article","@id":"https:\/\/worldpressfreedomcanada.ca\/fr\/news-release-nathan-vanderklippe-et-sarah-cox-remportent-le-prix-de-la-liberte-de-la-presse\/#article","isPartOf":{"@id":"https:\/\/worldpressfreedomcanada.ca\/fr\/news-release-nathan-vanderklippe-et-sarah-cox-remportent-le-prix-de-la-liberte-de-la-presse\/"},"author":{"name":"World Press Freedom Canada","@id":"https:\/\/worldpressfreedomcanada.ca\/fr\/#\/schema\/person\/1907c0afad865e42882b092f1f38e2bd"},"headline":"NOUVELLES: Nathan VanderKlippe et Sarah Cox remportent le Prix de la libert\u00e9 de la presse","datePublished":"2021-05-03T13:17:21+00:00","mainEntityOfPage":{"@id":"https:\/\/worldpressfreedomcanada.ca\/fr\/news-release-nathan-vanderklippe-et-sarah-cox-remportent-le-prix-de-la-liberte-de-la-presse\/"},"wordCount":1005,"articleSection":["Nouvelles"],"inLanguage":"fr-FR"},{"@type":"WebPage","@id":"https:\/\/worldpressfreedomcanada.ca\/fr\/news-release-nathan-vanderklippe-et-sarah-cox-remportent-le-prix-de-la-liberte-de-la-presse\/","url":"https:\/\/worldpressfreedomcanada.ca\/fr\/news-release-nathan-vanderklippe-et-sarah-cox-remportent-le-prix-de-la-liberte-de-la-presse\/","name":"NOUVELLES: Nathan VanderKlippe et Sarah Cox remportent le Prix de la libert\u00e9 de la presse - World Press Freedom Canada","isPartOf":{"@id":"https:\/\/worldpressfreedomcanada.ca\/fr\/#website"},"datePublished":"2021-05-03T13:17:21+00:00","author":{"@id":"https:\/\/worldpressfreedomcanada.ca\/fr\/#\/schema\/person\/1907c0afad865e42882b092f1f38e2bd"},"breadcrumb":{"@id":"https:\/\/worldpressfreedomcanada.ca\/fr\/news-release-nathan-vanderklippe-et-sarah-cox-remportent-le-prix-de-la-liberte-de-la-presse\/#breadcrumb"},"inLanguage":"fr-FR","potentialAction":[{"@type":"ReadAction","target":["https:\/\/worldpressfreedomcanada.ca\/fr\/news-release-nathan-vanderklippe-et-sarah-cox-remportent-le-prix-de-la-liberte-de-la-presse\/"]}]},{"@type":"BreadcrumbList","@id":"https:\/\/worldpressfreedomcanada.ca\/fr\/news-release-nathan-vanderklippe-et-sarah-cox-remportent-le-prix-de-la-liberte-de-la-presse\/#breadcrumb","itemListElement":[{"@type":"ListItem","position":1,"name":"Home","item":"https:\/\/worldpressfreedomcanada.ca\/fr\/"},{"@type":"ListItem","position":2,"name":"NOUVELLES: Nathan VanderKlippe et Sarah Cox remportent le Prix de la libert\u00e9 de la presse"}]},{"@type":"WebSite","@id":"https:\/\/worldpressfreedomcanada.ca\/fr\/#website","url":"https:\/\/worldpressfreedomcanada.ca\/fr\/","name":"World Press Freedom Canada","description":"Championing press freedom, defending democracy","potentialAction":[{"@type":"SearchAction","target":{"@type":"EntryPoint","urlTemplate":"https:\/\/worldpressfreedomcanada.ca\/fr\/?s={search_term_string}"},"query-input":{"@type":"PropertyValueSpecification","valueRequired":true,"valueName":"search_term_string"}}],"inLanguage":"fr-FR"},{"@type":"Person","@id":"https:\/\/worldpressfreedomcanada.ca\/fr\/#\/schema\/person\/1907c0afad865e42882b092f1f38e2bd","name":"World Press Freedom Canada","image":{"@type":"ImageObject","inLanguage":"fr-FR","@id":"https:\/\/secure.gravatar.com\/avatar\/3acd63b41908ece2f12137641c2f91f2a70ebdd284407ace98159911c9b04604?s=96&d=mm&r=g","url":"https:\/\/secure.gravatar.com\/avatar\/3acd63b41908ece2f12137641c2f91f2a70ebdd284407ace98159911c9b04604?s=96&d=mm&r=g","contentUrl":"https:\/\/secure.gravatar.com\/avatar\/3acd63b41908ece2f12137641c2f91f2a70ebdd284407ace98159911c9b04604?s=96&d=mm&r=g","caption":"World Press Freedom Canada"},"url":"https:\/\/worldpressfreedomcanada.ca\/fr\/author\/world-press-freedom-canada\/"}]}},"_links":{"self":[{"href":"https:\/\/worldpressfreedomcanada.ca\/fr\/wp-json\/wp\/v2\/posts\/17457","targetHints":{"allow":["GET"]}}],"collection":[{"href":"https:\/\/worldpressfreedomcanada.ca\/fr\/wp-json\/wp\/v2\/posts"}],"about":[{"href":"https:\/\/worldpressfreedomcanada.ca\/fr\/wp-json\/wp\/v2\/types\/post"}],"author":[{"embeddable":true,"href":"https:\/\/worldpressfreedomcanada.ca\/fr\/wp-json\/wp\/v2\/users\/8"}],"replies":[{"embeddable":true,"href":"https:\/\/worldpressfreedomcanada.ca\/fr\/wp-json\/wp\/v2\/comments?post=17457"}],"version-history":[{"count":0,"href":"https:\/\/worldpressfreedomcanada.ca\/fr\/wp-json\/wp\/v2\/posts\/17457\/revisions"}],"wp:attachment":[{"href":"https:\/\/worldpressfreedomcanada.ca\/fr\/wp-json\/wp\/v2\/media?parent=17457"}],"wp:term":[{"taxonomy":"category","embeddable":true,"href":"https:\/\/worldpressfreedomcanada.ca\/fr\/wp-json\/wp\/v2\/categories?post=17457"},{"taxonomy":"post_tag","embeddable":true,"href":"https:\/\/worldpressfreedomcanada.ca\/fr\/wp-json\/wp\/v2\/tags?post=17457"}],"curies":[{"name":"wp","href":"https:\/\/api.w.org\/{rel}","templated":true}]}}