{"id":18057,"date":"2023-05-03T08:00:32","date_gmt":"2023-05-03T08:00:32","guid":{"rendered":"https:\/\/worldpressfreedomcanada.ca\/?p=18057"},"modified":"2025-02-24T21:33:19","modified_gmt":"2025-02-24T21:33:19","slug":"la-presses-larouche-and-journalism-for-human-rights-pulfer-win-2023-press-freedom-awards-2","status":"publish","type":"post","link":"https:\/\/worldpressfreedomcanada.ca\/fr\/la-presses-larouche-and-journalism-for-human-rights-pulfer-win-2023-press-freedom-awards-2\/","title":{"rendered":"Les prix pour la libert\u00e9 de presse 2023 octroy\u00e9s \u00e0 Vincent Larouche de La Presse et \u00e0 Rachel Pulfer de Journalists for Human Rights"},"content":{"rendered":"<h3>Miraee, Iranien r\u00e9sidant aux \u00c9tats-Unis, remporte un concours international de caricatures \u00e9ditoriales<\/h3>\n<p>Libert\u00e9 de la presse Canada ( LPC ) est heureuse d&rsquo;annoncer que <b>Vincent Larouche<\/b> du journal La Presse devient le r\u00e9cipiendaire du Prix pour la Libert\u00e9 de presse pour l&rsquo;ann\u00e9e 2023.<\/p>\n<p>Le prix est attribu\u00e9 annuellement \u00e0 un journaliste qui a produit des reportages d&rsquo;un grand int\u00e9r\u00eat public malgr\u00e9 le secret, l&rsquo;intimidation, les manoeuvres judiciaires, l&rsquo;ing\u00e9rence ou les risques \u00e0 sa s\u00e9curit\u00e9 personnelle.<\/p>\n<p>LPC attribue \u00e9galement le Prix de r\u00e9ussite Spencer Moore 2023 \u00e0 <b>Rachel Pulfer<\/b>, directrice de Journalists for HumanRights. Ce prix r\u00e9compense l&rsquo;engagement soutenu du laur\u00e9at ou de la laur\u00e9ate envers l&rsquo;am\u00e9lioration de la libert\u00e9 de la presse et du droit \u00e0 l&rsquo;information.<\/p>\n<h2>Le Prix pour la libert\u00e9 de presse<\/h2>\n<p>Au mois de mars 2022, Vincent Larouche d\u00e9couvre que la Cour d&rsquo;Appel du Qu\u00e9bec avait entendu, en secret, une cause contre un informateur de police. M. Larouche, avec l&rsquo;aide de sources confidentielles, de la loi d&rsquo;acc\u00e8s \u00e0 l&rsquo;information et de documents de la Cour, a r\u00e9ussi \u00e0 rendre publics de nombreux aspects de ce proc\u00e8s fant\u00f4me qui allait \u00e0 l&rsquo;encontre du principe de la Justice qui doit \u00eatre publique.<\/p>\n<p>Le service des poursuites p\u00e9nales du Canada a d\u00e9ploy\u00e9 beaucoup de ressources pour bloquer la cause de La Presse devant les tribunaux, en plus de refuser de fournir la liste des num\u00e9ros de dossiers ouverts au Qu\u00e9bec en mati\u00e8re criminelle. Cette couverture de Vincent Larouche a pouss\u00e9 le ministre qu\u00e9b\u00e9cois de la Justice \u00e0 promettre qu&rsquo;il n&rsquo;y aura plus jamais de proc\u00e8s secret. Le Barreau du Qu\u00e9bec et le juge en chef de la Cour supr\u00eame du Canada ont condamn\u00e9 cette fa\u00e7on de faire.<\/p>\n<p>Beaucoup d&rsquo;informations relatives \u00e0 ce proc\u00e8s demeurent sous scell\u00e9s. La Cour supr\u00eame a accept\u00e9 d&rsquo;entendre la cause qui conteste le jugement de la Cour d&rsquo;Appel du Qu\u00e9bec qui maintient le secret touchant le proc\u00e8s.<\/p>\n<p>La pr\u00e9sidente de LPC, Heather Bakken, estime que \u00a0\u00bb les proc\u00e8s secrets privent les m\u00e9dias de leur habilet\u00e9 \u00e0 scruter les proc\u00e9dures judiciaires et en appeler aux responsabilit\u00e9s du gouvernement et du syst\u00e8me judiciaire\u00a0\u00bb.<\/p>\n<h2>Certificat de m\u00e9rite<\/h2>\n<p>LPC octroie \u00e9galement un Certificat de m\u00e9rite au journaliste ind\u00e9pendant <b>Justin Ling<\/b> qui a de longs \u00e9tats de service pour ce qui est de percer les murs du silence qui entourent les dossiers en dormance de la police. Son travail a contribu\u00e9 au d\u00e9bat national sur l&rsquo;acc\u00e8s \u00e0 l&rsquo;information et la libert\u00e9 de presse. Il a \u00e9galement contribu\u00e9 \u00e0 faire la lumi\u00e8re sur des r\u00e9seaux sophistiqu\u00e9s de d\u00e9sinformation qui m\u00e8nent \u00e0 la d\u00e9saffection et \u00e0 la radicalisation au Canada. Cette r\u00e9alit\u00e9 a \u00e9t\u00e9 particuli\u00e8rement mise en relief lors de sa couverture du convoi de la libert\u00e9 en 2022, pendant laquelle il a re\u00e7u de multiples menaces personnelles, judiciaires et politiques de la part d&rsquo;organisateurs et de manifestants.<\/p>\n<p>Un Certificat de m\u00e9rite est \u00e9galement attribu\u00e9 \u00e0 <b>Charlie Pinkerton<\/b> qui a sorti l&rsquo;histoire de promoteurs de la ceinture verte qui ont assist\u00e9 \u00e0 la noce de la fille du premier ministre de l&rsquo;Ontario, Doug Ford. M. Pinkerton a d\u00e9missionn\u00e9 de son poste au site web QP Briefing, propri\u00e9t\u00e9 de iPolitics, invoquant des ing\u00e9rences. L&rsquo;histoire a \u00e9t\u00e9 \u00e9ventuellement publi\u00e9e dans le Toronto Star. LPC reconna\u00eet aussi le geste de Jessica Smith Cross, ancienne \u00e9ditrice de QP Briefing, qui a \u00e9galement d\u00e9missionn\u00e9, invoquant aussi des ing\u00e9rences venues \u00ab\u00a0d&rsquo;en haut\u00a0\u00bb.<\/p>\n<h2>Le Prix de r\u00e9ussite Spencer Moore<\/h2>\n<p>Apr\u00e8s la chute de Kaboul en 2021, Mme. Pulfer a dirig\u00e9 un groupe qui s&rsquo;est donn\u00e9 comme mission de secourir les journalistes afghans et les d\u00e9fenseurs des Droits de la personne cibl\u00e9s par les Talibans. Mme Pulfer et l&rsquo;\u00e9quipe de Journalists for Human Rights ont particip\u00e9 \u00e0 l&rsquo;\u00e9vacuation d&rsquo;environ 2,000 Afghans \u00e0 risque, journalistes, interpr\u00e8tes et d\u00e9fenseurs des Droits de la personne. L&rsquo;organisation, bas\u00e9e \u00e0 Toronto, a \u00e9galement cr\u00e9\u00e9 un programme de journalistes afghans en r\u00e9sidence qui a permis de placer, \u00e0 plein salaire, 10 journalistes afghans dans certaines des principales salles de nouvelles au Canada.<\/p>\n<p>Dirig\u00e9 par Mme. Pulfer depuis 2011, JHR est une organisation charitable qui donne aux journalistes autour du monde, les outils pour couvrir de fa\u00e7on efficace et \u00e9quilibr\u00e9e les dossiers de libert\u00e9 de la personne dans leurs environnements respectifs. Elle fait \u00e9galement entendre sa voix au Canada, dans les dossiers touchant la libert\u00e9 de la presse.<\/p>\n<p>Heather Bakken estime que \u201cRachel Pulfer a consacr\u00e9 sa carri\u00e8re \u00e0 la promotion de la libert\u00e9 de la presse au Canada et \u00e0 l&rsquo;\u00e9tranger, en tant que principe fondamental soutenant les droits de la personne et la d\u00e9mocratie\u00a0\u00bb. Mme. Bakken affirme de plus qu&rsquo; \u00ab\u00a0elle a travaill\u00e9 sans rel\u00e2che, envers et contre tous, pour faire en sorte que les journalistes soient appuy\u00e9s contre les menaces \u00e0 leur s\u00e9curit\u00e9 personnelle et \u00e0 leur s\u00e9curit\u00e9 d&#8217;emploi\u00a0\u00bb.<\/p>\n<h2>Concours international de caricature<\/h2>\n<p>Le prix du concours international de caricature de LPC est attribu\u00e9 \u00e0 Ali Miraee, caricaturiste iranien r\u00e9sidant aux \u00c9tats-Unis. Le prix consiste en un montant de 1,500$ .<\/p>\n<p>Anne Darenne de France termine deuxi\u00e8me et Miguel Morales Madrigal de Cuba finit troisi\u00e8me. Le concours, sous la direction du caricaturiste du Droit, Guy Badeaux, a re\u00e7u 470 soumissions venant de 62 pays.<\/p>\n<h2>Le d\u00e9jeuner du 3 mai<\/h2>\n<p>Les prix seront remis le 3 mai, lors du d\u00e9jeuner annuel de LPC marquant la journ\u00e9e de la libert\u00e9 de la presse, au Centre national des Arts, \u00e0 Ottawa. Le d\u00e9jeuner mettra en vedette la journaliste maintes fois prim\u00e9e Anna Maria Tremonti qui livrera l&rsquo;allocution principale et Irene Gentle, vive-pr\u00e9sidente de Torstar, responsable de l&rsquo;inclusion et des partenariats strat\u00e9giques qui participera \u00e0 une discussion sur l&rsquo;augmentation du harc\u00e8lement en ligne visant les journalistes f\u00e9minines et marginalis\u00e9es.<\/p>\n<p><b>Nous remercions tout particuli\u00e8rement la <\/b><a href=\"https:\/\/fr.ccunesco.ca\/\"><b>Commission canadienne pour l&rsquo;UNESCO<\/b><\/a><b>, partenaire de l&rsquo;\u00e9v\u00e9nement, et l&rsquo;<\/b><a href=\"https:\/\/cba.ca\/?l=fr\"><b>Association des banquiers canadiens<\/b><\/a><b>, notre principal commanditaire. Nous remercions \u00e9galement <\/b><a href=\"https:\/\/www.powercorporation.com\/fr\/\"><b>Power Corporation du Canada<\/b><\/a><b>, notre commanditaire platine.<\/b><\/p>\n<p>&nbsp;<\/p>\n<p><img loading=\"lazy\" decoding=\"async\" class=\"alignnone wp-image-18050 size-large\" src=\"https:\/\/worldpressfreedomcanada.ca\/wp-content\/uploads\/2023\/04\/WPFC-luncheon-2023-sponsors-1-1024x691.jpg\" alt=\"\" width=\"1024\" height=\"691\" \/><\/p>\n","protected":false},"excerpt":{"rendered":"<p>Miraee, Iranien r\u00e9sidant aux \u00c9tats-Unis, remporte un concours international de caricatures \u00e9ditoriales Libert\u00e9 de la presse Canada ( LPC ) est heureuse d&rsquo;annoncer que Vincent Larouche du journal La Presse devient le r\u00e9cipiendaire du Prix pour la Libert\u00e9 de presse pour l&rsquo;ann\u00e9e 2023. Le prix est attribu\u00e9 annuellement \u00e0 un journaliste qui a produit des [&hellip;]<\/p>\n","protected":false},"author":8,"featured_media":0,"comment_status":"closed","ping_status":"closed","sticky":false,"template":"","format":"standard","meta":{"_acf_changed":false,"_price":"","_stock":"","_tribe_ticket_header":"","_tribe_default_ticket_provider":"","_tribe_ticket_capacity":"0","_ticket_start_date":"","_ticket_end_date":"","_tribe_ticket_show_description":"","_tribe_ticket_show_not_going":false,"_tribe_ticket_use_global_stock":"","_tribe_ticket_global_stock_level":"","_global_stock_mode":"","_global_stock_cap":"","_tribe_rsvp_for_event":"","_tribe_ticket_going_count":"","_tribe_ticket_not_going_count":"","_tribe_tickets_list":"[]","_tribe_ticket_has_attendee_info_fields":false,"footnotes":""},"categories":[5],"tags":[],"class_list":["post-18057","post","type-post","status-publish","format-standard","hentry","category-nouvelles"],"acf":[],"yoast_head":"<!-- This site is optimized with the Yoast SEO plugin v27.5 - https:\/\/yoast.com\/product\/yoast-seo-wordpress\/ -->\n<title>Les prix pour la libert\u00e9 de presse 2023 octroy\u00e9s \u00e0 Vincent Larouche de La Presse et \u00e0 Rachel Pulfer de Journalists for Human Rights - World Press Freedom Canada<\/title>\n<meta name=\"robots\" content=\"index, follow, max-snippet:-1, max-image-preview:large, max-video-preview:-1\" \/>\n<link rel=\"canonical\" href=\"https:\/\/worldpressfreedomcanada.ca\/fr\/la-presses-larouche-and-journalism-for-human-rights-pulfer-win-2023-press-freedom-awards-2\/\" \/>\n<meta property=\"og:locale\" content=\"fr_FR\" \/>\n<meta property=\"og:type\" content=\"article\" \/>\n<meta property=\"og:title\" content=\"Les prix pour la libert\u00e9 de presse 2023 octroy\u00e9s \u00e0 Vincent Larouche de La Presse et \u00e0 Rachel Pulfer de Journalists for Human Rights - World Press Freedom Canada\" \/>\n<meta property=\"og:description\" content=\"Miraee, Iranien r\u00e9sidant aux \u00c9tats-Unis, remporte un concours international de caricatures \u00e9ditoriales Libert\u00e9 de la presse Canada ( LPC ) est heureuse d&rsquo;annoncer que Vincent Larouche du journal La Presse devient le r\u00e9cipiendaire du Prix pour la Libert\u00e9 de presse pour l&rsquo;ann\u00e9e 2023. Le prix est attribu\u00e9 annuellement \u00e0 un journaliste qui a produit des [&hellip;]\" \/>\n<meta property=\"og:url\" content=\"https:\/\/worldpressfreedomcanada.ca\/fr\/la-presses-larouche-and-journalism-for-human-rights-pulfer-win-2023-press-freedom-awards-2\/\" \/>\n<meta property=\"og:site_name\" content=\"World Press Freedom Canada\" \/>\n<meta property=\"article:published_time\" content=\"2023-05-03T08:00:32+00:00\" \/>\n<meta property=\"article:modified_time\" content=\"2025-02-24T21:33:19+00:00\" \/>\n<meta name=\"author\" content=\"World Press Freedom Canada\" \/>\n<meta name=\"twitter:card\" content=\"summary_large_image\" \/>\n<meta name=\"twitter:label1\" content=\"\u00c9crit par\" \/>\n\t<meta name=\"twitter:data1\" content=\"World Press Freedom Canada\" \/>\n\t<meta name=\"twitter:label2\" content=\"Dur\u00e9e de lecture estim\u00e9e\" \/>\n\t<meta name=\"twitter:data2\" content=\"5 minutes\" \/>\n<script type=\"application\/ld+json\" class=\"yoast-schema-graph\">{\"@context\":\"https:\\\/\\\/schema.org\",\"@graph\":[{\"@type\":\"Article\",\"@id\":\"https:\\\/\\\/worldpressfreedomcanada.ca\\\/fr\\\/la-presses-larouche-and-journalism-for-human-rights-pulfer-win-2023-press-freedom-awards-2\\\/#article\",\"isPartOf\":{\"@id\":\"https:\\\/\\\/worldpressfreedomcanada.ca\\\/fr\\\/la-presses-larouche-and-journalism-for-human-rights-pulfer-win-2023-press-freedom-awards-2\\\/\"},\"author\":{\"name\":\"World Press Freedom Canada\",\"@id\":\"https:\\\/\\\/worldpressfreedomcanada.ca\\\/fr\\\/#\\\/schema\\\/person\\\/1907c0afad865e42882b092f1f38e2bd\"},\"headline\":\"Les prix pour la libert\u00e9 de presse 2023 octroy\u00e9s \u00e0 Vincent Larouche de La Presse et \u00e0 Rachel Pulfer de Journalists for Human Rights\",\"datePublished\":\"2023-05-03T08:00:32+00:00\",\"dateModified\":\"2025-02-24T21:33:19+00:00\",\"mainEntityOfPage\":{\"@id\":\"https:\\\/\\\/worldpressfreedomcanada.ca\\\/fr\\\/la-presses-larouche-and-journalism-for-human-rights-pulfer-win-2023-press-freedom-awards-2\\\/\"},\"wordCount\":1038,\"image\":{\"@id\":\"https:\\\/\\\/worldpressfreedomcanada.ca\\\/fr\\\/la-presses-larouche-and-journalism-for-human-rights-pulfer-win-2023-press-freedom-awards-2\\\/#primaryimage\"},\"thumbnailUrl\":\"https:\\\/\\\/worldpressfreedomcanada.ca\\\/wp-content\\\/uploads\\\/2023\\\/04\\\/WPFC-luncheon-2023-sponsors-1-1024x691.jpg\",\"articleSection\":[\"Nouvelles\"],\"inLanguage\":\"fr-FR\"},{\"@type\":\"WebPage\",\"@id\":\"https:\\\/\\\/worldpressfreedomcanada.ca\\\/fr\\\/la-presses-larouche-and-journalism-for-human-rights-pulfer-win-2023-press-freedom-awards-2\\\/\",\"url\":\"https:\\\/\\\/worldpressfreedomcanada.ca\\\/fr\\\/la-presses-larouche-and-journalism-for-human-rights-pulfer-win-2023-press-freedom-awards-2\\\/\",\"name\":\"Les prix pour la libert\u00e9 de presse 2023 octroy\u00e9s \u00e0 Vincent Larouche de La Presse et \u00e0 Rachel Pulfer de Journalists for Human Rights - World Press Freedom Canada\",\"isPartOf\":{\"@id\":\"https:\\\/\\\/worldpressfreedomcanada.ca\\\/fr\\\/#website\"},\"primaryImageOfPage\":{\"@id\":\"https:\\\/\\\/worldpressfreedomcanada.ca\\\/fr\\\/la-presses-larouche-and-journalism-for-human-rights-pulfer-win-2023-press-freedom-awards-2\\\/#primaryimage\"},\"image\":{\"@id\":\"https:\\\/\\\/worldpressfreedomcanada.ca\\\/fr\\\/la-presses-larouche-and-journalism-for-human-rights-pulfer-win-2023-press-freedom-awards-2\\\/#primaryimage\"},\"thumbnailUrl\":\"https:\\\/\\\/worldpressfreedomcanada.ca\\\/wp-content\\\/uploads\\\/2023\\\/04\\\/WPFC-luncheon-2023-sponsors-1-1024x691.jpg\",\"datePublished\":\"2023-05-03T08:00:32+00:00\",\"dateModified\":\"2025-02-24T21:33:19+00:00\",\"author\":{\"@id\":\"https:\\\/\\\/worldpressfreedomcanada.ca\\\/fr\\\/#\\\/schema\\\/person\\\/1907c0afad865e42882b092f1f38e2bd\"},\"breadcrumb\":{\"@id\":\"https:\\\/\\\/worldpressfreedomcanada.ca\\\/fr\\\/la-presses-larouche-and-journalism-for-human-rights-pulfer-win-2023-press-freedom-awards-2\\\/#breadcrumb\"},\"inLanguage\":\"fr-FR\",\"potentialAction\":[{\"@type\":\"ReadAction\",\"target\":[\"https:\\\/\\\/worldpressfreedomcanada.ca\\\/fr\\\/la-presses-larouche-and-journalism-for-human-rights-pulfer-win-2023-press-freedom-awards-2\\\/\"]}]},{\"@type\":\"ImageObject\",\"inLanguage\":\"fr-FR\",\"@id\":\"https:\\\/\\\/worldpressfreedomcanada.ca\\\/fr\\\/la-presses-larouche-and-journalism-for-human-rights-pulfer-win-2023-press-freedom-awards-2\\\/#primaryimage\",\"url\":\"https:\\\/\\\/worldpressfreedomcanada.ca\\\/wp-content\\\/uploads\\\/2023\\\/04\\\/WPFC-luncheon-2023-sponsors-1-1024x691.jpg\",\"contentUrl\":\"https:\\\/\\\/worldpressfreedomcanada.ca\\\/wp-content\\\/uploads\\\/2023\\\/04\\\/WPFC-luncheon-2023-sponsors-1-1024x691.jpg\"},{\"@type\":\"BreadcrumbList\",\"@id\":\"https:\\\/\\\/worldpressfreedomcanada.ca\\\/fr\\\/la-presses-larouche-and-journalism-for-human-rights-pulfer-win-2023-press-freedom-awards-2\\\/#breadcrumb\",\"itemListElement\":[{\"@type\":\"ListItem\",\"position\":1,\"name\":\"Home\",\"item\":\"https:\\\/\\\/worldpressfreedomcanada.ca\\\/fr\\\/\"},{\"@type\":\"ListItem\",\"position\":2,\"name\":\"Les prix pour la libert\u00e9 de presse 2023 octroy\u00e9s \u00e0 Vincent Larouche de La Presse et \u00e0 Rachel Pulfer de Journalists for Human Rights\"}]},{\"@type\":\"WebSite\",\"@id\":\"https:\\\/\\\/worldpressfreedomcanada.ca\\\/fr\\\/#website\",\"url\":\"https:\\\/\\\/worldpressfreedomcanada.ca\\\/fr\\\/\",\"name\":\"World Press Freedom Canada\",\"description\":\"Championing press freedom, defending democracy\",\"potentialAction\":[{\"@type\":\"SearchAction\",\"target\":{\"@type\":\"EntryPoint\",\"urlTemplate\":\"https:\\\/\\\/worldpressfreedomcanada.ca\\\/fr\\\/?s={search_term_string}\"},\"query-input\":{\"@type\":\"PropertyValueSpecification\",\"valueRequired\":true,\"valueName\":\"search_term_string\"}}],\"inLanguage\":\"fr-FR\"},{\"@type\":\"Person\",\"@id\":\"https:\\\/\\\/worldpressfreedomcanada.ca\\\/fr\\\/#\\\/schema\\\/person\\\/1907c0afad865e42882b092f1f38e2bd\",\"name\":\"World Press Freedom Canada\",\"image\":{\"@type\":\"ImageObject\",\"inLanguage\":\"fr-FR\",\"@id\":\"https:\\\/\\\/secure.gravatar.com\\\/avatar\\\/3acd63b41908ece2f12137641c2f91f2a70ebdd284407ace98159911c9b04604?s=96&d=mm&r=g\",\"url\":\"https:\\\/\\\/secure.gravatar.com\\\/avatar\\\/3acd63b41908ece2f12137641c2f91f2a70ebdd284407ace98159911c9b04604?s=96&d=mm&r=g\",\"contentUrl\":\"https:\\\/\\\/secure.gravatar.com\\\/avatar\\\/3acd63b41908ece2f12137641c2f91f2a70ebdd284407ace98159911c9b04604?s=96&d=mm&r=g\",\"caption\":\"World Press Freedom Canada\"},\"url\":\"https:\\\/\\\/worldpressfreedomcanada.ca\\\/fr\\\/author\\\/world-press-freedom-canada\\\/\"}]}<\/script>\n<!-- \/ Yoast SEO plugin. -->","yoast_head_json":{"title":"Les prix pour la libert\u00e9 de presse 2023 octroy\u00e9s \u00e0 Vincent Larouche de La Presse et \u00e0 Rachel Pulfer de Journalists for Human Rights - World Press Freedom Canada","robots":{"index":"index","follow":"follow","max-snippet":"max-snippet:-1","max-image-preview":"max-image-preview:large","max-video-preview":"max-video-preview:-1"},"canonical":"https:\/\/worldpressfreedomcanada.ca\/fr\/la-presses-larouche-and-journalism-for-human-rights-pulfer-win-2023-press-freedom-awards-2\/","og_locale":"fr_FR","og_type":"article","og_title":"Les prix pour la libert\u00e9 de presse 2023 octroy\u00e9s \u00e0 Vincent Larouche de La Presse et \u00e0 Rachel Pulfer de Journalists for Human Rights - World Press Freedom Canada","og_description":"Miraee, Iranien r\u00e9sidant aux \u00c9tats-Unis, remporte un concours international de caricatures \u00e9ditoriales Libert\u00e9 de la presse Canada ( LPC ) est heureuse d&rsquo;annoncer que Vincent Larouche du journal La Presse devient le r\u00e9cipiendaire du Prix pour la Libert\u00e9 de presse pour l&rsquo;ann\u00e9e 2023. Le prix est attribu\u00e9 annuellement \u00e0 un journaliste qui a produit des [&hellip;]","og_url":"https:\/\/worldpressfreedomcanada.ca\/fr\/la-presses-larouche-and-journalism-for-human-rights-pulfer-win-2023-press-freedom-awards-2\/","og_site_name":"World Press Freedom Canada","article_published_time":"2023-05-03T08:00:32+00:00","article_modified_time":"2025-02-24T21:33:19+00:00","author":"World Press Freedom Canada","twitter_card":"summary_large_image","twitter_misc":{"\u00c9crit par":"World Press Freedom Canada","Dur\u00e9e de lecture estim\u00e9e":"5 minutes"},"schema":{"@context":"https:\/\/schema.org","@graph":[{"@type":"Article","@id":"https:\/\/worldpressfreedomcanada.ca\/fr\/la-presses-larouche-and-journalism-for-human-rights-pulfer-win-2023-press-freedom-awards-2\/#article","isPartOf":{"@id":"https:\/\/worldpressfreedomcanada.ca\/fr\/la-presses-larouche-and-journalism-for-human-rights-pulfer-win-2023-press-freedom-awards-2\/"},"author":{"name":"World Press Freedom Canada","@id":"https:\/\/worldpressfreedomcanada.ca\/fr\/#\/schema\/person\/1907c0afad865e42882b092f1f38e2bd"},"headline":"Les prix pour la libert\u00e9 de presse 2023 octroy\u00e9s \u00e0 Vincent Larouche de La Presse et \u00e0 Rachel Pulfer de Journalists for Human Rights","datePublished":"2023-05-03T08:00:32+00:00","dateModified":"2025-02-24T21:33:19+00:00","mainEntityOfPage":{"@id":"https:\/\/worldpressfreedomcanada.ca\/fr\/la-presses-larouche-and-journalism-for-human-rights-pulfer-win-2023-press-freedom-awards-2\/"},"wordCount":1038,"image":{"@id":"https:\/\/worldpressfreedomcanada.ca\/fr\/la-presses-larouche-and-journalism-for-human-rights-pulfer-win-2023-press-freedom-awards-2\/#primaryimage"},"thumbnailUrl":"https:\/\/worldpressfreedomcanada.ca\/wp-content\/uploads\/2023\/04\/WPFC-luncheon-2023-sponsors-1-1024x691.jpg","articleSection":["Nouvelles"],"inLanguage":"fr-FR"},{"@type":"WebPage","@id":"https:\/\/worldpressfreedomcanada.ca\/fr\/la-presses-larouche-and-journalism-for-human-rights-pulfer-win-2023-press-freedom-awards-2\/","url":"https:\/\/worldpressfreedomcanada.ca\/fr\/la-presses-larouche-and-journalism-for-human-rights-pulfer-win-2023-press-freedom-awards-2\/","name":"Les prix pour la libert\u00e9 de presse 2023 octroy\u00e9s \u00e0 Vincent Larouche de La Presse et \u00e0 Rachel Pulfer de Journalists for Human Rights - World Press Freedom Canada","isPartOf":{"@id":"https:\/\/worldpressfreedomcanada.ca\/fr\/#website"},"primaryImageOfPage":{"@id":"https:\/\/worldpressfreedomcanada.ca\/fr\/la-presses-larouche-and-journalism-for-human-rights-pulfer-win-2023-press-freedom-awards-2\/#primaryimage"},"image":{"@id":"https:\/\/worldpressfreedomcanada.ca\/fr\/la-presses-larouche-and-journalism-for-human-rights-pulfer-win-2023-press-freedom-awards-2\/#primaryimage"},"thumbnailUrl":"https:\/\/worldpressfreedomcanada.ca\/wp-content\/uploads\/2023\/04\/WPFC-luncheon-2023-sponsors-1-1024x691.jpg","datePublished":"2023-05-03T08:00:32+00:00","dateModified":"2025-02-24T21:33:19+00:00","author":{"@id":"https:\/\/worldpressfreedomcanada.ca\/fr\/#\/schema\/person\/1907c0afad865e42882b092f1f38e2bd"},"breadcrumb":{"@id":"https:\/\/worldpressfreedomcanada.ca\/fr\/la-presses-larouche-and-journalism-for-human-rights-pulfer-win-2023-press-freedom-awards-2\/#breadcrumb"},"inLanguage":"fr-FR","potentialAction":[{"@type":"ReadAction","target":["https:\/\/worldpressfreedomcanada.ca\/fr\/la-presses-larouche-and-journalism-for-human-rights-pulfer-win-2023-press-freedom-awards-2\/"]}]},{"@type":"ImageObject","inLanguage":"fr-FR","@id":"https:\/\/worldpressfreedomcanada.ca\/fr\/la-presses-larouche-and-journalism-for-human-rights-pulfer-win-2023-press-freedom-awards-2\/#primaryimage","url":"https:\/\/worldpressfreedomcanada.ca\/wp-content\/uploads\/2023\/04\/WPFC-luncheon-2023-sponsors-1-1024x691.jpg","contentUrl":"https:\/\/worldpressfreedomcanada.ca\/wp-content\/uploads\/2023\/04\/WPFC-luncheon-2023-sponsors-1-1024x691.jpg"},{"@type":"BreadcrumbList","@id":"https:\/\/worldpressfreedomcanada.ca\/fr\/la-presses-larouche-and-journalism-for-human-rights-pulfer-win-2023-press-freedom-awards-2\/#breadcrumb","itemListElement":[{"@type":"ListItem","position":1,"name":"Home","item":"https:\/\/worldpressfreedomcanada.ca\/fr\/"},{"@type":"ListItem","position":2,"name":"Les prix pour la libert\u00e9 de presse 2023 octroy\u00e9s \u00e0 Vincent Larouche de La Presse et \u00e0 Rachel Pulfer de Journalists for Human Rights"}]},{"@type":"WebSite","@id":"https:\/\/worldpressfreedomcanada.ca\/fr\/#website","url":"https:\/\/worldpressfreedomcanada.ca\/fr\/","name":"World Press Freedom Canada","description":"Championing press freedom, defending democracy","potentialAction":[{"@type":"SearchAction","target":{"@type":"EntryPoint","urlTemplate":"https:\/\/worldpressfreedomcanada.ca\/fr\/?s={search_term_string}"},"query-input":{"@type":"PropertyValueSpecification","valueRequired":true,"valueName":"search_term_string"}}],"inLanguage":"fr-FR"},{"@type":"Person","@id":"https:\/\/worldpressfreedomcanada.ca\/fr\/#\/schema\/person\/1907c0afad865e42882b092f1f38e2bd","name":"World Press Freedom Canada","image":{"@type":"ImageObject","inLanguage":"fr-FR","@id":"https:\/\/secure.gravatar.com\/avatar\/3acd63b41908ece2f12137641c2f91f2a70ebdd284407ace98159911c9b04604?s=96&d=mm&r=g","url":"https:\/\/secure.gravatar.com\/avatar\/3acd63b41908ece2f12137641c2f91f2a70ebdd284407ace98159911c9b04604?s=96&d=mm&r=g","contentUrl":"https:\/\/secure.gravatar.com\/avatar\/3acd63b41908ece2f12137641c2f91f2a70ebdd284407ace98159911c9b04604?s=96&d=mm&r=g","caption":"World Press Freedom Canada"},"url":"https:\/\/worldpressfreedomcanada.ca\/fr\/author\/world-press-freedom-canada\/"}]}},"_links":{"self":[{"href":"https:\/\/worldpressfreedomcanada.ca\/fr\/wp-json\/wp\/v2\/posts\/18057","targetHints":{"allow":["GET"]}}],"collection":[{"href":"https:\/\/worldpressfreedomcanada.ca\/fr\/wp-json\/wp\/v2\/posts"}],"about":[{"href":"https:\/\/worldpressfreedomcanada.ca\/fr\/wp-json\/wp\/v2\/types\/post"}],"author":[{"embeddable":true,"href":"https:\/\/worldpressfreedomcanada.ca\/fr\/wp-json\/wp\/v2\/users\/8"}],"replies":[{"embeddable":true,"href":"https:\/\/worldpressfreedomcanada.ca\/fr\/wp-json\/wp\/v2\/comments?post=18057"}],"version-history":[{"count":1,"href":"https:\/\/worldpressfreedomcanada.ca\/fr\/wp-json\/wp\/v2\/posts\/18057\/revisions"}],"predecessor-version":[{"id":20149,"href":"https:\/\/worldpressfreedomcanada.ca\/fr\/wp-json\/wp\/v2\/posts\/18057\/revisions\/20149"}],"wp:attachment":[{"href":"https:\/\/worldpressfreedomcanada.ca\/fr\/wp-json\/wp\/v2\/media?parent=18057"}],"wp:term":[{"taxonomy":"category","embeddable":true,"href":"https:\/\/worldpressfreedomcanada.ca\/fr\/wp-json\/wp\/v2\/categories?post=18057"},{"taxonomy":"post_tag","embeddable":true,"href":"https:\/\/worldpressfreedomcanada.ca\/fr\/wp-json\/wp\/v2\/tags?post=18057"}],"curies":[{"name":"wp","href":"https:\/\/api.w.org\/{rel}","templated":true}]}}