{"id":18493,"date":"2024-05-02T07:55:00","date_gmt":"2024-05-02T11:55:00","guid":{"rendered":"https:\/\/worldpressfreedomcanada.ca\/?p=18493"},"modified":"2025-02-21T23:00:08","modified_gmt":"2025-02-21T23:00:08","slug":"le-prix-annuel-de-la-liberte-de-la-presse2024","status":"publish","type":"post","link":"https:\/\/worldpressfreedomcanada.ca\/fr\/le-prix-annuel-de-la-liberte-de-la-presse2024\/","title":{"rendered":"Le Prix annuel de la Libert\u00e9 de la presse est remis \u00e0 Melissa Martin pour des reportages captivants r\u00e9alis\u00e9s sous des raids a\u00e9riens et des bombardements en sol ukrainien"},"content":{"rendered":"<h3>Robyn Doolittle, du <em>Globe and Mail<\/em>, re\u00e7oit le Prix pour l\u2019ensemble d\u2019une carri\u00e8re, tandis que le caricaturiste canadien, Bruce MacKinnon, remporte le premier prix au Concours international de dessin \u00e9ditorial.<\/h3>\n<p>Le 2\u00a0mai\u00a02024 (OTTAWA)\u2014Libert\u00e9 de la presse Canada est heureux d\u2019annoncer que la journaliste de Winnipeg, <strong>Melissa Martin<\/strong>, se voit d\u00e9cerner le Prix de la Libert\u00e9 de la presse\u00a02024, tandis que <strong>Robyn Doolittle<\/strong>, du <em>Globe and Mail<\/em>, re\u00e7oit le Prix pour l\u2019ensemble de sa carri\u00e8re.<\/p>\n<p>En\u00a02023, Mme Martin quittait le <em>Winnipeg Free Press<\/em> pour passer une ann\u00e9e en Ukraine et t\u00e9moigner des effets de la guerre sur les civils. Les raids a\u00e9riens et les bombardements n\u2019ont pas emp\u00each\u00e9 Melissa Martin de publier, sur sa plateforme Substack, des <a href=\"vivid%20and%20compelling%20dispatches\">reportages aussi vivants que captivants<\/a> sur la r\u00e9silience d\u2019une population livr\u00e9e \u00e0 la peur et au deuil.<\/p>\n<p>Malgr\u00e9 le danger qui la guettait constamment, Mme Martin a publi\u00e9 des articles factuels et saisissants sur la situation d\u00e9sesp\u00e9r\u00e9e de l\u2019Ukraine dans le sillage de la guerre, un sujet qui a fait l\u2019objet de tant de d\u00e9sinformation en ligne.<\/p>\n<p>Depuis de nombreuses ann\u00e9es, Robyn Doolittle est l&rsquo;une des journalistes d&rsquo;investigation les plus tenaces et les plus influentes du Canada et travaille au <em>Globe and Mail<\/em>, apr\u00e8s un passage au <em>Toronto Star<\/em>. En 2022-2023, elle s\u2019est associ\u00e9e \u00e0 Tom Cardoso et \u00e0 d\u2019autres journalistes du <em>Globe<\/em> dans le cadre du projet \u00ab\u00a0Secret Canada\u00a0\u00bb. S\u2019en est suivi une s\u00e9rie d\u2019articles, \u00ab\u00a0Unfounded\u00a0\u00bb (non fond\u00e9), dans lesquels elle l\u00e8ve le voile sur la fa\u00e7on dont la police traite les plaintes d\u2019agressions sexuelles. Dans une autre s\u00e9rie, \u00ab\u00a0Power Gap\u00a0\u00bb (in\u00e9galit\u00e9 de pouvoirs), elle met \u00e0 jour les in\u00e9galit\u00e9s entre les sexes dans le monde du travail.<\/p>\n<p>Pour choisir les laur\u00e9ats des diff\u00e9rents prix \u2013 le Prix annuel de la Libert\u00e9 de la presse; le Prix pour l\u2019ensemble d\u2019une carri\u00e8re en l&rsquo;honneur de Spencer Moore, cofondateur de Libert\u00e9 de la presse Canada; et notre nouveau Prix d\u2019excellence pour les \u00e9tudiants en journalisme \u2013 les membres du jury se sont pench\u00e9s sur des candidatures provenant des quatre coins du pays.<\/p>\n<p>\u00ab\u00a0Toutes nos f\u00e9licitations aux laur\u00e9ats de cette ann\u00e9e. Nous sommes fiers de r\u00e9compenser des journalistes, y compris des \u00e9tudiants et caricaturistes, qui travaillent sans rel\u00e2che sur des sujets importants, et ce, en d\u00e9pit de l\u2019omerta et des menaces qui p\u00e8sent sur leur s\u00e9curit\u00e9\u00a0\u00bb, a d\u00e9clar\u00e9 la pr\u00e9sidente de Libert\u00e9 de la presse Canada, Heather Bakken.<\/p>\n<p>\u00ab\u00a0Selon le <em>Classement mondial de la libert\u00e9 de la presse<\/em> produit par Reporters sans fronti\u00e8res, les conditions d\u2019exercice du journalisme sont mauvaises dans 7\u00a0pays sur\u00a010, et l\u2019industrie du simulacre menace le journalisme, a d\u00e9clar\u00e9 Mme Bakken. Dans nos d\u00e9mocraties occidentales, de nombreux organes de presse ind\u00e9pendants luttent pour survivre avec des budgets r\u00e9duits et moins de journalistes. De plus, l\u2019IA bombarde les m\u00e9dias sociaux de campagnes qui saturent l\u2019\u00e9cosyst\u00e8me de l\u2019information de nouvelles erron\u00e9es, de d\u00e9sinformation et de vid\u00e9os profond\u00e9ment fausses visant \u00e0 influencer l\u2019\u00e9lectorat. \u00c0 l\u2019heure actuelle, la libert\u00e9 de la presse est donc plus importante que jamais.\u00a0\u00bb<\/p>\n<h2>Certificats de m\u00e9rite attribu\u00e9s<\/h2>\n<p>Outre les grands prix, Libert\u00e9 de la presse Canada a octroy\u00e9 trois certificats de m\u00e9rite.<\/p>\n<p><strong>Sara Mojtehedzadeh<\/strong>, du <em>Toronto Star<\/em>, est r\u00e9compens\u00e9e pour une s\u00e9rie d\u2019articles m\u00e9ticuleux, <a href=\"https:\/\/www.thestar.com\/interactives\/this-seemingly-ordinary-mom-ran-an-industrial-labour-trafficking-ring-an-inside-look-into-toronto\/article_f48b2894-6306-11ee-88c3-e70a67159f1d.html\">Worked Forced<\/a> (travaux forc\u00e9s), dans lesquels elle montre que l\u2019\u00e9conomie de l\u2019Ontario repose sur l\u2019exploitation de travailleurs \u00e9trangers, parfois victimes d\u2019un trafic ill\u00e9gal. <strong>Fr\u00e9d\u00e9rik-Xavier Duhamel<\/strong>, reporter du <em>Globe and Mail<\/em> \u00e0 Montr\u00e9al, est \u00e9galement r\u00e9compens\u00e9 pour ses reportages sur le <a href=\"https:\/\/www.theglobeandmail.com\/canada\/article-more-than-200-quebec-prison-inmates-freed-by-mistake-since-2015\/\">syst\u00e8me carc\u00e9ral du Qu\u00e9bec<\/a>, notamment un article s\u2019appuyant sur des documents officiels que les autorit\u00e9s lui ont demand\u00e9, en vain, d\u2019ignorer.<\/p>\n<p>Libert\u00e9 de la presse Canada a \u00e9galement attribu\u00e9 un certificat de m\u00e9rite au journalisme communautaire, notamment \u00e0 <strong>Keith Corcoran<\/strong>, du <em>LighthouseNOW Progress Bulletin<\/em>, l\u2019hebdomadaire de Bridgewater, en Nouvelle-\u00c9cosse, qui s\u2019est battu avec acharnement devant les tribunaux n\u00e9o-\u00e9cossais pour obtenir l\u2019autorisation de <a href=\"https:\/\/decisions.courts.ns.ca\/nsc\/nspc\/en\/item\/522272\/index.do?fbclid=IwAR3pXgl6uBoLcSLjcx1-hj6zNWRuKZ1-388TS0X17te6Aeyv7ImU_Pd_T5Y_aem_AZBRb7T-4ohJqol2xnXjHsi-5Nv6vyrNcmd9sp4aAu0_wk3AKsWqp6KvN4C4Ix85UfM\">consulter des dossiers li\u00e9s \u00e0 des mandats de perquisition<\/a>.<\/p>\n<h2>Prix d\u2019excellence pour les \u00e9tudiants en journalisme<\/h2>\n<p>Le <em>Prix d\u2019excellence pour les \u00e9tudiants en journalisme<\/em>, remis pour la premi\u00e8re fois cette ann\u00e9e, a \u00e9t\u00e9 d\u00e9cern\u00e9 \u00e0 <strong>Charles S\u00e9guin<\/strong> et \u00e0 <strong>Naomie Duckett-Zamor<\/strong>, du journal \u00e9tudiant de l\u2019Universit\u00e9 du Qu\u00e9bec \u00e0 Montr\u00e9al, pour leurs <a href=\"https:\/\/montrealcampus.ca\/2023\/12\/01\/outil-democratique-ou-machine-a-greve\/\">article<\/a><u>s<\/u> sur le caract\u00e8re antid\u00e9mocratique des associations \u00e9tudiantes. Les deux journalistes ont poursuivi leur travail malgr\u00e9 les menaces pesant sur eux et le vol pur et simple des exemplaires du journal \u00e9tudiant visant \u00e0 faire dispara\u00eetre leurs articles.<\/p>\n<p>Des certificats de m\u00e9rite pour les r\u00e9alisations des \u00e9tudiants sont \u00e9galement d\u00e9cern\u00e9s \u00e0 <strong>Faith Greco<\/strong> pour un reportage d&rsquo;investigation sur les all\u00e9gations de bizutage au sein des organisations de lettres grecques de l&rsquo;universit\u00e9 de Carleton, et \u00e0 <strong>Evan Robins<\/strong> pour avoir couvert l&rsquo;association \u00e9tudiante de Trent, en faisant constamment des reportages malgr\u00e9 l&rsquo;opposition et le harc\u00e8lement des directeurs et des cadres de l&rsquo;institution en question.<\/p>\n<h2>Mention sp\u00e9ciale au Globe and Mail<\/h2>\n<p>Libert\u00e9 de la presse Canada accorde \u00e9galement une mention sp\u00e9ciale au <em>Globe and Mail<\/em> pour <a href=\"https:\/\/www.secretcanada.com\/\">Secret Canada<\/a>. Ce projet, qui s\u2019est \u00e9tendu sur plusieurs ann\u00e9es, a mis en \u00e9vidence les dysfonctionnements des syst\u00e8mes d\u2019acc\u00e8s \u00e0 l\u2019information au Canada, en plus de donner lieu \u00e0 la cr\u00e9ation d\u2019un site Web aidant les journalistes et d\u2019autres citoyens \u00e0 avoir acc\u00e8s \u00e0 l\u2019information du gouvernement.<\/p>\n<p>Pour que la presse soit libre et ind\u00e9pendante, elle doit pouvoir acc\u00e9der efficacement et rapidement \u00e0 l\u2019information. Les journalistes peuvent ainsi informer les citoyens et demander des comptes aux gouvernements. Libert\u00e9 de la presse Canada exhorte le gouvernement lib\u00e9ral \u00e0 r\u00e9gler les probl\u00e8mes flagrants qui minent son syst\u00e8me d\u2019acc\u00e8s \u00e0 l\u2019information, comme il l\u2019avait promis lors de son arriv\u00e9e au pouvoir, en\u00a02015.<\/p>\n<h2>Le caricaturiste canadien, Bruce Mackinnon, gagne le Concours international de dessin \u00e9ditorial<\/h2>\n<p>Le caricaturiste canadien, <strong>Bruce MacKinnon<\/strong>, remporte le Concours international de dessin \u00e9ditorial, dont le th\u00e8me \u00e9tait \u00ab\u00a0L\u2019intelligence artificielle\u00a0: oui ou non?\u00a0\u00bb.<\/p>\n<p>Le Br\u00e9silien, <strong>Dalcio Machado<\/strong>, se classe en deuxi\u00e8me position, et le Serbe, <strong>Jugoslav Vlahovic<\/strong>, en troisi\u00e8me.<\/p>\n<p>Situ\u00e9 \u00e0 Ottawa, Libert\u00e9 de la presse Canada, est un organisme b\u00e9n\u00e9vole qui d\u00e9fend la libert\u00e9 de la presse au pays et \u00e0 l\u2019\u00e9tranger. Les prix seront remis aux laur\u00e9ats \u00e0 l\u2019occasion de notre d\u00e9jeuner-causerie annuel, qui aura lieu le\u00a02\u00a0mai prochain au Centre national des arts, \u00e0 Ottawa. Margaret Sullivan, chroniqueuse au <em>Guardian US<\/em>, prendra la parole \u00e0 titre de conf\u00e9renci\u00e8re principale. Le d\u00e9jeuner-causerie se d\u00e9roulera sous le th\u00e8me \u00ab\u00a0libert\u00e9 de la presse, \u00e9lections justes et d\u00e9mocratie\u00a0\u00bb, afin de souligner la Journ\u00e9e mondiale de la libert\u00e9 de la presse des Nations Unies.<\/p>\n","protected":false},"excerpt":{"rendered":"<p>Robyn Doolittle, du Globe and Mail, re\u00e7oit le Prix pour l\u2019ensemble d\u2019une carri\u00e8re, tandis que le caricaturiste canadien, Bruce MacKinnon, remporte le premier prix au Concours international de dessin \u00e9ditorial. Le 2\u00a0mai\u00a02024 (OTTAWA)\u2014Libert\u00e9 de la presse Canada est heureux d\u2019annoncer que la journaliste de Winnipeg, Melissa Martin, se voit d\u00e9cerner le Prix de la Libert\u00e9 [&hellip;]<\/p>\n","protected":false},"author":7,"featured_media":0,"comment_status":"closed","ping_status":"closed","sticky":false,"template":"","format":"standard","meta":{"_acf_changed":false,"_price":"","_stock":"","_tribe_ticket_header":"","_tribe_default_ticket_provider":"","_tribe_ticket_capacity":"0","_ticket_start_date":"","_ticket_end_date":"","_tribe_ticket_show_description":"","_tribe_ticket_show_not_going":false,"_tribe_ticket_use_global_stock":"","_tribe_ticket_global_stock_level":"","_global_stock_mode":"","_global_stock_cap":"","_tribe_rsvp_for_event":"","_tribe_ticket_going_count":"","_tribe_ticket_not_going_count":"","_tribe_tickets_list":"[]","_tribe_ticket_has_attendee_info_fields":false,"footnotes":""},"categories":[5],"tags":[],"class_list":["post-18493","post","type-post","status-publish","format-standard","hentry","category-nouvelles"],"acf":[],"yoast_head":"<!-- This site is optimized with the Yoast SEO plugin v27.5 - https:\/\/yoast.com\/product\/yoast-seo-wordpress\/ -->\n<title>Le Prix annuel de la Libert\u00e9 de la presse est remis \u00e0 Melissa Martin pour des reportages captivants r\u00e9alis\u00e9s sous des raids a\u00e9riens et des bombardements en sol ukrainien - World Press Freedom Canada<\/title>\n<meta name=\"robots\" content=\"index, follow, max-snippet:-1, max-image-preview:large, max-video-preview:-1\" \/>\n<link rel=\"canonical\" href=\"https:\/\/worldpressfreedomcanada.ca\/fr\/le-prix-annuel-de-la-liberte-de-la-presse2024\/\" \/>\n<meta property=\"og:locale\" content=\"fr_FR\" \/>\n<meta property=\"og:type\" content=\"article\" \/>\n<meta property=\"og:title\" content=\"Le Prix annuel de la Libert\u00e9 de la presse est remis \u00e0 Melissa Martin pour des reportages captivants r\u00e9alis\u00e9s sous des raids a\u00e9riens et des bombardements en sol ukrainien - World Press Freedom Canada\" \/>\n<meta property=\"og:description\" content=\"Robyn Doolittle, du Globe and Mail, re\u00e7oit le Prix pour l\u2019ensemble d\u2019une carri\u00e8re, tandis que le caricaturiste canadien, Bruce MacKinnon, remporte le premier prix au Concours international de dessin \u00e9ditorial. Le 2\u00a0mai\u00a02024 (OTTAWA)\u2014Libert\u00e9 de la presse Canada est heureux d\u2019annoncer que la journaliste de Winnipeg, Melissa Martin, se voit d\u00e9cerner le Prix de la Libert\u00e9 [&hellip;]\" \/>\n<meta property=\"og:url\" content=\"https:\/\/worldpressfreedomcanada.ca\/fr\/le-prix-annuel-de-la-liberte-de-la-presse2024\/\" \/>\n<meta property=\"og:site_name\" content=\"World Press Freedom Canada\" \/>\n<meta property=\"article:published_time\" content=\"2024-05-02T11:55:00+00:00\" \/>\n<meta property=\"article:modified_time\" content=\"2025-02-21T23:00:08+00:00\" \/>\n<meta name=\"author\" content=\"bea.vong\" \/>\n<meta name=\"twitter:card\" content=\"summary_large_image\" \/>\n<meta name=\"twitter:label1\" content=\"\u00c9crit par\" \/>\n\t<meta name=\"twitter:data1\" content=\"bea.vong\" \/>\n\t<meta name=\"twitter:label2\" content=\"Dur\u00e9e de lecture estim\u00e9e\" \/>\n\t<meta name=\"twitter:data2\" content=\"6 minutes\" \/>\n<script type=\"application\/ld+json\" class=\"yoast-schema-graph\">{\"@context\":\"https:\\\/\\\/schema.org\",\"@graph\":[{\"@type\":\"Article\",\"@id\":\"https:\\\/\\\/worldpressfreedomcanada.ca\\\/fr\\\/le-prix-annuel-de-la-liberte-de-la-presse2024\\\/#article\",\"isPartOf\":{\"@id\":\"https:\\\/\\\/worldpressfreedomcanada.ca\\\/fr\\\/le-prix-annuel-de-la-liberte-de-la-presse2024\\\/\"},\"author\":{\"name\":\"bea.vong\",\"@id\":\"https:\\\/\\\/worldpressfreedomcanada.ca\\\/fr\\\/#\\\/schema\\\/person\\\/545dc10519f217c30af3d44f8ac5cd1e\"},\"headline\":\"Le Prix annuel de la Libert\u00e9 de la presse est remis \u00e0 Melissa Martin pour des reportages captivants r\u00e9alis\u00e9s sous des raids a\u00e9riens et des bombardements en sol ukrainien\",\"datePublished\":\"2024-05-02T11:55:00+00:00\",\"dateModified\":\"2025-02-21T23:00:08+00:00\",\"mainEntityOfPage\":{\"@id\":\"https:\\\/\\\/worldpressfreedomcanada.ca\\\/fr\\\/le-prix-annuel-de-la-liberte-de-la-presse2024\\\/\"},\"wordCount\":1223,\"articleSection\":[\"Nouvelles\"],\"inLanguage\":\"fr-FR\"},{\"@type\":\"WebPage\",\"@id\":\"https:\\\/\\\/worldpressfreedomcanada.ca\\\/fr\\\/le-prix-annuel-de-la-liberte-de-la-presse2024\\\/\",\"url\":\"https:\\\/\\\/worldpressfreedomcanada.ca\\\/fr\\\/le-prix-annuel-de-la-liberte-de-la-presse2024\\\/\",\"name\":\"Le Prix annuel de la Libert\u00e9 de la presse est remis \u00e0 Melissa Martin pour des reportages captivants r\u00e9alis\u00e9s sous des raids a\u00e9riens et des bombardements en sol ukrainien - World Press Freedom Canada\",\"isPartOf\":{\"@id\":\"https:\\\/\\\/worldpressfreedomcanada.ca\\\/fr\\\/#website\"},\"datePublished\":\"2024-05-02T11:55:00+00:00\",\"dateModified\":\"2025-02-21T23:00:08+00:00\",\"author\":{\"@id\":\"https:\\\/\\\/worldpressfreedomcanada.ca\\\/fr\\\/#\\\/schema\\\/person\\\/545dc10519f217c30af3d44f8ac5cd1e\"},\"breadcrumb\":{\"@id\":\"https:\\\/\\\/worldpressfreedomcanada.ca\\\/fr\\\/le-prix-annuel-de-la-liberte-de-la-presse2024\\\/#breadcrumb\"},\"inLanguage\":\"fr-FR\",\"potentialAction\":[{\"@type\":\"ReadAction\",\"target\":[\"https:\\\/\\\/worldpressfreedomcanada.ca\\\/fr\\\/le-prix-annuel-de-la-liberte-de-la-presse2024\\\/\"]}]},{\"@type\":\"BreadcrumbList\",\"@id\":\"https:\\\/\\\/worldpressfreedomcanada.ca\\\/fr\\\/le-prix-annuel-de-la-liberte-de-la-presse2024\\\/#breadcrumb\",\"itemListElement\":[{\"@type\":\"ListItem\",\"position\":1,\"name\":\"Home\",\"item\":\"https:\\\/\\\/worldpressfreedomcanada.ca\\\/fr\\\/\"},{\"@type\":\"ListItem\",\"position\":2,\"name\":\"Le Prix annuel de la Libert\u00e9 de la presse est remis \u00e0 Melissa Martin pour des reportages captivants r\u00e9alis\u00e9s sous des raids a\u00e9riens et des bombardements en sol ukrainien\"}]},{\"@type\":\"WebSite\",\"@id\":\"https:\\\/\\\/worldpressfreedomcanada.ca\\\/fr\\\/#website\",\"url\":\"https:\\\/\\\/worldpressfreedomcanada.ca\\\/fr\\\/\",\"name\":\"World Press Freedom Canada\",\"description\":\"Championing press freedom, defending democracy\",\"potentialAction\":[{\"@type\":\"SearchAction\",\"target\":{\"@type\":\"EntryPoint\",\"urlTemplate\":\"https:\\\/\\\/worldpressfreedomcanada.ca\\\/fr\\\/?s={search_term_string}\"},\"query-input\":{\"@type\":\"PropertyValueSpecification\",\"valueRequired\":true,\"valueName\":\"search_term_string\"}}],\"inLanguage\":\"fr-FR\"},{\"@type\":\"Person\",\"@id\":\"https:\\\/\\\/worldpressfreedomcanada.ca\\\/fr\\\/#\\\/schema\\\/person\\\/545dc10519f217c30af3d44f8ac5cd1e\",\"name\":\"bea.vong\",\"image\":{\"@type\":\"ImageObject\",\"inLanguage\":\"fr-FR\",\"@id\":\"https:\\\/\\\/secure.gravatar.com\\\/avatar\\\/d64fa1daaf6df7a9fb09eee285d859f5f9a49dd011761b796e6a48c3302dc1bb?s=96&d=mm&r=g\",\"url\":\"https:\\\/\\\/secure.gravatar.com\\\/avatar\\\/d64fa1daaf6df7a9fb09eee285d859f5f9a49dd011761b796e6a48c3302dc1bb?s=96&d=mm&r=g\",\"contentUrl\":\"https:\\\/\\\/secure.gravatar.com\\\/avatar\\\/d64fa1daaf6df7a9fb09eee285d859f5f9a49dd011761b796e6a48c3302dc1bb?s=96&d=mm&r=g\",\"caption\":\"bea.vong\"},\"url\":\"https:\\\/\\\/worldpressfreedomcanada.ca\\\/fr\\\/author\\\/bea-vong\\\/\"}]}<\/script>\n<!-- \/ Yoast SEO plugin. -->","yoast_head_json":{"title":"Le Prix annuel de la Libert\u00e9 de la presse est remis \u00e0 Melissa Martin pour des reportages captivants r\u00e9alis\u00e9s sous des raids a\u00e9riens et des bombardements en sol ukrainien - World Press Freedom Canada","robots":{"index":"index","follow":"follow","max-snippet":"max-snippet:-1","max-image-preview":"max-image-preview:large","max-video-preview":"max-video-preview:-1"},"canonical":"https:\/\/worldpressfreedomcanada.ca\/fr\/le-prix-annuel-de-la-liberte-de-la-presse2024\/","og_locale":"fr_FR","og_type":"article","og_title":"Le Prix annuel de la Libert\u00e9 de la presse est remis \u00e0 Melissa Martin pour des reportages captivants r\u00e9alis\u00e9s sous des raids a\u00e9riens et des bombardements en sol ukrainien - World Press Freedom Canada","og_description":"Robyn Doolittle, du Globe and Mail, re\u00e7oit le Prix pour l\u2019ensemble d\u2019une carri\u00e8re, tandis que le caricaturiste canadien, Bruce MacKinnon, remporte le premier prix au Concours international de dessin \u00e9ditorial. Le 2\u00a0mai\u00a02024 (OTTAWA)\u2014Libert\u00e9 de la presse Canada est heureux d\u2019annoncer que la journaliste de Winnipeg, Melissa Martin, se voit d\u00e9cerner le Prix de la Libert\u00e9 [&hellip;]","og_url":"https:\/\/worldpressfreedomcanada.ca\/fr\/le-prix-annuel-de-la-liberte-de-la-presse2024\/","og_site_name":"World Press Freedom Canada","article_published_time":"2024-05-02T11:55:00+00:00","article_modified_time":"2025-02-21T23:00:08+00:00","author":"bea.vong","twitter_card":"summary_large_image","twitter_misc":{"\u00c9crit par":"bea.vong","Dur\u00e9e de lecture estim\u00e9e":"6 minutes"},"schema":{"@context":"https:\/\/schema.org","@graph":[{"@type":"Article","@id":"https:\/\/worldpressfreedomcanada.ca\/fr\/le-prix-annuel-de-la-liberte-de-la-presse2024\/#article","isPartOf":{"@id":"https:\/\/worldpressfreedomcanada.ca\/fr\/le-prix-annuel-de-la-liberte-de-la-presse2024\/"},"author":{"name":"bea.vong","@id":"https:\/\/worldpressfreedomcanada.ca\/fr\/#\/schema\/person\/545dc10519f217c30af3d44f8ac5cd1e"},"headline":"Le Prix annuel de la Libert\u00e9 de la presse est remis \u00e0 Melissa Martin pour des reportages captivants r\u00e9alis\u00e9s sous des raids a\u00e9riens et des bombardements en sol ukrainien","datePublished":"2024-05-02T11:55:00+00:00","dateModified":"2025-02-21T23:00:08+00:00","mainEntityOfPage":{"@id":"https:\/\/worldpressfreedomcanada.ca\/fr\/le-prix-annuel-de-la-liberte-de-la-presse2024\/"},"wordCount":1223,"articleSection":["Nouvelles"],"inLanguage":"fr-FR"},{"@type":"WebPage","@id":"https:\/\/worldpressfreedomcanada.ca\/fr\/le-prix-annuel-de-la-liberte-de-la-presse2024\/","url":"https:\/\/worldpressfreedomcanada.ca\/fr\/le-prix-annuel-de-la-liberte-de-la-presse2024\/","name":"Le Prix annuel de la Libert\u00e9 de la presse est remis \u00e0 Melissa Martin pour des reportages captivants r\u00e9alis\u00e9s sous des raids a\u00e9riens et des bombardements en sol ukrainien - World Press Freedom Canada","isPartOf":{"@id":"https:\/\/worldpressfreedomcanada.ca\/fr\/#website"},"datePublished":"2024-05-02T11:55:00+00:00","dateModified":"2025-02-21T23:00:08+00:00","author":{"@id":"https:\/\/worldpressfreedomcanada.ca\/fr\/#\/schema\/person\/545dc10519f217c30af3d44f8ac5cd1e"},"breadcrumb":{"@id":"https:\/\/worldpressfreedomcanada.ca\/fr\/le-prix-annuel-de-la-liberte-de-la-presse2024\/#breadcrumb"},"inLanguage":"fr-FR","potentialAction":[{"@type":"ReadAction","target":["https:\/\/worldpressfreedomcanada.ca\/fr\/le-prix-annuel-de-la-liberte-de-la-presse2024\/"]}]},{"@type":"BreadcrumbList","@id":"https:\/\/worldpressfreedomcanada.ca\/fr\/le-prix-annuel-de-la-liberte-de-la-presse2024\/#breadcrumb","itemListElement":[{"@type":"ListItem","position":1,"name":"Home","item":"https:\/\/worldpressfreedomcanada.ca\/fr\/"},{"@type":"ListItem","position":2,"name":"Le Prix annuel de la Libert\u00e9 de la presse est remis \u00e0 Melissa Martin pour des reportages captivants r\u00e9alis\u00e9s sous des raids a\u00e9riens et des bombardements en sol ukrainien"}]},{"@type":"WebSite","@id":"https:\/\/worldpressfreedomcanada.ca\/fr\/#website","url":"https:\/\/worldpressfreedomcanada.ca\/fr\/","name":"World Press Freedom Canada","description":"Championing press freedom, defending democracy","potentialAction":[{"@type":"SearchAction","target":{"@type":"EntryPoint","urlTemplate":"https:\/\/worldpressfreedomcanada.ca\/fr\/?s={search_term_string}"},"query-input":{"@type":"PropertyValueSpecification","valueRequired":true,"valueName":"search_term_string"}}],"inLanguage":"fr-FR"},{"@type":"Person","@id":"https:\/\/worldpressfreedomcanada.ca\/fr\/#\/schema\/person\/545dc10519f217c30af3d44f8ac5cd1e","name":"bea.vong","image":{"@type":"ImageObject","inLanguage":"fr-FR","@id":"https:\/\/secure.gravatar.com\/avatar\/d64fa1daaf6df7a9fb09eee285d859f5f9a49dd011761b796e6a48c3302dc1bb?s=96&d=mm&r=g","url":"https:\/\/secure.gravatar.com\/avatar\/d64fa1daaf6df7a9fb09eee285d859f5f9a49dd011761b796e6a48c3302dc1bb?s=96&d=mm&r=g","contentUrl":"https:\/\/secure.gravatar.com\/avatar\/d64fa1daaf6df7a9fb09eee285d859f5f9a49dd011761b796e6a48c3302dc1bb?s=96&d=mm&r=g","caption":"bea.vong"},"url":"https:\/\/worldpressfreedomcanada.ca\/fr\/author\/bea-vong\/"}]}},"_links":{"self":[{"href":"https:\/\/worldpressfreedomcanada.ca\/fr\/wp-json\/wp\/v2\/posts\/18493","targetHints":{"allow":["GET"]}}],"collection":[{"href":"https:\/\/worldpressfreedomcanada.ca\/fr\/wp-json\/wp\/v2\/posts"}],"about":[{"href":"https:\/\/worldpressfreedomcanada.ca\/fr\/wp-json\/wp\/v2\/types\/post"}],"author":[{"embeddable":true,"href":"https:\/\/worldpressfreedomcanada.ca\/fr\/wp-json\/wp\/v2\/users\/7"}],"replies":[{"embeddable":true,"href":"https:\/\/worldpressfreedomcanada.ca\/fr\/wp-json\/wp\/v2\/comments?post=18493"}],"version-history":[{"count":1,"href":"https:\/\/worldpressfreedomcanada.ca\/fr\/wp-json\/wp\/v2\/posts\/18493\/revisions"}],"predecessor-version":[{"id":20090,"href":"https:\/\/worldpressfreedomcanada.ca\/fr\/wp-json\/wp\/v2\/posts\/18493\/revisions\/20090"}],"wp:attachment":[{"href":"https:\/\/worldpressfreedomcanada.ca\/fr\/wp-json\/wp\/v2\/media?parent=18493"}],"wp:term":[{"taxonomy":"category","embeddable":true,"href":"https:\/\/worldpressfreedomcanada.ca\/fr\/wp-json\/wp\/v2\/categories?post=18493"},{"taxonomy":"post_tag","embeddable":true,"href":"https:\/\/worldpressfreedomcanada.ca\/fr\/wp-json\/wp\/v2\/tags?post=18493"}],"curies":[{"name":"wp","href":"https:\/\/api.w.org\/{rel}","templated":true}]}}