{"id":20211,"date":"2025-02-26T03:43:19","date_gmt":"2025-02-26T03:43:19","guid":{"rendered":"https:\/\/worldpressfreedomcanada.ca\/?p=20211"},"modified":"2025-03-18T03:45:48","modified_gmt":"2025-03-18T03:45:48","slug":"declaration-sur-linterdiction-de-lassociated-press-par-la-maison-blanche","status":"publish","type":"post","link":"https:\/\/worldpressfreedomcanada.ca\/fr\/declaration-sur-linterdiction-de-lassociated-press-par-la-maison-blanche\/","title":{"rendered":"D\u00e9claration sur l&rsquo;interdiction de l&rsquo;Associated Press par la Maison Blanche"},"content":{"rendered":"\n<p>Libert\u00e9 de la presse Canada condamne la d\u00e9cision de la Maison Blanche de Trump d&rsquo;interdire l&rsquo;<a href=\"https:\/\/www.linkedin.com\/company\/associated-press\/\">Associated Press<\/a> et de confier \u00e0 l&rsquo;administration le soin de d\u00e9terminer quels m\u00e9dias seront autoris\u00e9s \u00e0 participer au pool de presse de la Maison Blanche.<\/p>\n\n\n\n<p>L&rsquo;extinction du r\u00f4le de l&rsquo;Association ind\u00e9pendante des correspondants de la Maison Blanche cr\u00e9e un environnement qui privil\u00e9gie la peur et la faveur plut\u00f4t que l&rsquo;objectivit\u00e9, la surveillance et la responsabilit\u00e9.<\/p>\n\n\n\n<p>Libert\u00e9 de la presse Canada condamne \u00e9galement les tentatives des partis politiques canadiens d&#8217;emp\u00eacher tous les m\u00e9dias de poser des questions lors de leurs conf\u00e9rences de presse, par exemple lorsque le candidat \u00e0 la direction du Parti lib\u00e9ral Mark Carney<a href=\"https:\/\/petermenzies.substack.com\/p\/carneys-crew-bans-select-journalists\"> a expuls\u00e9<\/a> un membre de la tribune de la presse de l&rsquo;Assembl\u00e9e l\u00e9gislative de l&rsquo;Alberta d&rsquo;un rassemblement lib\u00e9ral lors du lancement de sa campagne, ou lorsque le chef du Parti conservateur Pierre Poilievre n&rsquo;a accept\u00e9 de<a href=\"https:\/\/x.com\/NathanielDove_\/status\/1892599277106442390?t=mSARKU7xtExFiOTvRf5OKA&amp;s=19\"> r\u00e9pondre aux questions<\/a> que de m\u00e9dias pr\u00e9s\u00e9lectionn\u00e9s.<\/p>\n\n\n\n<p>La protection de la libert\u00e9 de la presse est essentielle pour garantir une soci\u00e9t\u00e9 d\u00e9mocratique o\u00f9 la transparence, la responsabilit\u00e9 et le libre \u00e9change d&rsquo;id\u00e9es peuvent s&rsquo;\u00e9panouir sans crainte ni influence indue de la part de ceux qui sont au pouvoir.<\/p>\n","protected":false},"excerpt":{"rendered":"<p>Libert\u00e9 de la presse Canada condamne la d\u00e9cision de la Maison Blanche de Trump d&rsquo;interdire l&rsquo;Associated Press et de confier \u00e0 l&rsquo;administration le soin de d\u00e9terminer quels m\u00e9dias seront autoris\u00e9s \u00e0 participer au pool de presse de la Maison Blanche. L&rsquo;extinction du r\u00f4le de l&rsquo;Association ind\u00e9pendante des correspondants de la Maison Blanche cr\u00e9e un environnement [&hellip;]<\/p>\n","protected":false},"author":7,"featured_media":0,"comment_status":"closed","ping_status":"closed","sticky":false,"template":"","format":"standard","meta":{"_acf_changed":false,"_price":"","_stock":"","_tribe_ticket_header":"","_tribe_default_ticket_provider":"","_tribe_ticket_capacity":"0","_ticket_start_date":"","_ticket_end_date":"","_tribe_ticket_show_description":"","_tribe_ticket_show_not_going":false,"_tribe_ticket_use_global_stock":"","_tribe_ticket_global_stock_level":"","_global_stock_mode":"","_global_stock_cap":"","_tribe_rsvp_for_event":"","_tribe_ticket_going_count":"","_tribe_ticket_not_going_count":"","_tribe_tickets_list":"[]","_tribe_ticket_has_attendee_info_fields":false,"footnotes":""},"categories":[35,36],"tags":[],"class_list":["post-20211","post","type-post","status-publish","format-standard","hentry","category-declaration","category-plaidoyer"],"acf":[],"yoast_head":"<!-- This site is optimized with the Yoast SEO plugin v27.5 - https:\/\/yoast.com\/product\/yoast-seo-wordpress\/ -->\n<title>D\u00e9claration sur l&#039;interdiction de l&#039;Associated Press par la Maison Blanche - World Press Freedom Canada<\/title>\n<meta name=\"robots\" content=\"index, follow, max-snippet:-1, max-image-preview:large, max-video-preview:-1\" \/>\n<link rel=\"canonical\" href=\"https:\/\/worldpressfreedomcanada.ca\/fr\/declaration-sur-linterdiction-de-lassociated-press-par-la-maison-blanche\/\" \/>\n<meta property=\"og:locale\" content=\"fr_FR\" \/>\n<meta property=\"og:type\" content=\"article\" \/>\n<meta property=\"og:title\" content=\"D\u00e9claration sur l&#039;interdiction de l&#039;Associated Press par la Maison Blanche - World Press Freedom Canada\" \/>\n<meta property=\"og:description\" content=\"Libert\u00e9 de la presse Canada condamne la d\u00e9cision de la Maison Blanche de Trump d&rsquo;interdire l&rsquo;Associated Press et de confier \u00e0 l&rsquo;administration le soin de d\u00e9terminer quels m\u00e9dias seront autoris\u00e9s \u00e0 participer au pool de presse de la Maison Blanche. L&rsquo;extinction du r\u00f4le de l&rsquo;Association ind\u00e9pendante des correspondants de la Maison Blanche cr\u00e9e un environnement [&hellip;]\" \/>\n<meta property=\"og:url\" content=\"https:\/\/worldpressfreedomcanada.ca\/fr\/declaration-sur-linterdiction-de-lassociated-press-par-la-maison-blanche\/\" \/>\n<meta property=\"og:site_name\" content=\"World Press Freedom Canada\" \/>\n<meta property=\"article:published_time\" content=\"2025-02-26T03:43:19+00:00\" \/>\n<meta property=\"article:modified_time\" content=\"2025-03-18T03:45:48+00:00\" \/>\n<meta name=\"author\" content=\"bea.vong\" \/>\n<meta name=\"twitter:card\" content=\"summary_large_image\" \/>\n<meta name=\"twitter:label1\" content=\"\u00c9crit par\" \/>\n\t<meta name=\"twitter:data1\" content=\"bea.vong\" \/>\n\t<meta name=\"twitter:label2\" content=\"Dur\u00e9e de lecture estim\u00e9e\" \/>\n\t<meta name=\"twitter:data2\" content=\"1 minute\" \/>\n<script type=\"application\/ld+json\" class=\"yoast-schema-graph\">{\"@context\":\"https:\\\/\\\/schema.org\",\"@graph\":[{\"@type\":\"Article\",\"@id\":\"https:\\\/\\\/worldpressfreedomcanada.ca\\\/fr\\\/declaration-sur-linterdiction-de-lassociated-press-par-la-maison-blanche\\\/#article\",\"isPartOf\":{\"@id\":\"https:\\\/\\\/worldpressfreedomcanada.ca\\\/fr\\\/declaration-sur-linterdiction-de-lassociated-press-par-la-maison-blanche\\\/\"},\"author\":{\"name\":\"bea.vong\",\"@id\":\"https:\\\/\\\/worldpressfreedomcanada.ca\\\/fr\\\/#\\\/schema\\\/person\\\/545dc10519f217c30af3d44f8ac5cd1e\"},\"headline\":\"D\u00e9claration sur l&rsquo;interdiction de l&rsquo;Associated Press par la Maison Blanche\",\"datePublished\":\"2025-02-26T03:43:19+00:00\",\"dateModified\":\"2025-03-18T03:45:48+00:00\",\"mainEntityOfPage\":{\"@id\":\"https:\\\/\\\/worldpressfreedomcanada.ca\\\/fr\\\/declaration-sur-linterdiction-de-lassociated-press-par-la-maison-blanche\\\/\"},\"wordCount\":227,\"articleSection\":[\"D\u00e9claration\",\"Plaidoyer\"],\"inLanguage\":\"fr-FR\"},{\"@type\":\"WebPage\",\"@id\":\"https:\\\/\\\/worldpressfreedomcanada.ca\\\/fr\\\/declaration-sur-linterdiction-de-lassociated-press-par-la-maison-blanche\\\/\",\"url\":\"https:\\\/\\\/worldpressfreedomcanada.ca\\\/fr\\\/declaration-sur-linterdiction-de-lassociated-press-par-la-maison-blanche\\\/\",\"name\":\"D\u00e9claration sur l'interdiction de l'Associated Press par la Maison Blanche - World Press Freedom Canada\",\"isPartOf\":{\"@id\":\"https:\\\/\\\/worldpressfreedomcanada.ca\\\/fr\\\/#website\"},\"datePublished\":\"2025-02-26T03:43:19+00:00\",\"dateModified\":\"2025-03-18T03:45:48+00:00\",\"author\":{\"@id\":\"https:\\\/\\\/worldpressfreedomcanada.ca\\\/fr\\\/#\\\/schema\\\/person\\\/545dc10519f217c30af3d44f8ac5cd1e\"},\"breadcrumb\":{\"@id\":\"https:\\\/\\\/worldpressfreedomcanada.ca\\\/fr\\\/declaration-sur-linterdiction-de-lassociated-press-par-la-maison-blanche\\\/#breadcrumb\"},\"inLanguage\":\"fr-FR\",\"potentialAction\":[{\"@type\":\"ReadAction\",\"target\":[\"https:\\\/\\\/worldpressfreedomcanada.ca\\\/fr\\\/declaration-sur-linterdiction-de-lassociated-press-par-la-maison-blanche\\\/\"]}]},{\"@type\":\"BreadcrumbList\",\"@id\":\"https:\\\/\\\/worldpressfreedomcanada.ca\\\/fr\\\/declaration-sur-linterdiction-de-lassociated-press-par-la-maison-blanche\\\/#breadcrumb\",\"itemListElement\":[{\"@type\":\"ListItem\",\"position\":1,\"name\":\"Home\",\"item\":\"https:\\\/\\\/worldpressfreedomcanada.ca\\\/fr\\\/\"},{\"@type\":\"ListItem\",\"position\":2,\"name\":\"D\u00e9claration sur l&#8217;interdiction de l&#8217;Associated Press par la Maison Blanche\"}]},{\"@type\":\"WebSite\",\"@id\":\"https:\\\/\\\/worldpressfreedomcanada.ca\\\/fr\\\/#website\",\"url\":\"https:\\\/\\\/worldpressfreedomcanada.ca\\\/fr\\\/\",\"name\":\"World Press Freedom Canada\",\"description\":\"Championing press freedom, defending democracy\",\"potentialAction\":[{\"@type\":\"SearchAction\",\"target\":{\"@type\":\"EntryPoint\",\"urlTemplate\":\"https:\\\/\\\/worldpressfreedomcanada.ca\\\/fr\\\/?s={search_term_string}\"},\"query-input\":{\"@type\":\"PropertyValueSpecification\",\"valueRequired\":true,\"valueName\":\"search_term_string\"}}],\"inLanguage\":\"fr-FR\"},{\"@type\":\"Person\",\"@id\":\"https:\\\/\\\/worldpressfreedomcanada.ca\\\/fr\\\/#\\\/schema\\\/person\\\/545dc10519f217c30af3d44f8ac5cd1e\",\"name\":\"bea.vong\",\"image\":{\"@type\":\"ImageObject\",\"inLanguage\":\"fr-FR\",\"@id\":\"https:\\\/\\\/secure.gravatar.com\\\/avatar\\\/d64fa1daaf6df7a9fb09eee285d859f5f9a49dd011761b796e6a48c3302dc1bb?s=96&d=mm&r=g\",\"url\":\"https:\\\/\\\/secure.gravatar.com\\\/avatar\\\/d64fa1daaf6df7a9fb09eee285d859f5f9a49dd011761b796e6a48c3302dc1bb?s=96&d=mm&r=g\",\"contentUrl\":\"https:\\\/\\\/secure.gravatar.com\\\/avatar\\\/d64fa1daaf6df7a9fb09eee285d859f5f9a49dd011761b796e6a48c3302dc1bb?s=96&d=mm&r=g\",\"caption\":\"bea.vong\"},\"url\":\"https:\\\/\\\/worldpressfreedomcanada.ca\\\/fr\\\/author\\\/bea-vong\\\/\"}]}<\/script>\n<!-- \/ Yoast SEO plugin. -->","yoast_head_json":{"title":"D\u00e9claration sur l'interdiction de l'Associated Press par la Maison Blanche - World Press Freedom Canada","robots":{"index":"index","follow":"follow","max-snippet":"max-snippet:-1","max-image-preview":"max-image-preview:large","max-video-preview":"max-video-preview:-1"},"canonical":"https:\/\/worldpressfreedomcanada.ca\/fr\/declaration-sur-linterdiction-de-lassociated-press-par-la-maison-blanche\/","og_locale":"fr_FR","og_type":"article","og_title":"D\u00e9claration sur l'interdiction de l'Associated Press par la Maison Blanche - World Press Freedom Canada","og_description":"Libert\u00e9 de la presse Canada condamne la d\u00e9cision de la Maison Blanche de Trump d&rsquo;interdire l&rsquo;Associated Press et de confier \u00e0 l&rsquo;administration le soin de d\u00e9terminer quels m\u00e9dias seront autoris\u00e9s \u00e0 participer au pool de presse de la Maison Blanche. L&rsquo;extinction du r\u00f4le de l&rsquo;Association ind\u00e9pendante des correspondants de la Maison Blanche cr\u00e9e un environnement [&hellip;]","og_url":"https:\/\/worldpressfreedomcanada.ca\/fr\/declaration-sur-linterdiction-de-lassociated-press-par-la-maison-blanche\/","og_site_name":"World Press Freedom Canada","article_published_time":"2025-02-26T03:43:19+00:00","article_modified_time":"2025-03-18T03:45:48+00:00","author":"bea.vong","twitter_card":"summary_large_image","twitter_misc":{"\u00c9crit par":"bea.vong","Dur\u00e9e de lecture estim\u00e9e":"1 minute"},"schema":{"@context":"https:\/\/schema.org","@graph":[{"@type":"Article","@id":"https:\/\/worldpressfreedomcanada.ca\/fr\/declaration-sur-linterdiction-de-lassociated-press-par-la-maison-blanche\/#article","isPartOf":{"@id":"https:\/\/worldpressfreedomcanada.ca\/fr\/declaration-sur-linterdiction-de-lassociated-press-par-la-maison-blanche\/"},"author":{"name":"bea.vong","@id":"https:\/\/worldpressfreedomcanada.ca\/fr\/#\/schema\/person\/545dc10519f217c30af3d44f8ac5cd1e"},"headline":"D\u00e9claration sur l&rsquo;interdiction de l&rsquo;Associated Press par la Maison Blanche","datePublished":"2025-02-26T03:43:19+00:00","dateModified":"2025-03-18T03:45:48+00:00","mainEntityOfPage":{"@id":"https:\/\/worldpressfreedomcanada.ca\/fr\/declaration-sur-linterdiction-de-lassociated-press-par-la-maison-blanche\/"},"wordCount":227,"articleSection":["D\u00e9claration","Plaidoyer"],"inLanguage":"fr-FR"},{"@type":"WebPage","@id":"https:\/\/worldpressfreedomcanada.ca\/fr\/declaration-sur-linterdiction-de-lassociated-press-par-la-maison-blanche\/","url":"https:\/\/worldpressfreedomcanada.ca\/fr\/declaration-sur-linterdiction-de-lassociated-press-par-la-maison-blanche\/","name":"D\u00e9claration sur l'interdiction de l'Associated Press par la Maison Blanche - World Press Freedom Canada","isPartOf":{"@id":"https:\/\/worldpressfreedomcanada.ca\/fr\/#website"},"datePublished":"2025-02-26T03:43:19+00:00","dateModified":"2025-03-18T03:45:48+00:00","author":{"@id":"https:\/\/worldpressfreedomcanada.ca\/fr\/#\/schema\/person\/545dc10519f217c30af3d44f8ac5cd1e"},"breadcrumb":{"@id":"https:\/\/worldpressfreedomcanada.ca\/fr\/declaration-sur-linterdiction-de-lassociated-press-par-la-maison-blanche\/#breadcrumb"},"inLanguage":"fr-FR","potentialAction":[{"@type":"ReadAction","target":["https:\/\/worldpressfreedomcanada.ca\/fr\/declaration-sur-linterdiction-de-lassociated-press-par-la-maison-blanche\/"]}]},{"@type":"BreadcrumbList","@id":"https:\/\/worldpressfreedomcanada.ca\/fr\/declaration-sur-linterdiction-de-lassociated-press-par-la-maison-blanche\/#breadcrumb","itemListElement":[{"@type":"ListItem","position":1,"name":"Home","item":"https:\/\/worldpressfreedomcanada.ca\/fr\/"},{"@type":"ListItem","position":2,"name":"D\u00e9claration sur l&#8217;interdiction de l&#8217;Associated Press par la Maison Blanche"}]},{"@type":"WebSite","@id":"https:\/\/worldpressfreedomcanada.ca\/fr\/#website","url":"https:\/\/worldpressfreedomcanada.ca\/fr\/","name":"World Press Freedom Canada","description":"Championing press freedom, defending democracy","potentialAction":[{"@type":"SearchAction","target":{"@type":"EntryPoint","urlTemplate":"https:\/\/worldpressfreedomcanada.ca\/fr\/?s={search_term_string}"},"query-input":{"@type":"PropertyValueSpecification","valueRequired":true,"valueName":"search_term_string"}}],"inLanguage":"fr-FR"},{"@type":"Person","@id":"https:\/\/worldpressfreedomcanada.ca\/fr\/#\/schema\/person\/545dc10519f217c30af3d44f8ac5cd1e","name":"bea.vong","image":{"@type":"ImageObject","inLanguage":"fr-FR","@id":"https:\/\/secure.gravatar.com\/avatar\/d64fa1daaf6df7a9fb09eee285d859f5f9a49dd011761b796e6a48c3302dc1bb?s=96&d=mm&r=g","url":"https:\/\/secure.gravatar.com\/avatar\/d64fa1daaf6df7a9fb09eee285d859f5f9a49dd011761b796e6a48c3302dc1bb?s=96&d=mm&r=g","contentUrl":"https:\/\/secure.gravatar.com\/avatar\/d64fa1daaf6df7a9fb09eee285d859f5f9a49dd011761b796e6a48c3302dc1bb?s=96&d=mm&r=g","caption":"bea.vong"},"url":"https:\/\/worldpressfreedomcanada.ca\/fr\/author\/bea-vong\/"}]}},"_links":{"self":[{"href":"https:\/\/worldpressfreedomcanada.ca\/fr\/wp-json\/wp\/v2\/posts\/20211","targetHints":{"allow":["GET"]}}],"collection":[{"href":"https:\/\/worldpressfreedomcanada.ca\/fr\/wp-json\/wp\/v2\/posts"}],"about":[{"href":"https:\/\/worldpressfreedomcanada.ca\/fr\/wp-json\/wp\/v2\/types\/post"}],"author":[{"embeddable":true,"href":"https:\/\/worldpressfreedomcanada.ca\/fr\/wp-json\/wp\/v2\/users\/7"}],"replies":[{"embeddable":true,"href":"https:\/\/worldpressfreedomcanada.ca\/fr\/wp-json\/wp\/v2\/comments?post=20211"}],"version-history":[{"count":1,"href":"https:\/\/worldpressfreedomcanada.ca\/fr\/wp-json\/wp\/v2\/posts\/20211\/revisions"}],"predecessor-version":[{"id":20212,"href":"https:\/\/worldpressfreedomcanada.ca\/fr\/wp-json\/wp\/v2\/posts\/20211\/revisions\/20212"}],"wp:attachment":[{"href":"https:\/\/worldpressfreedomcanada.ca\/fr\/wp-json\/wp\/v2\/media?parent=20211"}],"wp:term":[{"taxonomy":"category","embeddable":true,"href":"https:\/\/worldpressfreedomcanada.ca\/fr\/wp-json\/wp\/v2\/categories?post=20211"},{"taxonomy":"post_tag","embeddable":true,"href":"https:\/\/worldpressfreedomcanada.ca\/fr\/wp-json\/wp\/v2\/tags?post=20211"}],"curies":[{"name":"wp","href":"https:\/\/api.w.org\/{rel}","templated":true}]}}