{"id":20664,"date":"2025-06-12T01:26:29","date_gmt":"2025-06-12T01:26:29","guid":{"rendered":"https:\/\/worldpressfreedomcanada.ca\/?p=20664"},"modified":"2025-06-12T01:28:36","modified_gmt":"2025-06-12T01:28:36","slug":"liberez-jimmy-lai","status":"publish","type":"post","link":"https:\/\/worldpressfreedomcanada.ca\/fr\/liberez-jimmy-lai\/","title":{"rendered":"Lib\u00e9rez Jimmy Lai"},"content":{"rendered":"\n<p>Libert\u00e9 de la Presse Canada demande la lib\u00e9ration imm\u00e9diate et inconditionnelle de Jimmy Lai, le fondateur d&rsquo;Apple Daily, qui reste injustement d\u00e9tenu \u00e0 Hong Kong sous le pr\u00e9texte d&rsquo;accusations li\u00e9es \u00e0 la s\u00e9curit\u00e9 nationale. Son journal pro-d\u00e9mocratique a \u00e9t\u00e9 ferm\u00e9.<\/p>\n\n\n\n<p>L&rsquo;\u00e9diteur, \u00e2g\u00e9 de 77 ans, est d\u00e9tenu en l&rsquo;isolement depuis plus de quatre ans dans des conditions difficiles, malgr\u00e9 son \u00e2ge, son diab\u00e8te et la d\u00e9t\u00e9rioration de son \u00e9tat de sant\u00e9, un acte qui a \u00e9t\u00e9 largement condamn\u00e9 comme cruel et inhumain. Il est maintenant jug\u00e9 depuis plus de 17 mois en vertu de la loi sur la s\u00e9curit\u00e9 nationale et des lois sur la s\u00e9dition en vigueur \u00e0 Hong Kong. Il a plaid\u00e9 non coupable. S&rsquo;il est reconnu coupable, il risque une peine de prison \u00e0 vie.<\/p>\n\n\n\n<p>L&#8217;emprisonnement de Lai est un nouveau signe de l&rsquo;\u00e9rosion acc\u00e9l\u00e9r\u00e9e de la libert\u00e9 de la presse, de la soci\u00e9t\u00e9 civile et de l&rsquo;\u00c9tat de droit \u00e0 Hong Kong. Il ne s&rsquo;agit pas seulement d&rsquo;une attaque contre un homme, mais contre les droits fondamentaux et les valeurs d\u00e9mocratiques que le Canada d\u00e9fend, y compris la libert\u00e9 de la presse.&nbsp;<\/p>\n\n\n\n<p>Fait profond\u00e9ment troublant, l&rsquo;accusation utilise des publications de presse canadiennes appelant le gouvernement f\u00e9d\u00e9ral \u00e0 soutenir le mouvement pro-d\u00e9mocratique de Hong Kong en 2019, ainsi que la d\u00e9cision d&rsquo;Ottawa de suspendre ses accords d&rsquo;extradition avec Hong Kong, comme preuve de la criminalit\u00e9 pr\u00e9sum\u00e9e de l&rsquo;accus\u00e9. Il s&rsquo;agit d&rsquo;un affront direct aux valeurs et aux institutions d\u00e9mocratiques canadiennes.<\/p>\n\n\n\n<p>Il est question d&rsquo;accorder \u00e0 Lai <a href=\"https:\/\/www.theglobeandmail.com\/politics\/article-mps-set-to-vote-on-motion-seeking-honorary-citizenship-for-jailed-hong\/\">la citoyennet\u00e9 canadienne<\/a> \u00e0 titre honorifique. Un groupe parlementaire multipartite a soutenu cette demande. Irwin Cotler, ancien ministre de la justice et procureur g\u00e9n\u00e9ral du Canada et fondateur du Centre Raoul Wallenberg pour les droits de l&rsquo;homme, l&rsquo;a \u00e9galement soutenue.<\/p>\n\n\n\n<p>Lai a de la famille imm\u00e9diate en Ontario et ses entreprises au Canada emploient plus de 1 500 personnes. Le barreau de l\u2019Ontario lui a d\u00e9cern\u00e9 le prix 2025 des droits de l&rsquo;homme. PEN Canada lui a d\u00e9cern\u00e9 le prix Canada One Humanity.&nbsp;<\/p>\n\n\n\n<p>Il a fait preuve d&rsquo;un courage extraordinaire dans sa qu\u00eate de justice. Quelques jours avant la fermeture d&rsquo;Apple Daily par les autorit\u00e9s, M. Lai a \u00e9crit une lettre \u00e0 son personnel depuis la prison, leur rappelant que \u00ab la libert\u00e9 d&rsquo;expression est un travail dangereux \u00bb et qu&rsquo;\u00ab il est temps pour nous de nous tenir debout, la t\u00eate haute \u00bb.<\/p>\n\n\n\n<p>Le Canada ne doit pas rester silencieux alors qu&rsquo;un journaliste pacifique est puni pour avoir fait son travail. Nous demandons instamment au gouvernement canadien d&rsquo;intensifier ses efforts pour obtenir sa lib\u00e9ration et de r\u00e9affirmer publiquement son engagement \u00e0 d\u00e9fendre les journalistes et la libert\u00e9 de la presse dans le monde entier.<\/p>\n","protected":false},"excerpt":{"rendered":"<p>Libert\u00e9 de la Presse Canada demande la lib\u00e9ration imm\u00e9diate et inconditionnelle de Jimmy Lai, le fondateur d&rsquo;Apple Daily, qui reste injustement d\u00e9tenu \u00e0 Hong Kong sous le pr\u00e9texte d&rsquo;accusations li\u00e9es \u00e0 la s\u00e9curit\u00e9 nationale. Son journal pro-d\u00e9mocratique a \u00e9t\u00e9 ferm\u00e9. L&rsquo;\u00e9diteur, \u00e2g\u00e9 de 77 ans, est d\u00e9tenu en l&rsquo;isolement depuis plus de quatre ans dans [&hellip;]<\/p>\n","protected":false},"author":8,"featured_media":20662,"comment_status":"closed","ping_status":"closed","sticky":false,"template":"","format":"standard","meta":{"_acf_changed":false,"_price":"","_stock":"","_tribe_ticket_header":"","_tribe_default_ticket_provider":"","_tribe_ticket_capacity":"0","_ticket_start_date":"","_ticket_end_date":"","_tribe_ticket_show_description":"","_tribe_ticket_show_not_going":false,"_tribe_ticket_use_global_stock":"","_tribe_ticket_global_stock_level":"","_global_stock_mode":"","_global_stock_cap":"","_tribe_rsvp_for_event":"","_tribe_ticket_going_count":"","_tribe_ticket_not_going_count":"","_tribe_tickets_list":"[]","_tribe_ticket_has_attendee_info_fields":false,"footnotes":""},"categories":[21,24,36],"tags":[],"class_list":["post-20664","post","type-post","status-publish","format-standard","has-post-thumbnail","hentry","category-la-depeche","category-nouvelles-concernant-la-liberte-de-la-presse","category-plaidoyer"],"acf":[],"yoast_head":"<!-- This site is optimized with the Yoast SEO plugin v27.5 - https:\/\/yoast.com\/product\/yoast-seo-wordpress\/ -->\n<title>Lib\u00e9rez Jimmy Lai - World Press Freedom Canada<\/title>\n<meta name=\"robots\" content=\"index, follow, max-snippet:-1, max-image-preview:large, max-video-preview:-1\" \/>\n<link rel=\"canonical\" href=\"https:\/\/worldpressfreedomcanada.ca\/fr\/liberez-jimmy-lai\/\" \/>\n<meta property=\"og:locale\" content=\"fr_FR\" \/>\n<meta property=\"og:type\" content=\"article\" \/>\n<meta property=\"og:title\" content=\"Lib\u00e9rez Jimmy Lai - World Press Freedom Canada\" \/>\n<meta property=\"og:description\" content=\"Libert\u00e9 de la Presse Canada demande la lib\u00e9ration imm\u00e9diate et inconditionnelle de Jimmy Lai, le fondateur d&rsquo;Apple Daily, qui reste injustement d\u00e9tenu \u00e0 Hong Kong sous le pr\u00e9texte d&rsquo;accusations li\u00e9es \u00e0 la s\u00e9curit\u00e9 nationale. Son journal pro-d\u00e9mocratique a \u00e9t\u00e9 ferm\u00e9. L&rsquo;\u00e9diteur, \u00e2g\u00e9 de 77 ans, est d\u00e9tenu en l&rsquo;isolement depuis plus de quatre ans dans [&hellip;]\" \/>\n<meta property=\"og:url\" content=\"https:\/\/worldpressfreedomcanada.ca\/fr\/liberez-jimmy-lai\/\" \/>\n<meta property=\"og:site_name\" content=\"World Press Freedom Canada\" \/>\n<meta property=\"article:published_time\" content=\"2025-06-12T01:26:29+00:00\" \/>\n<meta property=\"article:modified_time\" content=\"2025-06-12T01:28:36+00:00\" \/>\n<meta property=\"og:image\" content=\"https:\/\/worldpressfreedomcanada.ca\/wp-content\/uploads\/2025\/06\/jimmy-lai-facebook-photo.jpg\" \/>\n\t<meta property=\"og:image:width\" content=\"2100\" \/>\n\t<meta property=\"og:image:height\" content=\"1500\" \/>\n\t<meta property=\"og:image:type\" content=\"image\/jpeg\" \/>\n<meta name=\"author\" content=\"World Press Freedom Canada\" \/>\n<meta name=\"twitter:card\" content=\"summary_large_image\" \/>\n<meta name=\"twitter:label1\" content=\"\u00c9crit par\" \/>\n\t<meta name=\"twitter:data1\" content=\"World Press Freedom Canada\" \/>\n\t<meta name=\"twitter:label2\" content=\"Dur\u00e9e de lecture estim\u00e9e\" \/>\n\t<meta name=\"twitter:data2\" content=\"3 minutes\" \/>\n<script type=\"application\/ld+json\" class=\"yoast-schema-graph\">{\"@context\":\"https:\\\/\\\/schema.org\",\"@graph\":[{\"@type\":\"Article\",\"@id\":\"https:\\\/\\\/worldpressfreedomcanada.ca\\\/fr\\\/liberez-jimmy-lai\\\/#article\",\"isPartOf\":{\"@id\":\"https:\\\/\\\/worldpressfreedomcanada.ca\\\/fr\\\/liberez-jimmy-lai\\\/\"},\"author\":{\"name\":\"World Press Freedom Canada\",\"@id\":\"https:\\\/\\\/worldpressfreedomcanada.ca\\\/fr\\\/#\\\/schema\\\/person\\\/1907c0afad865e42882b092f1f38e2bd\"},\"headline\":\"Lib\u00e9rez Jimmy Lai\",\"datePublished\":\"2025-06-12T01:26:29+00:00\",\"dateModified\":\"2025-06-12T01:28:36+00:00\",\"mainEntityOfPage\":{\"@id\":\"https:\\\/\\\/worldpressfreedomcanada.ca\\\/fr\\\/liberez-jimmy-lai\\\/\"},\"wordCount\":473,\"image\":{\"@id\":\"https:\\\/\\\/worldpressfreedomcanada.ca\\\/fr\\\/liberez-jimmy-lai\\\/#primaryimage\"},\"thumbnailUrl\":\"https:\\\/\\\/worldpressfreedomcanada.ca\\\/wp-content\\\/uploads\\\/2025\\\/06\\\/jimmy-lai-facebook-photo.jpg\",\"articleSection\":[\"La D\u00e9p\u00eache\",\"NOUVELLES CONCERNANT LA LIBERT\u00c9 DE LA PRESSE\",\"Plaidoyer\"],\"inLanguage\":\"fr-FR\"},{\"@type\":\"WebPage\",\"@id\":\"https:\\\/\\\/worldpressfreedomcanada.ca\\\/fr\\\/liberez-jimmy-lai\\\/\",\"url\":\"https:\\\/\\\/worldpressfreedomcanada.ca\\\/fr\\\/liberez-jimmy-lai\\\/\",\"name\":\"Lib\u00e9rez Jimmy Lai - World Press Freedom Canada\",\"isPartOf\":{\"@id\":\"https:\\\/\\\/worldpressfreedomcanada.ca\\\/fr\\\/#website\"},\"primaryImageOfPage\":{\"@id\":\"https:\\\/\\\/worldpressfreedomcanada.ca\\\/fr\\\/liberez-jimmy-lai\\\/#primaryimage\"},\"image\":{\"@id\":\"https:\\\/\\\/worldpressfreedomcanada.ca\\\/fr\\\/liberez-jimmy-lai\\\/#primaryimage\"},\"thumbnailUrl\":\"https:\\\/\\\/worldpressfreedomcanada.ca\\\/wp-content\\\/uploads\\\/2025\\\/06\\\/jimmy-lai-facebook-photo.jpg\",\"datePublished\":\"2025-06-12T01:26:29+00:00\",\"dateModified\":\"2025-06-12T01:28:36+00:00\",\"author\":{\"@id\":\"https:\\\/\\\/worldpressfreedomcanada.ca\\\/fr\\\/#\\\/schema\\\/person\\\/1907c0afad865e42882b092f1f38e2bd\"},\"breadcrumb\":{\"@id\":\"https:\\\/\\\/worldpressfreedomcanada.ca\\\/fr\\\/liberez-jimmy-lai\\\/#breadcrumb\"},\"inLanguage\":\"fr-FR\",\"potentialAction\":[{\"@type\":\"ReadAction\",\"target\":[\"https:\\\/\\\/worldpressfreedomcanada.ca\\\/fr\\\/liberez-jimmy-lai\\\/\"]}]},{\"@type\":\"ImageObject\",\"inLanguage\":\"fr-FR\",\"@id\":\"https:\\\/\\\/worldpressfreedomcanada.ca\\\/fr\\\/liberez-jimmy-lai\\\/#primaryimage\",\"url\":\"https:\\\/\\\/worldpressfreedomcanada.ca\\\/wp-content\\\/uploads\\\/2025\\\/06\\\/jimmy-lai-facebook-photo.jpg\",\"contentUrl\":\"https:\\\/\\\/worldpressfreedomcanada.ca\\\/wp-content\\\/uploads\\\/2025\\\/06\\\/jimmy-lai-facebook-photo.jpg\",\"width\":2100,\"height\":1500},{\"@type\":\"BreadcrumbList\",\"@id\":\"https:\\\/\\\/worldpressfreedomcanada.ca\\\/fr\\\/liberez-jimmy-lai\\\/#breadcrumb\",\"itemListElement\":[{\"@type\":\"ListItem\",\"position\":1,\"name\":\"Home\",\"item\":\"https:\\\/\\\/worldpressfreedomcanada.ca\\\/fr\\\/\"},{\"@type\":\"ListItem\",\"position\":2,\"name\":\"Lib\u00e9rez Jimmy Lai\"}]},{\"@type\":\"WebSite\",\"@id\":\"https:\\\/\\\/worldpressfreedomcanada.ca\\\/fr\\\/#website\",\"url\":\"https:\\\/\\\/worldpressfreedomcanada.ca\\\/fr\\\/\",\"name\":\"World Press Freedom Canada\",\"description\":\"Championing press freedom, defending democracy\",\"potentialAction\":[{\"@type\":\"SearchAction\",\"target\":{\"@type\":\"EntryPoint\",\"urlTemplate\":\"https:\\\/\\\/worldpressfreedomcanada.ca\\\/fr\\\/?s={search_term_string}\"},\"query-input\":{\"@type\":\"PropertyValueSpecification\",\"valueRequired\":true,\"valueName\":\"search_term_string\"}}],\"inLanguage\":\"fr-FR\"},{\"@type\":\"Person\",\"@id\":\"https:\\\/\\\/worldpressfreedomcanada.ca\\\/fr\\\/#\\\/schema\\\/person\\\/1907c0afad865e42882b092f1f38e2bd\",\"name\":\"World Press Freedom Canada\",\"image\":{\"@type\":\"ImageObject\",\"inLanguage\":\"fr-FR\",\"@id\":\"https:\\\/\\\/secure.gravatar.com\\\/avatar\\\/3acd63b41908ece2f12137641c2f91f2a70ebdd284407ace98159911c9b04604?s=96&d=mm&r=g\",\"url\":\"https:\\\/\\\/secure.gravatar.com\\\/avatar\\\/3acd63b41908ece2f12137641c2f91f2a70ebdd284407ace98159911c9b04604?s=96&d=mm&r=g\",\"contentUrl\":\"https:\\\/\\\/secure.gravatar.com\\\/avatar\\\/3acd63b41908ece2f12137641c2f91f2a70ebdd284407ace98159911c9b04604?s=96&d=mm&r=g\",\"caption\":\"World Press Freedom Canada\"},\"url\":\"https:\\\/\\\/worldpressfreedomcanada.ca\\\/fr\\\/author\\\/world-press-freedom-canada\\\/\"}]}<\/script>\n<!-- \/ Yoast SEO plugin. -->","yoast_head_json":{"title":"Lib\u00e9rez Jimmy Lai - World Press Freedom Canada","robots":{"index":"index","follow":"follow","max-snippet":"max-snippet:-1","max-image-preview":"max-image-preview:large","max-video-preview":"max-video-preview:-1"},"canonical":"https:\/\/worldpressfreedomcanada.ca\/fr\/liberez-jimmy-lai\/","og_locale":"fr_FR","og_type":"article","og_title":"Lib\u00e9rez Jimmy Lai - World Press Freedom Canada","og_description":"Libert\u00e9 de la Presse Canada demande la lib\u00e9ration imm\u00e9diate et inconditionnelle de Jimmy Lai, le fondateur d&rsquo;Apple Daily, qui reste injustement d\u00e9tenu \u00e0 Hong Kong sous le pr\u00e9texte d&rsquo;accusations li\u00e9es \u00e0 la s\u00e9curit\u00e9 nationale. Son journal pro-d\u00e9mocratique a \u00e9t\u00e9 ferm\u00e9. L&rsquo;\u00e9diteur, \u00e2g\u00e9 de 77 ans, est d\u00e9tenu en l&rsquo;isolement depuis plus de quatre ans dans [&hellip;]","og_url":"https:\/\/worldpressfreedomcanada.ca\/fr\/liberez-jimmy-lai\/","og_site_name":"World Press Freedom Canada","article_published_time":"2025-06-12T01:26:29+00:00","article_modified_time":"2025-06-12T01:28:36+00:00","og_image":[{"width":2100,"height":1500,"url":"https:\/\/worldpressfreedomcanada.ca\/wp-content\/uploads\/2025\/06\/jimmy-lai-facebook-photo.jpg","type":"image\/jpeg"}],"author":"World Press Freedom Canada","twitter_card":"summary_large_image","twitter_misc":{"\u00c9crit par":"World Press Freedom Canada","Dur\u00e9e de lecture estim\u00e9e":"3 minutes"},"schema":{"@context":"https:\/\/schema.org","@graph":[{"@type":"Article","@id":"https:\/\/worldpressfreedomcanada.ca\/fr\/liberez-jimmy-lai\/#article","isPartOf":{"@id":"https:\/\/worldpressfreedomcanada.ca\/fr\/liberez-jimmy-lai\/"},"author":{"name":"World Press Freedom Canada","@id":"https:\/\/worldpressfreedomcanada.ca\/fr\/#\/schema\/person\/1907c0afad865e42882b092f1f38e2bd"},"headline":"Lib\u00e9rez Jimmy Lai","datePublished":"2025-06-12T01:26:29+00:00","dateModified":"2025-06-12T01:28:36+00:00","mainEntityOfPage":{"@id":"https:\/\/worldpressfreedomcanada.ca\/fr\/liberez-jimmy-lai\/"},"wordCount":473,"image":{"@id":"https:\/\/worldpressfreedomcanada.ca\/fr\/liberez-jimmy-lai\/#primaryimage"},"thumbnailUrl":"https:\/\/worldpressfreedomcanada.ca\/wp-content\/uploads\/2025\/06\/jimmy-lai-facebook-photo.jpg","articleSection":["La D\u00e9p\u00eache","NOUVELLES CONCERNANT LA LIBERT\u00c9 DE LA PRESSE","Plaidoyer"],"inLanguage":"fr-FR"},{"@type":"WebPage","@id":"https:\/\/worldpressfreedomcanada.ca\/fr\/liberez-jimmy-lai\/","url":"https:\/\/worldpressfreedomcanada.ca\/fr\/liberez-jimmy-lai\/","name":"Lib\u00e9rez Jimmy Lai - World Press Freedom Canada","isPartOf":{"@id":"https:\/\/worldpressfreedomcanada.ca\/fr\/#website"},"primaryImageOfPage":{"@id":"https:\/\/worldpressfreedomcanada.ca\/fr\/liberez-jimmy-lai\/#primaryimage"},"image":{"@id":"https:\/\/worldpressfreedomcanada.ca\/fr\/liberez-jimmy-lai\/#primaryimage"},"thumbnailUrl":"https:\/\/worldpressfreedomcanada.ca\/wp-content\/uploads\/2025\/06\/jimmy-lai-facebook-photo.jpg","datePublished":"2025-06-12T01:26:29+00:00","dateModified":"2025-06-12T01:28:36+00:00","author":{"@id":"https:\/\/worldpressfreedomcanada.ca\/fr\/#\/schema\/person\/1907c0afad865e42882b092f1f38e2bd"},"breadcrumb":{"@id":"https:\/\/worldpressfreedomcanada.ca\/fr\/liberez-jimmy-lai\/#breadcrumb"},"inLanguage":"fr-FR","potentialAction":[{"@type":"ReadAction","target":["https:\/\/worldpressfreedomcanada.ca\/fr\/liberez-jimmy-lai\/"]}]},{"@type":"ImageObject","inLanguage":"fr-FR","@id":"https:\/\/worldpressfreedomcanada.ca\/fr\/liberez-jimmy-lai\/#primaryimage","url":"https:\/\/worldpressfreedomcanada.ca\/wp-content\/uploads\/2025\/06\/jimmy-lai-facebook-photo.jpg","contentUrl":"https:\/\/worldpressfreedomcanada.ca\/wp-content\/uploads\/2025\/06\/jimmy-lai-facebook-photo.jpg","width":2100,"height":1500},{"@type":"BreadcrumbList","@id":"https:\/\/worldpressfreedomcanada.ca\/fr\/liberez-jimmy-lai\/#breadcrumb","itemListElement":[{"@type":"ListItem","position":1,"name":"Home","item":"https:\/\/worldpressfreedomcanada.ca\/fr\/"},{"@type":"ListItem","position":2,"name":"Lib\u00e9rez Jimmy Lai"}]},{"@type":"WebSite","@id":"https:\/\/worldpressfreedomcanada.ca\/fr\/#website","url":"https:\/\/worldpressfreedomcanada.ca\/fr\/","name":"World Press Freedom Canada","description":"Championing press freedom, defending democracy","potentialAction":[{"@type":"SearchAction","target":{"@type":"EntryPoint","urlTemplate":"https:\/\/worldpressfreedomcanada.ca\/fr\/?s={search_term_string}"},"query-input":{"@type":"PropertyValueSpecification","valueRequired":true,"valueName":"search_term_string"}}],"inLanguage":"fr-FR"},{"@type":"Person","@id":"https:\/\/worldpressfreedomcanada.ca\/fr\/#\/schema\/person\/1907c0afad865e42882b092f1f38e2bd","name":"World Press Freedom Canada","image":{"@type":"ImageObject","inLanguage":"fr-FR","@id":"https:\/\/secure.gravatar.com\/avatar\/3acd63b41908ece2f12137641c2f91f2a70ebdd284407ace98159911c9b04604?s=96&d=mm&r=g","url":"https:\/\/secure.gravatar.com\/avatar\/3acd63b41908ece2f12137641c2f91f2a70ebdd284407ace98159911c9b04604?s=96&d=mm&r=g","contentUrl":"https:\/\/secure.gravatar.com\/avatar\/3acd63b41908ece2f12137641c2f91f2a70ebdd284407ace98159911c9b04604?s=96&d=mm&r=g","caption":"World Press Freedom Canada"},"url":"https:\/\/worldpressfreedomcanada.ca\/fr\/author\/world-press-freedom-canada\/"}]}},"_links":{"self":[{"href":"https:\/\/worldpressfreedomcanada.ca\/fr\/wp-json\/wp\/v2\/posts\/20664","targetHints":{"allow":["GET"]}}],"collection":[{"href":"https:\/\/worldpressfreedomcanada.ca\/fr\/wp-json\/wp\/v2\/posts"}],"about":[{"href":"https:\/\/worldpressfreedomcanada.ca\/fr\/wp-json\/wp\/v2\/types\/post"}],"author":[{"embeddable":true,"href":"https:\/\/worldpressfreedomcanada.ca\/fr\/wp-json\/wp\/v2\/users\/8"}],"replies":[{"embeddable":true,"href":"https:\/\/worldpressfreedomcanada.ca\/fr\/wp-json\/wp\/v2\/comments?post=20664"}],"version-history":[{"count":1,"href":"https:\/\/worldpressfreedomcanada.ca\/fr\/wp-json\/wp\/v2\/posts\/20664\/revisions"}],"predecessor-version":[{"id":20665,"href":"https:\/\/worldpressfreedomcanada.ca\/fr\/wp-json\/wp\/v2\/posts\/20664\/revisions\/20665"}],"wp:featuredmedia":[{"embeddable":true,"href":"https:\/\/worldpressfreedomcanada.ca\/fr\/wp-json\/wp\/v2\/media\/20662"}],"wp:attachment":[{"href":"https:\/\/worldpressfreedomcanada.ca\/fr\/wp-json\/wp\/v2\/media?parent=20664"}],"wp:term":[{"taxonomy":"category","embeddable":true,"href":"https:\/\/worldpressfreedomcanada.ca\/fr\/wp-json\/wp\/v2\/categories?post=20664"},{"taxonomy":"post_tag","embeddable":true,"href":"https:\/\/worldpressfreedomcanada.ca\/fr\/wp-json\/wp\/v2\/tags?post=20664"}],"curies":[{"name":"wp","href":"https:\/\/api.w.org\/{rel}","templated":true}]}}