{"id":20852,"date":"2025-08-21T15:17:53","date_gmt":"2025-08-21T15:17:53","guid":{"rendered":"https:\/\/worldpressfreedomcanada.ca\/?p=20852"},"modified":"2025-08-21T15:20:14","modified_gmt":"2025-08-21T15:20:14","slug":"liberte-de-la-presse-canada-appelle-le-gouvernement-canadien-a-collaborer-avec-les-partenaires-de-la-coalition-pour-la-liberte-des-medias-afin-dobtenir-la-liberation-de-jimmy-lai","status":"publish","type":"post","link":"https:\/\/worldpressfreedomcanada.ca\/fr\/liberte-de-la-presse-canada-appelle-le-gouvernement-canadien-a-collaborer-avec-les-partenaires-de-la-coalition-pour-la-liberte-des-medias-afin-dobtenir-la-liberation-de-jimmy-lai\/","title":{"rendered":"Libert\u00e9 de la presse Canada appelle le gouvernement canadien \u00e0 collaborer avec les partenaires de la Coalition pour la libert\u00e9 des m\u00e9dias afin d&rsquo;obtenir la lib\u00e9ration de Jimmy Lai"},"content":{"rendered":"\n<p>Libert\u00e9 de la presse Canada exhorte le gouvernement canadien \u00e0 prendre fermement position pour d\u00e9fendre l&rsquo;\u00e9diteur hongkongais Jimmy Lai et soutenir une plus grande libert\u00e9 de la presse en Chine.<\/p>\n\n\n\n<p>M. Lai, qui souffre d&rsquo;une maladie cardiaque, risque la prison \u00e0 vie en vertu de la loi chinoise sur la s\u00e9curit\u00e9 nationale pour avoir commis le \u00ab crime \u00bb d&rsquo;exercer son m\u00e9tier de journaliste dans son journal Apple Daily.<\/p>\n\n\n\n<p>Alors que le gouvernement lib\u00e9ral cherche \u00e0 renouer le dialogue avec P\u00e9kin, il est essentiel que ces discussions soient fond\u00e9es sur les valeurs canadiennes, notamment la libert\u00e9 de la presse et la libert\u00e9 d&rsquo;expression.<\/p>\n\n\n\n<p>La loi sur la s\u00e9curit\u00e9 nationale \u00ab criminalise la libert\u00e9 au moyen de crimes vagues et trop g\u00e9n\u00e9raux qui sont utilis\u00e9s comme une arme pour \u00e9craser la dissidence et d\u00e9truire les droits fondamentaux \u00bb, ont \u00e9crit l&rsquo;avocat canadien de M. Lai, Irwin Cotler, et l&rsquo;avocat international sp\u00e9cialis\u00e9 dans les droits de la personne, Brandon Silver, dans un r\u00e9cent \u00e9ditorial publi\u00e9 dans<a href=\"https:\/\/www.theglobeandmail.com\/opinion\/article-jimmy-lai-china-ccp-ottawa-press-freedom\/\"> The Globe and Mail<\/a>. Les auteurs sont respectivement fondateur et directeur des politiques du<a href=\"https:\/\/www.raoulwallenbergcentre.org\/fr\/\"> Centre Raoul Wallenberg pour les droits de la personne<\/a> \u00e0 Montr\u00e9al.<\/p>\n\n\n\n<p>Le Canada est membre ex\u00e9cutif de la<a href=\"https:\/\/mediafreedomcoalition.org\/\"> Media Freedom Coalition<\/a>, dont les membres s&rsquo;engagent \u00e0 promouvoir la libert\u00e9 de la presse dans leur pays et \u00e0 l&rsquo;\u00e9tranger.<\/p>\n\n\n\n<p>Nous exhortons le gouvernement lib\u00e9ral \u00e0 collaborer avec les partenaires de la Media Freedom Coalition afin d&rsquo;obtenir la lib\u00e9ration de M. Lai et d&rsquo;encourager le gouvernement chinois \u00e0 d\u00e9p\u00e9naliser le journalime.<\/p>\n","protected":false},"excerpt":{"rendered":"<p>Libert\u00e9 de la presse Canada exhorte le gouvernement canadien \u00e0 prendre fermement position pour d\u00e9fendre l&rsquo;\u00e9diteur hongkongais Jimmy Lai et soutenir une plus grande libert\u00e9 de la presse en Chine. M. Lai, qui souffre d&rsquo;une maladie cardiaque, risque la prison \u00e0 vie en vertu de la loi chinoise sur la s\u00e9curit\u00e9 nationale pour avoir commis [&hellip;]<\/p>\n","protected":false},"author":8,"featured_media":0,"comment_status":"closed","ping_status":"closed","sticky":false,"template":"","format":"standard","meta":{"_acf_changed":false,"_price":"","_stock":"","_tribe_ticket_header":"","_tribe_default_ticket_provider":"","_tribe_ticket_capacity":"0","_ticket_start_date":"","_ticket_end_date":"","_tribe_ticket_show_description":"","_tribe_ticket_show_not_going":false,"_tribe_ticket_use_global_stock":"","_tribe_ticket_global_stock_level":"","_global_stock_mode":"","_global_stock_cap":"","_tribe_rsvp_for_event":"","_tribe_ticket_going_count":"","_tribe_ticket_not_going_count":"","_tribe_tickets_list":"[]","_tribe_ticket_has_attendee_info_fields":false,"footnotes":""},"categories":[35,36],"tags":[],"class_list":["post-20852","post","type-post","status-publish","format-standard","hentry","category-declaration","category-plaidoyer"],"acf":[],"yoast_head":"<!-- This site is optimized with the Yoast SEO plugin v27.5 - https:\/\/yoast.com\/product\/yoast-seo-wordpress\/ -->\n<title>Libert\u00e9 de la presse Canada appelle le gouvernement canadien \u00e0 collaborer avec les partenaires de la Coalition pour la libert\u00e9 des m\u00e9dias afin d&#039;obtenir la lib\u00e9ration de Jimmy Lai - World Press Freedom Canada<\/title>\n<meta name=\"robots\" content=\"index, follow, max-snippet:-1, max-image-preview:large, max-video-preview:-1\" \/>\n<link rel=\"canonical\" href=\"https:\/\/worldpressfreedomcanada.ca\/fr\/liberte-de-la-presse-canada-appelle-le-gouvernement-canadien-a-collaborer-avec-les-partenaires-de-la-coalition-pour-la-liberte-des-medias-afin-dobtenir-la-liberation-de-jimmy-lai\/\" \/>\n<meta property=\"og:locale\" content=\"fr_FR\" \/>\n<meta property=\"og:type\" content=\"article\" \/>\n<meta property=\"og:title\" content=\"Libert\u00e9 de la presse Canada appelle le gouvernement canadien \u00e0 collaborer avec les partenaires de la Coalition pour la libert\u00e9 des m\u00e9dias afin d&#039;obtenir la lib\u00e9ration de Jimmy Lai - World Press Freedom Canada\" \/>\n<meta property=\"og:description\" content=\"Libert\u00e9 de la presse Canada exhorte le gouvernement canadien \u00e0 prendre fermement position pour d\u00e9fendre l&rsquo;\u00e9diteur hongkongais Jimmy Lai et soutenir une plus grande libert\u00e9 de la presse en Chine. M. Lai, qui souffre d&rsquo;une maladie cardiaque, risque la prison \u00e0 vie en vertu de la loi chinoise sur la s\u00e9curit\u00e9 nationale pour avoir commis [&hellip;]\" \/>\n<meta property=\"og:url\" content=\"https:\/\/worldpressfreedomcanada.ca\/fr\/liberte-de-la-presse-canada-appelle-le-gouvernement-canadien-a-collaborer-avec-les-partenaires-de-la-coalition-pour-la-liberte-des-medias-afin-dobtenir-la-liberation-de-jimmy-lai\/\" \/>\n<meta property=\"og:site_name\" content=\"World Press Freedom Canada\" \/>\n<meta property=\"article:published_time\" content=\"2025-08-21T15:17:53+00:00\" \/>\n<meta property=\"article:modified_time\" content=\"2025-08-21T15:20:14+00:00\" \/>\n<meta name=\"author\" content=\"World Press Freedom Canada\" \/>\n<meta name=\"twitter:card\" content=\"summary_large_image\" \/>\n<meta name=\"twitter:label1\" content=\"\u00c9crit par\" \/>\n\t<meta name=\"twitter:data1\" content=\"World Press Freedom Canada\" \/>\n\t<meta name=\"twitter:label2\" content=\"Dur\u00e9e de lecture estim\u00e9e\" \/>\n\t<meta name=\"twitter:data2\" content=\"2 minutes\" \/>\n<script type=\"application\/ld+json\" class=\"yoast-schema-graph\">{\"@context\":\"https:\\\/\\\/schema.org\",\"@graph\":[{\"@type\":\"Article\",\"@id\":\"https:\\\/\\\/worldpressfreedomcanada.ca\\\/fr\\\/liberte-de-la-presse-canada-appelle-le-gouvernement-canadien-a-collaborer-avec-les-partenaires-de-la-coalition-pour-la-liberte-des-medias-afin-dobtenir-la-liberation-de-jimmy-lai\\\/#article\",\"isPartOf\":{\"@id\":\"https:\\\/\\\/worldpressfreedomcanada.ca\\\/fr\\\/liberte-de-la-presse-canada-appelle-le-gouvernement-canadien-a-collaborer-avec-les-partenaires-de-la-coalition-pour-la-liberte-des-medias-afin-dobtenir-la-liberation-de-jimmy-lai\\\/\"},\"author\":{\"name\":\"World Press Freedom Canada\",\"@id\":\"https:\\\/\\\/worldpressfreedomcanada.ca\\\/fr\\\/#\\\/schema\\\/person\\\/1907c0afad865e42882b092f1f38e2bd\"},\"headline\":\"Libert\u00e9 de la presse Canada appelle le gouvernement canadien \u00e0 collaborer avec les partenaires de la Coalition pour la libert\u00e9 des m\u00e9dias afin d&rsquo;obtenir la lib\u00e9ration de Jimmy Lai\",\"datePublished\":\"2025-08-21T15:17:53+00:00\",\"dateModified\":\"2025-08-21T15:20:14+00:00\",\"mainEntityOfPage\":{\"@id\":\"https:\\\/\\\/worldpressfreedomcanada.ca\\\/fr\\\/liberte-de-la-presse-canada-appelle-le-gouvernement-canadien-a-collaborer-avec-les-partenaires-de-la-coalition-pour-la-liberte-des-medias-afin-dobtenir-la-liberation-de-jimmy-lai\\\/\"},\"wordCount\":286,\"articleSection\":[\"D\u00e9claration\",\"Plaidoyer\"],\"inLanguage\":\"fr-FR\"},{\"@type\":\"WebPage\",\"@id\":\"https:\\\/\\\/worldpressfreedomcanada.ca\\\/fr\\\/liberte-de-la-presse-canada-appelle-le-gouvernement-canadien-a-collaborer-avec-les-partenaires-de-la-coalition-pour-la-liberte-des-medias-afin-dobtenir-la-liberation-de-jimmy-lai\\\/\",\"url\":\"https:\\\/\\\/worldpressfreedomcanada.ca\\\/fr\\\/liberte-de-la-presse-canada-appelle-le-gouvernement-canadien-a-collaborer-avec-les-partenaires-de-la-coalition-pour-la-liberte-des-medias-afin-dobtenir-la-liberation-de-jimmy-lai\\\/\",\"name\":\"Libert\u00e9 de la presse Canada appelle le gouvernement canadien \u00e0 collaborer avec les partenaires de la Coalition pour la libert\u00e9 des m\u00e9dias afin d'obtenir la lib\u00e9ration de Jimmy Lai - World Press Freedom Canada\",\"isPartOf\":{\"@id\":\"https:\\\/\\\/worldpressfreedomcanada.ca\\\/fr\\\/#website\"},\"datePublished\":\"2025-08-21T15:17:53+00:00\",\"dateModified\":\"2025-08-21T15:20:14+00:00\",\"author\":{\"@id\":\"https:\\\/\\\/worldpressfreedomcanada.ca\\\/fr\\\/#\\\/schema\\\/person\\\/1907c0afad865e42882b092f1f38e2bd\"},\"breadcrumb\":{\"@id\":\"https:\\\/\\\/worldpressfreedomcanada.ca\\\/fr\\\/liberte-de-la-presse-canada-appelle-le-gouvernement-canadien-a-collaborer-avec-les-partenaires-de-la-coalition-pour-la-liberte-des-medias-afin-dobtenir-la-liberation-de-jimmy-lai\\\/#breadcrumb\"},\"inLanguage\":\"fr-FR\",\"potentialAction\":[{\"@type\":\"ReadAction\",\"target\":[\"https:\\\/\\\/worldpressfreedomcanada.ca\\\/fr\\\/liberte-de-la-presse-canada-appelle-le-gouvernement-canadien-a-collaborer-avec-les-partenaires-de-la-coalition-pour-la-liberte-des-medias-afin-dobtenir-la-liberation-de-jimmy-lai\\\/\"]}]},{\"@type\":\"BreadcrumbList\",\"@id\":\"https:\\\/\\\/worldpressfreedomcanada.ca\\\/fr\\\/liberte-de-la-presse-canada-appelle-le-gouvernement-canadien-a-collaborer-avec-les-partenaires-de-la-coalition-pour-la-liberte-des-medias-afin-dobtenir-la-liberation-de-jimmy-lai\\\/#breadcrumb\",\"itemListElement\":[{\"@type\":\"ListItem\",\"position\":1,\"name\":\"Home\",\"item\":\"https:\\\/\\\/worldpressfreedomcanada.ca\\\/fr\\\/\"},{\"@type\":\"ListItem\",\"position\":2,\"name\":\"Libert\u00e9 de la presse Canada appelle le gouvernement canadien \u00e0 collaborer avec les partenaires de la Coalition pour la libert\u00e9 des m\u00e9dias afin d&#8217;obtenir la lib\u00e9ration de Jimmy Lai\"}]},{\"@type\":\"WebSite\",\"@id\":\"https:\\\/\\\/worldpressfreedomcanada.ca\\\/fr\\\/#website\",\"url\":\"https:\\\/\\\/worldpressfreedomcanada.ca\\\/fr\\\/\",\"name\":\"World Press Freedom Canada\",\"description\":\"Championing press freedom, defending democracy\",\"potentialAction\":[{\"@type\":\"SearchAction\",\"target\":{\"@type\":\"EntryPoint\",\"urlTemplate\":\"https:\\\/\\\/worldpressfreedomcanada.ca\\\/fr\\\/?s={search_term_string}\"},\"query-input\":{\"@type\":\"PropertyValueSpecification\",\"valueRequired\":true,\"valueName\":\"search_term_string\"}}],\"inLanguage\":\"fr-FR\"},{\"@type\":\"Person\",\"@id\":\"https:\\\/\\\/worldpressfreedomcanada.ca\\\/fr\\\/#\\\/schema\\\/person\\\/1907c0afad865e42882b092f1f38e2bd\",\"name\":\"World Press Freedom Canada\",\"image\":{\"@type\":\"ImageObject\",\"inLanguage\":\"fr-FR\",\"@id\":\"https:\\\/\\\/secure.gravatar.com\\\/avatar\\\/3acd63b41908ece2f12137641c2f91f2a70ebdd284407ace98159911c9b04604?s=96&d=mm&r=g\",\"url\":\"https:\\\/\\\/secure.gravatar.com\\\/avatar\\\/3acd63b41908ece2f12137641c2f91f2a70ebdd284407ace98159911c9b04604?s=96&d=mm&r=g\",\"contentUrl\":\"https:\\\/\\\/secure.gravatar.com\\\/avatar\\\/3acd63b41908ece2f12137641c2f91f2a70ebdd284407ace98159911c9b04604?s=96&d=mm&r=g\",\"caption\":\"World Press Freedom Canada\"},\"url\":\"https:\\\/\\\/worldpressfreedomcanada.ca\\\/fr\\\/author\\\/world-press-freedom-canada\\\/\"}]}<\/script>\n<!-- \/ Yoast SEO plugin. -->","yoast_head_json":{"title":"Libert\u00e9 de la presse Canada appelle le gouvernement canadien \u00e0 collaborer avec les partenaires de la Coalition pour la libert\u00e9 des m\u00e9dias afin d'obtenir la lib\u00e9ration de Jimmy Lai - World Press Freedom Canada","robots":{"index":"index","follow":"follow","max-snippet":"max-snippet:-1","max-image-preview":"max-image-preview:large","max-video-preview":"max-video-preview:-1"},"canonical":"https:\/\/worldpressfreedomcanada.ca\/fr\/liberte-de-la-presse-canada-appelle-le-gouvernement-canadien-a-collaborer-avec-les-partenaires-de-la-coalition-pour-la-liberte-des-medias-afin-dobtenir-la-liberation-de-jimmy-lai\/","og_locale":"fr_FR","og_type":"article","og_title":"Libert\u00e9 de la presse Canada appelle le gouvernement canadien \u00e0 collaborer avec les partenaires de la Coalition pour la libert\u00e9 des m\u00e9dias afin d'obtenir la lib\u00e9ration de Jimmy Lai - World Press Freedom Canada","og_description":"Libert\u00e9 de la presse Canada exhorte le gouvernement canadien \u00e0 prendre fermement position pour d\u00e9fendre l&rsquo;\u00e9diteur hongkongais Jimmy Lai et soutenir une plus grande libert\u00e9 de la presse en Chine. M. Lai, qui souffre d&rsquo;une maladie cardiaque, risque la prison \u00e0 vie en vertu de la loi chinoise sur la s\u00e9curit\u00e9 nationale pour avoir commis [&hellip;]","og_url":"https:\/\/worldpressfreedomcanada.ca\/fr\/liberte-de-la-presse-canada-appelle-le-gouvernement-canadien-a-collaborer-avec-les-partenaires-de-la-coalition-pour-la-liberte-des-medias-afin-dobtenir-la-liberation-de-jimmy-lai\/","og_site_name":"World Press Freedom Canada","article_published_time":"2025-08-21T15:17:53+00:00","article_modified_time":"2025-08-21T15:20:14+00:00","author":"World Press Freedom Canada","twitter_card":"summary_large_image","twitter_misc":{"\u00c9crit par":"World Press Freedom Canada","Dur\u00e9e de lecture estim\u00e9e":"2 minutes"},"schema":{"@context":"https:\/\/schema.org","@graph":[{"@type":"Article","@id":"https:\/\/worldpressfreedomcanada.ca\/fr\/liberte-de-la-presse-canada-appelle-le-gouvernement-canadien-a-collaborer-avec-les-partenaires-de-la-coalition-pour-la-liberte-des-medias-afin-dobtenir-la-liberation-de-jimmy-lai\/#article","isPartOf":{"@id":"https:\/\/worldpressfreedomcanada.ca\/fr\/liberte-de-la-presse-canada-appelle-le-gouvernement-canadien-a-collaborer-avec-les-partenaires-de-la-coalition-pour-la-liberte-des-medias-afin-dobtenir-la-liberation-de-jimmy-lai\/"},"author":{"name":"World Press Freedom Canada","@id":"https:\/\/worldpressfreedomcanada.ca\/fr\/#\/schema\/person\/1907c0afad865e42882b092f1f38e2bd"},"headline":"Libert\u00e9 de la presse Canada appelle le gouvernement canadien \u00e0 collaborer avec les partenaires de la Coalition pour la libert\u00e9 des m\u00e9dias afin d&rsquo;obtenir la lib\u00e9ration de Jimmy Lai","datePublished":"2025-08-21T15:17:53+00:00","dateModified":"2025-08-21T15:20:14+00:00","mainEntityOfPage":{"@id":"https:\/\/worldpressfreedomcanada.ca\/fr\/liberte-de-la-presse-canada-appelle-le-gouvernement-canadien-a-collaborer-avec-les-partenaires-de-la-coalition-pour-la-liberte-des-medias-afin-dobtenir-la-liberation-de-jimmy-lai\/"},"wordCount":286,"articleSection":["D\u00e9claration","Plaidoyer"],"inLanguage":"fr-FR"},{"@type":"WebPage","@id":"https:\/\/worldpressfreedomcanada.ca\/fr\/liberte-de-la-presse-canada-appelle-le-gouvernement-canadien-a-collaborer-avec-les-partenaires-de-la-coalition-pour-la-liberte-des-medias-afin-dobtenir-la-liberation-de-jimmy-lai\/","url":"https:\/\/worldpressfreedomcanada.ca\/fr\/liberte-de-la-presse-canada-appelle-le-gouvernement-canadien-a-collaborer-avec-les-partenaires-de-la-coalition-pour-la-liberte-des-medias-afin-dobtenir-la-liberation-de-jimmy-lai\/","name":"Libert\u00e9 de la presse Canada appelle le gouvernement canadien \u00e0 collaborer avec les partenaires de la Coalition pour la libert\u00e9 des m\u00e9dias afin d'obtenir la lib\u00e9ration de Jimmy Lai - World Press Freedom Canada","isPartOf":{"@id":"https:\/\/worldpressfreedomcanada.ca\/fr\/#website"},"datePublished":"2025-08-21T15:17:53+00:00","dateModified":"2025-08-21T15:20:14+00:00","author":{"@id":"https:\/\/worldpressfreedomcanada.ca\/fr\/#\/schema\/person\/1907c0afad865e42882b092f1f38e2bd"},"breadcrumb":{"@id":"https:\/\/worldpressfreedomcanada.ca\/fr\/liberte-de-la-presse-canada-appelle-le-gouvernement-canadien-a-collaborer-avec-les-partenaires-de-la-coalition-pour-la-liberte-des-medias-afin-dobtenir-la-liberation-de-jimmy-lai\/#breadcrumb"},"inLanguage":"fr-FR","potentialAction":[{"@type":"ReadAction","target":["https:\/\/worldpressfreedomcanada.ca\/fr\/liberte-de-la-presse-canada-appelle-le-gouvernement-canadien-a-collaborer-avec-les-partenaires-de-la-coalition-pour-la-liberte-des-medias-afin-dobtenir-la-liberation-de-jimmy-lai\/"]}]},{"@type":"BreadcrumbList","@id":"https:\/\/worldpressfreedomcanada.ca\/fr\/liberte-de-la-presse-canada-appelle-le-gouvernement-canadien-a-collaborer-avec-les-partenaires-de-la-coalition-pour-la-liberte-des-medias-afin-dobtenir-la-liberation-de-jimmy-lai\/#breadcrumb","itemListElement":[{"@type":"ListItem","position":1,"name":"Home","item":"https:\/\/worldpressfreedomcanada.ca\/fr\/"},{"@type":"ListItem","position":2,"name":"Libert\u00e9 de la presse Canada appelle le gouvernement canadien \u00e0 collaborer avec les partenaires de la Coalition pour la libert\u00e9 des m\u00e9dias afin d&#8217;obtenir la lib\u00e9ration de Jimmy Lai"}]},{"@type":"WebSite","@id":"https:\/\/worldpressfreedomcanada.ca\/fr\/#website","url":"https:\/\/worldpressfreedomcanada.ca\/fr\/","name":"World Press Freedom Canada","description":"Championing press freedom, defending democracy","potentialAction":[{"@type":"SearchAction","target":{"@type":"EntryPoint","urlTemplate":"https:\/\/worldpressfreedomcanada.ca\/fr\/?s={search_term_string}"},"query-input":{"@type":"PropertyValueSpecification","valueRequired":true,"valueName":"search_term_string"}}],"inLanguage":"fr-FR"},{"@type":"Person","@id":"https:\/\/worldpressfreedomcanada.ca\/fr\/#\/schema\/person\/1907c0afad865e42882b092f1f38e2bd","name":"World Press Freedom Canada","image":{"@type":"ImageObject","inLanguage":"fr-FR","@id":"https:\/\/secure.gravatar.com\/avatar\/3acd63b41908ece2f12137641c2f91f2a70ebdd284407ace98159911c9b04604?s=96&d=mm&r=g","url":"https:\/\/secure.gravatar.com\/avatar\/3acd63b41908ece2f12137641c2f91f2a70ebdd284407ace98159911c9b04604?s=96&d=mm&r=g","contentUrl":"https:\/\/secure.gravatar.com\/avatar\/3acd63b41908ece2f12137641c2f91f2a70ebdd284407ace98159911c9b04604?s=96&d=mm&r=g","caption":"World Press Freedom Canada"},"url":"https:\/\/worldpressfreedomcanada.ca\/fr\/author\/world-press-freedom-canada\/"}]}},"_links":{"self":[{"href":"https:\/\/worldpressfreedomcanada.ca\/fr\/wp-json\/wp\/v2\/posts\/20852","targetHints":{"allow":["GET"]}}],"collection":[{"href":"https:\/\/worldpressfreedomcanada.ca\/fr\/wp-json\/wp\/v2\/posts"}],"about":[{"href":"https:\/\/worldpressfreedomcanada.ca\/fr\/wp-json\/wp\/v2\/types\/post"}],"author":[{"embeddable":true,"href":"https:\/\/worldpressfreedomcanada.ca\/fr\/wp-json\/wp\/v2\/users\/8"}],"replies":[{"embeddable":true,"href":"https:\/\/worldpressfreedomcanada.ca\/fr\/wp-json\/wp\/v2\/comments?post=20852"}],"version-history":[{"count":1,"href":"https:\/\/worldpressfreedomcanada.ca\/fr\/wp-json\/wp\/v2\/posts\/20852\/revisions"}],"predecessor-version":[{"id":20853,"href":"https:\/\/worldpressfreedomcanada.ca\/fr\/wp-json\/wp\/v2\/posts\/20852\/revisions\/20853"}],"wp:attachment":[{"href":"https:\/\/worldpressfreedomcanada.ca\/fr\/wp-json\/wp\/v2\/media?parent=20852"}],"wp:term":[{"taxonomy":"category","embeddable":true,"href":"https:\/\/worldpressfreedomcanada.ca\/fr\/wp-json\/wp\/v2\/categories?post=20852"},{"taxonomy":"post_tag","embeddable":true,"href":"https:\/\/worldpressfreedomcanada.ca\/fr\/wp-json\/wp\/v2\/tags?post=20852"}],"curies":[{"name":"wp","href":"https:\/\/api.w.org\/{rel}","templated":true}]}}