{"id":20865,"date":"2025-09-28T05:00:00","date_gmt":"2025-09-28T05:00:00","guid":{"rendered":"https:\/\/worldpressfreedomcanada.ca\/?p=20865"},"modified":"2025-09-27T03:07:30","modified_gmt":"2025-09-27T03:07:30","slug":"declaration-du-lpc-a-loccasion-de-la-journee-mondiale-de-linformation","status":"publish","type":"post","link":"https:\/\/worldpressfreedomcanada.ca\/fr\/declaration-du-lpc-a-loccasion-de-la-journee-mondiale-de-linformation\/","title":{"rendered":"D\u00e9claration du LPC \u00e0 l&rsquo;occasion de la Journ\u00e9e mondiale de l&rsquo;information"},"content":{"rendered":"\n<p>Libert\u00e9 de la presse Canada (LPC) se joint aux entreprises m\u00e9diatiques mondiales pour souligner la Journ\u00e9e mondiale de l&rsquo;information afin de souligner le r\u00f4le des journalistes dans la diffusion d&rsquo;informations fiables au service des citoyens et de la d\u00e9mocratie.<\/p>\n\n\n\n<p>La d\u00e9mocratie exige une presse libre, factuelle et solide, mais celle-ci est confront\u00e9e \u00e0 d\u00e9fis existentiels au pays et \u00e0 l&rsquo;\u00e9tranger.<\/p>\n\n\n\n<p>Au Canada, les mod\u00e8les \u00e9conomiques des m\u00e9dias continuent de s&rsquo;\u00e9roder sous le poids des m\u00e9dias sociaux, des nouvelles menaces pos\u00e9es par les applications d&rsquo;intelligence artificielle et des attaques personnelles contre les journalistes.<\/p>\n\n\n\n<p>Aux \u00c9tats-Unis et partout dans le monde, des dirigeants autocratiques menacent et intentent des poursuites contre les journalistes et les entreprises de presse qui remettent en cause leur h\u00e9g\u00e9monie.<\/p>\n\n\n\n<p>La Journ\u00e9e mondiale de l&rsquo;information a \u00e9t\u00e9 fond\u00e9e par la Fondation pour le journalisme canadien et b\u00e9n\u00e9ficie d\u00e9sormais du soutien du World Editors Forum et du Projet Kontinuum, un r\u00e9seau mondial de dirigeants des m\u00e9dias bas\u00e9 au Royaume-Uni, qui souhaite redonner au journalisme sa juste place en tant que service essentiel \u2013 un \u00e9l\u00e9ment cl\u00e9 de la d\u00e9mocratie.<\/p>\n\n\n\n<p>Leur message pour la Journ\u00e9e mondiale de l&rsquo;information&nbsp;: \u00ab&nbsp;Choisissez la v\u00e9rit\u00e9. Choisissez les faits. Choisissez le journalisme.&nbsp;\u00bb<\/p>\n\n\n\n<p>Libert\u00e9 de la presse Canada encourage les gens \u00e0 s\u2019abonner \u00e0 un fournisseur de nouvelles canadien.<\/p>\n","protected":false},"excerpt":{"rendered":"<p>Libert\u00e9 de la presse Canada (LPC) se joint aux entreprises m\u00e9diatiques mondiales pour souligner la Journ\u00e9e mondiale de l&rsquo;information afin de souligner le r\u00f4le des journalistes dans la diffusion d&rsquo;informations fiables au service des citoyens et de la d\u00e9mocratie. La d\u00e9mocratie exige une presse libre, factuelle et solide, mais celle-ci est confront\u00e9e \u00e0 d\u00e9fis existentiels [&hellip;]<\/p>\n","protected":false},"author":8,"featured_media":20863,"comment_status":"closed","ping_status":"closed","sticky":false,"template":"","format":"standard","meta":{"_acf_changed":false,"_price":"","_stock":"","_tribe_ticket_header":"","_tribe_default_ticket_provider":"","_tribe_ticket_capacity":"0","_ticket_start_date":"","_ticket_end_date":"","_tribe_ticket_show_description":"","_tribe_ticket_show_not_going":false,"_tribe_ticket_use_global_stock":"","_tribe_ticket_global_stock_level":"","_global_stock_mode":"","_global_stock_cap":"","_tribe_rsvp_for_event":"","_tribe_ticket_going_count":"","_tribe_ticket_not_going_count":"","_tribe_tickets_list":"[]","_tribe_ticket_has_attendee_info_fields":false,"footnotes":""},"categories":[35],"tags":[],"class_list":["post-20865","post","type-post","status-publish","format-standard","has-post-thumbnail","hentry","category-declaration"],"acf":[],"yoast_head":"<!-- This site is optimized with the Yoast SEO plugin v27.4 - https:\/\/yoast.com\/product\/yoast-seo-wordpress\/ -->\n<title>D\u00e9claration du LPC \u00e0 l&#039;occasion de la Journ\u00e9e mondiale de l&#039;information - World Press Freedom Canada<\/title>\n<meta name=\"robots\" content=\"index, follow, max-snippet:-1, max-image-preview:large, max-video-preview:-1\" \/>\n<link rel=\"canonical\" href=\"https:\/\/worldpressfreedomcanada.ca\/fr\/declaration-du-lpc-a-loccasion-de-la-journee-mondiale-de-linformation\/\" \/>\n<meta property=\"og:locale\" content=\"fr_FR\" \/>\n<meta property=\"og:type\" content=\"article\" \/>\n<meta property=\"og:title\" content=\"D\u00e9claration du LPC \u00e0 l&#039;occasion de la Journ\u00e9e mondiale de l&#039;information - World Press Freedom Canada\" \/>\n<meta property=\"og:description\" content=\"Libert\u00e9 de la presse Canada (LPC) se joint aux entreprises m\u00e9diatiques mondiales pour souligner la Journ\u00e9e mondiale de l&rsquo;information afin de souligner le r\u00f4le des journalistes dans la diffusion d&rsquo;informations fiables au service des citoyens et de la d\u00e9mocratie. La d\u00e9mocratie exige une presse libre, factuelle et solide, mais celle-ci est confront\u00e9e \u00e0 d\u00e9fis existentiels [&hellip;]\" \/>\n<meta property=\"og:url\" content=\"https:\/\/worldpressfreedomcanada.ca\/fr\/declaration-du-lpc-a-loccasion-de-la-journee-mondiale-de-linformation\/\" \/>\n<meta property=\"og:site_name\" content=\"World Press Freedom Canada\" \/>\n<meta property=\"article:published_time\" content=\"2025-09-28T05:00:00+00:00\" \/>\n<meta property=\"og:image\" content=\"https:\/\/worldpressfreedomcanada.ca\/wp-content\/uploads\/2025\/09\/will-francis-ZDNyhmgkZlQ-unsplash-scaled.jpg\" \/>\n\t<meta property=\"og:image:width\" content=\"2560\" \/>\n\t<meta property=\"og:image:height\" content=\"1707\" \/>\n\t<meta property=\"og:image:type\" content=\"image\/jpeg\" \/>\n<meta name=\"author\" content=\"World Press Freedom Canada\" \/>\n<meta name=\"twitter:card\" content=\"summary_large_image\" \/>\n<meta name=\"twitter:label1\" content=\"\u00c9crit par\" \/>\n\t<meta name=\"twitter:data1\" content=\"World Press Freedom Canada\" \/>\n\t<meta name=\"twitter:label2\" content=\"Dur\u00e9e de lecture estim\u00e9e\" \/>\n\t<meta name=\"twitter:data2\" content=\"2 minutes\" \/>\n<script type=\"application\/ld+json\" class=\"yoast-schema-graph\">{\"@context\":\"https:\\\/\\\/schema.org\",\"@graph\":[{\"@type\":\"Article\",\"@id\":\"https:\\\/\\\/worldpressfreedomcanada.ca\\\/fr\\\/declaration-du-lpc-a-loccasion-de-la-journee-mondiale-de-linformation\\\/#article\",\"isPartOf\":{\"@id\":\"https:\\\/\\\/worldpressfreedomcanada.ca\\\/fr\\\/declaration-du-lpc-a-loccasion-de-la-journee-mondiale-de-linformation\\\/\"},\"author\":{\"name\":\"World Press Freedom Canada\",\"@id\":\"https:\\\/\\\/worldpressfreedomcanada.ca\\\/fr\\\/#\\\/schema\\\/person\\\/1907c0afad865e42882b092f1f38e2bd\"},\"headline\":\"D\u00e9claration du LPC \u00e0 l&rsquo;occasion de la Journ\u00e9e mondiale de l&rsquo;information\",\"datePublished\":\"2025-09-28T05:00:00+00:00\",\"mainEntityOfPage\":{\"@id\":\"https:\\\/\\\/worldpressfreedomcanada.ca\\\/fr\\\/declaration-du-lpc-a-loccasion-de-la-journee-mondiale-de-linformation\\\/\"},\"wordCount\":249,\"image\":{\"@id\":\"https:\\\/\\\/worldpressfreedomcanada.ca\\\/fr\\\/declaration-du-lpc-a-loccasion-de-la-journee-mondiale-de-linformation\\\/#primaryimage\"},\"thumbnailUrl\":\"https:\\\/\\\/worldpressfreedomcanada.ca\\\/wp-content\\\/uploads\\\/2025\\\/09\\\/will-francis-ZDNyhmgkZlQ-unsplash-scaled.jpg\",\"articleSection\":[\"D\u00e9claration\"],\"inLanguage\":\"fr-FR\"},{\"@type\":\"WebPage\",\"@id\":\"https:\\\/\\\/worldpressfreedomcanada.ca\\\/fr\\\/declaration-du-lpc-a-loccasion-de-la-journee-mondiale-de-linformation\\\/\",\"url\":\"https:\\\/\\\/worldpressfreedomcanada.ca\\\/fr\\\/declaration-du-lpc-a-loccasion-de-la-journee-mondiale-de-linformation\\\/\",\"name\":\"D\u00e9claration du LPC \u00e0 l'occasion de la Journ\u00e9e mondiale de l'information - World Press Freedom Canada\",\"isPartOf\":{\"@id\":\"https:\\\/\\\/worldpressfreedomcanada.ca\\\/fr\\\/#website\"},\"primaryImageOfPage\":{\"@id\":\"https:\\\/\\\/worldpressfreedomcanada.ca\\\/fr\\\/declaration-du-lpc-a-loccasion-de-la-journee-mondiale-de-linformation\\\/#primaryimage\"},\"image\":{\"@id\":\"https:\\\/\\\/worldpressfreedomcanada.ca\\\/fr\\\/declaration-du-lpc-a-loccasion-de-la-journee-mondiale-de-linformation\\\/#primaryimage\"},\"thumbnailUrl\":\"https:\\\/\\\/worldpressfreedomcanada.ca\\\/wp-content\\\/uploads\\\/2025\\\/09\\\/will-francis-ZDNyhmgkZlQ-unsplash-scaled.jpg\",\"datePublished\":\"2025-09-28T05:00:00+00:00\",\"author\":{\"@id\":\"https:\\\/\\\/worldpressfreedomcanada.ca\\\/fr\\\/#\\\/schema\\\/person\\\/1907c0afad865e42882b092f1f38e2bd\"},\"breadcrumb\":{\"@id\":\"https:\\\/\\\/worldpressfreedomcanada.ca\\\/fr\\\/declaration-du-lpc-a-loccasion-de-la-journee-mondiale-de-linformation\\\/#breadcrumb\"},\"inLanguage\":\"fr-FR\",\"potentialAction\":[{\"@type\":\"ReadAction\",\"target\":[\"https:\\\/\\\/worldpressfreedomcanada.ca\\\/fr\\\/declaration-du-lpc-a-loccasion-de-la-journee-mondiale-de-linformation\\\/\"]}]},{\"@type\":\"ImageObject\",\"inLanguage\":\"fr-FR\",\"@id\":\"https:\\\/\\\/worldpressfreedomcanada.ca\\\/fr\\\/declaration-du-lpc-a-loccasion-de-la-journee-mondiale-de-linformation\\\/#primaryimage\",\"url\":\"https:\\\/\\\/worldpressfreedomcanada.ca\\\/wp-content\\\/uploads\\\/2025\\\/09\\\/will-francis-ZDNyhmgkZlQ-unsplash-scaled.jpg\",\"contentUrl\":\"https:\\\/\\\/worldpressfreedomcanada.ca\\\/wp-content\\\/uploads\\\/2025\\\/09\\\/will-francis-ZDNyhmgkZlQ-unsplash-scaled.jpg\",\"width\":2560,\"height\":1707},{\"@type\":\"BreadcrumbList\",\"@id\":\"https:\\\/\\\/worldpressfreedomcanada.ca\\\/fr\\\/declaration-du-lpc-a-loccasion-de-la-journee-mondiale-de-linformation\\\/#breadcrumb\",\"itemListElement\":[{\"@type\":\"ListItem\",\"position\":1,\"name\":\"Home\",\"item\":\"https:\\\/\\\/worldpressfreedomcanada.ca\\\/fr\\\/\"},{\"@type\":\"ListItem\",\"position\":2,\"name\":\"D\u00e9claration du LPC \u00e0 l&#8217;occasion de la Journ\u00e9e mondiale de l&#8217;information\"}]},{\"@type\":\"WebSite\",\"@id\":\"https:\\\/\\\/worldpressfreedomcanada.ca\\\/fr\\\/#website\",\"url\":\"https:\\\/\\\/worldpressfreedomcanada.ca\\\/fr\\\/\",\"name\":\"World Press Freedom Canada\",\"description\":\"Championing press freedom, defending democracy\",\"potentialAction\":[{\"@type\":\"SearchAction\",\"target\":{\"@type\":\"EntryPoint\",\"urlTemplate\":\"https:\\\/\\\/worldpressfreedomcanada.ca\\\/fr\\\/?s={search_term_string}\"},\"query-input\":{\"@type\":\"PropertyValueSpecification\",\"valueRequired\":true,\"valueName\":\"search_term_string\"}}],\"inLanguage\":\"fr-FR\"},{\"@type\":\"Person\",\"@id\":\"https:\\\/\\\/worldpressfreedomcanada.ca\\\/fr\\\/#\\\/schema\\\/person\\\/1907c0afad865e42882b092f1f38e2bd\",\"name\":\"World Press Freedom Canada\",\"image\":{\"@type\":\"ImageObject\",\"inLanguage\":\"fr-FR\",\"@id\":\"https:\\\/\\\/secure.gravatar.com\\\/avatar\\\/3acd63b41908ece2f12137641c2f91f2a70ebdd284407ace98159911c9b04604?s=96&d=mm&r=g\",\"url\":\"https:\\\/\\\/secure.gravatar.com\\\/avatar\\\/3acd63b41908ece2f12137641c2f91f2a70ebdd284407ace98159911c9b04604?s=96&d=mm&r=g\",\"contentUrl\":\"https:\\\/\\\/secure.gravatar.com\\\/avatar\\\/3acd63b41908ece2f12137641c2f91f2a70ebdd284407ace98159911c9b04604?s=96&d=mm&r=g\",\"caption\":\"World Press Freedom Canada\"},\"url\":\"https:\\\/\\\/worldpressfreedomcanada.ca\\\/fr\\\/author\\\/world-press-freedom-canada\\\/\"}]}<\/script>\n<!-- \/ Yoast SEO plugin. -->","yoast_head_json":{"title":"D\u00e9claration du LPC \u00e0 l'occasion de la Journ\u00e9e mondiale de l'information - World Press Freedom Canada","robots":{"index":"index","follow":"follow","max-snippet":"max-snippet:-1","max-image-preview":"max-image-preview:large","max-video-preview":"max-video-preview:-1"},"canonical":"https:\/\/worldpressfreedomcanada.ca\/fr\/declaration-du-lpc-a-loccasion-de-la-journee-mondiale-de-linformation\/","og_locale":"fr_FR","og_type":"article","og_title":"D\u00e9claration du LPC \u00e0 l'occasion de la Journ\u00e9e mondiale de l'information - World Press Freedom Canada","og_description":"Libert\u00e9 de la presse Canada (LPC) se joint aux entreprises m\u00e9diatiques mondiales pour souligner la Journ\u00e9e mondiale de l&rsquo;information afin de souligner le r\u00f4le des journalistes dans la diffusion d&rsquo;informations fiables au service des citoyens et de la d\u00e9mocratie. La d\u00e9mocratie exige une presse libre, factuelle et solide, mais celle-ci est confront\u00e9e \u00e0 d\u00e9fis existentiels [&hellip;]","og_url":"https:\/\/worldpressfreedomcanada.ca\/fr\/declaration-du-lpc-a-loccasion-de-la-journee-mondiale-de-linformation\/","og_site_name":"World Press Freedom Canada","article_published_time":"2025-09-28T05:00:00+00:00","og_image":[{"width":2560,"height":1707,"url":"https:\/\/worldpressfreedomcanada.ca\/wp-content\/uploads\/2025\/09\/will-francis-ZDNyhmgkZlQ-unsplash-scaled.jpg","type":"image\/jpeg"}],"author":"World Press Freedom Canada","twitter_card":"summary_large_image","twitter_misc":{"\u00c9crit par":"World Press Freedom Canada","Dur\u00e9e de lecture estim\u00e9e":"2 minutes"},"schema":{"@context":"https:\/\/schema.org","@graph":[{"@type":"Article","@id":"https:\/\/worldpressfreedomcanada.ca\/fr\/declaration-du-lpc-a-loccasion-de-la-journee-mondiale-de-linformation\/#article","isPartOf":{"@id":"https:\/\/worldpressfreedomcanada.ca\/fr\/declaration-du-lpc-a-loccasion-de-la-journee-mondiale-de-linformation\/"},"author":{"name":"World Press Freedom Canada","@id":"https:\/\/worldpressfreedomcanada.ca\/fr\/#\/schema\/person\/1907c0afad865e42882b092f1f38e2bd"},"headline":"D\u00e9claration du LPC \u00e0 l&rsquo;occasion de la Journ\u00e9e mondiale de l&rsquo;information","datePublished":"2025-09-28T05:00:00+00:00","mainEntityOfPage":{"@id":"https:\/\/worldpressfreedomcanada.ca\/fr\/declaration-du-lpc-a-loccasion-de-la-journee-mondiale-de-linformation\/"},"wordCount":249,"image":{"@id":"https:\/\/worldpressfreedomcanada.ca\/fr\/declaration-du-lpc-a-loccasion-de-la-journee-mondiale-de-linformation\/#primaryimage"},"thumbnailUrl":"https:\/\/worldpressfreedomcanada.ca\/wp-content\/uploads\/2025\/09\/will-francis-ZDNyhmgkZlQ-unsplash-scaled.jpg","articleSection":["D\u00e9claration"],"inLanguage":"fr-FR"},{"@type":"WebPage","@id":"https:\/\/worldpressfreedomcanada.ca\/fr\/declaration-du-lpc-a-loccasion-de-la-journee-mondiale-de-linformation\/","url":"https:\/\/worldpressfreedomcanada.ca\/fr\/declaration-du-lpc-a-loccasion-de-la-journee-mondiale-de-linformation\/","name":"D\u00e9claration du LPC \u00e0 l'occasion de la Journ\u00e9e mondiale de l'information - World Press Freedom Canada","isPartOf":{"@id":"https:\/\/worldpressfreedomcanada.ca\/fr\/#website"},"primaryImageOfPage":{"@id":"https:\/\/worldpressfreedomcanada.ca\/fr\/declaration-du-lpc-a-loccasion-de-la-journee-mondiale-de-linformation\/#primaryimage"},"image":{"@id":"https:\/\/worldpressfreedomcanada.ca\/fr\/declaration-du-lpc-a-loccasion-de-la-journee-mondiale-de-linformation\/#primaryimage"},"thumbnailUrl":"https:\/\/worldpressfreedomcanada.ca\/wp-content\/uploads\/2025\/09\/will-francis-ZDNyhmgkZlQ-unsplash-scaled.jpg","datePublished":"2025-09-28T05:00:00+00:00","author":{"@id":"https:\/\/worldpressfreedomcanada.ca\/fr\/#\/schema\/person\/1907c0afad865e42882b092f1f38e2bd"},"breadcrumb":{"@id":"https:\/\/worldpressfreedomcanada.ca\/fr\/declaration-du-lpc-a-loccasion-de-la-journee-mondiale-de-linformation\/#breadcrumb"},"inLanguage":"fr-FR","potentialAction":[{"@type":"ReadAction","target":["https:\/\/worldpressfreedomcanada.ca\/fr\/declaration-du-lpc-a-loccasion-de-la-journee-mondiale-de-linformation\/"]}]},{"@type":"ImageObject","inLanguage":"fr-FR","@id":"https:\/\/worldpressfreedomcanada.ca\/fr\/declaration-du-lpc-a-loccasion-de-la-journee-mondiale-de-linformation\/#primaryimage","url":"https:\/\/worldpressfreedomcanada.ca\/wp-content\/uploads\/2025\/09\/will-francis-ZDNyhmgkZlQ-unsplash-scaled.jpg","contentUrl":"https:\/\/worldpressfreedomcanada.ca\/wp-content\/uploads\/2025\/09\/will-francis-ZDNyhmgkZlQ-unsplash-scaled.jpg","width":2560,"height":1707},{"@type":"BreadcrumbList","@id":"https:\/\/worldpressfreedomcanada.ca\/fr\/declaration-du-lpc-a-loccasion-de-la-journee-mondiale-de-linformation\/#breadcrumb","itemListElement":[{"@type":"ListItem","position":1,"name":"Home","item":"https:\/\/worldpressfreedomcanada.ca\/fr\/"},{"@type":"ListItem","position":2,"name":"D\u00e9claration du LPC \u00e0 l&#8217;occasion de la Journ\u00e9e mondiale de l&#8217;information"}]},{"@type":"WebSite","@id":"https:\/\/worldpressfreedomcanada.ca\/fr\/#website","url":"https:\/\/worldpressfreedomcanada.ca\/fr\/","name":"World Press Freedom Canada","description":"Championing press freedom, defending democracy","potentialAction":[{"@type":"SearchAction","target":{"@type":"EntryPoint","urlTemplate":"https:\/\/worldpressfreedomcanada.ca\/fr\/?s={search_term_string}"},"query-input":{"@type":"PropertyValueSpecification","valueRequired":true,"valueName":"search_term_string"}}],"inLanguage":"fr-FR"},{"@type":"Person","@id":"https:\/\/worldpressfreedomcanada.ca\/fr\/#\/schema\/person\/1907c0afad865e42882b092f1f38e2bd","name":"World Press Freedom Canada","image":{"@type":"ImageObject","inLanguage":"fr-FR","@id":"https:\/\/secure.gravatar.com\/avatar\/3acd63b41908ece2f12137641c2f91f2a70ebdd284407ace98159911c9b04604?s=96&d=mm&r=g","url":"https:\/\/secure.gravatar.com\/avatar\/3acd63b41908ece2f12137641c2f91f2a70ebdd284407ace98159911c9b04604?s=96&d=mm&r=g","contentUrl":"https:\/\/secure.gravatar.com\/avatar\/3acd63b41908ece2f12137641c2f91f2a70ebdd284407ace98159911c9b04604?s=96&d=mm&r=g","caption":"World Press Freedom Canada"},"url":"https:\/\/worldpressfreedomcanada.ca\/fr\/author\/world-press-freedom-canada\/"}]}},"_links":{"self":[{"href":"https:\/\/worldpressfreedomcanada.ca\/fr\/wp-json\/wp\/v2\/posts\/20865","targetHints":{"allow":["GET"]}}],"collection":[{"href":"https:\/\/worldpressfreedomcanada.ca\/fr\/wp-json\/wp\/v2\/posts"}],"about":[{"href":"https:\/\/worldpressfreedomcanada.ca\/fr\/wp-json\/wp\/v2\/types\/post"}],"author":[{"embeddable":true,"href":"https:\/\/worldpressfreedomcanada.ca\/fr\/wp-json\/wp\/v2\/users\/8"}],"replies":[{"embeddable":true,"href":"https:\/\/worldpressfreedomcanada.ca\/fr\/wp-json\/wp\/v2\/comments?post=20865"}],"version-history":[{"count":3,"href":"https:\/\/worldpressfreedomcanada.ca\/fr\/wp-json\/wp\/v2\/posts\/20865\/revisions"}],"predecessor-version":[{"id":20868,"href":"https:\/\/worldpressfreedomcanada.ca\/fr\/wp-json\/wp\/v2\/posts\/20865\/revisions\/20868"}],"wp:featuredmedia":[{"embeddable":true,"href":"https:\/\/worldpressfreedomcanada.ca\/fr\/wp-json\/wp\/v2\/media\/20863"}],"wp:attachment":[{"href":"https:\/\/worldpressfreedomcanada.ca\/fr\/wp-json\/wp\/v2\/media?parent=20865"}],"wp:term":[{"taxonomy":"category","embeddable":true,"href":"https:\/\/worldpressfreedomcanada.ca\/fr\/wp-json\/wp\/v2\/categories?post=20865"},{"taxonomy":"post_tag","embeddable":true,"href":"https:\/\/worldpressfreedomcanada.ca\/fr\/wp-json\/wp\/v2\/tags?post=20865"}],"curies":[{"name":"wp","href":"https:\/\/api.w.org\/{rel}","templated":true}]}}