{"id":21068,"date":"2025-10-27T08:00:00","date_gmt":"2025-10-27T08:00:00","guid":{"rendered":"https:\/\/worldpressfreedomcanada.ca\/?p=21068"},"modified":"2025-10-26T21:14:21","modified_gmt":"2025-10-26T21:14:21","slug":"hugo-larochelle-pionnier-de-lia-conferencier-principal-au-symposium-de-lpc-lia-et-la-presse-menaces-et-opportunites","status":"publish","type":"post","link":"https:\/\/worldpressfreedomcanada.ca\/fr\/hugo-larochelle-pionnier-de-lia-conferencier-principal-au-symposium-de-lpc-lia-et-la-presse-menaces-et-opportunites\/","title":{"rendered":"Hugo Larochelle, pionnier de l&rsquo;IA, conf\u00e9rencier principal au symposium de LPC \u00ab L&rsquo;IA et la presse : menaces et opportunit\u00e9s \u00bb"},"content":{"rendered":"\n<h2 class=\"wp-block-heading\">Symposium visant \u00e0 explorer comment l&rsquo;intelligence artificielle remod\u00e8le le journalisme et la libert\u00e9 de la presse<\/h2>\n\n\n\n<p>Libert\u00e9 de la presse Canada a le plaisir d&rsquo;annoncer que Hugo Larochelle, directeur scientifique du Mila, l&rsquo;Institut qu\u00e9b\u00e9cois d&rsquo;intelligence artificielle, sera le conf\u00e9rencier principal de notre symposium d&rsquo;automne.<\/p>\n\n\n\n<p>Le th\u00e8me de cette ann\u00e9e, \u00ab L&rsquo;IA et la presse : menaces et opportunit\u00e9s \u00bb, explore la mani\u00e8re dont l&rsquo;intelligence artificielle remod\u00e8le le journalisme et la libert\u00e9 de la presse, des avantages li\u00e9s \u00e0 l&rsquo;efficacit\u00e9 des salles de r\u00e9daction aux risques de perte de confiance. Cette annonce intervient alors que le ministre Evan Solomon promet une nouvelle politique en mati\u00e8re d&rsquo;IA afin d&rsquo;orienter son d\u00e9veloppement et son d\u00e9ploiement.<\/p>\n\n\n\n<p>Larochelle est l&rsquo;une des figures les plus influentes du domaine de l&rsquo;intelligence artificielle au Canada. Form\u00e9 \u00e0 l&rsquo;Universit\u00e9 de Montr\u00e9al sous la supervision de Yoshua Bengio, puis postdoctorant \u00e0 l&rsquo;Universit\u00e9 de Toronto sous la direction de Geoffrey Hinton, il a apport\u00e9 une contribution significative \u00e0 l&rsquo;avancement de l&rsquo;apprentissage profond tout en restant attach\u00e9 \u00e0 une science rigoureuse, ouverte et socialement b\u00e9n\u00e9fique. Il ouvrira cette demi-journ\u00e9e d&rsquo;\u00e9v\u00e9nements sur la Colline du Parlement, qui sera suivie de tables rondes avec nos conf\u00e9renciers invit\u00e9s :<\/p>\n\n\n\n<ul class=\"wp-block-list\">\n<li><strong>Craig Silverman<\/strong>, formateur en intelligence open source et fondateur d&rsquo;Indictator ;<\/li>\n\n\n\n<li><strong>Nikita Roy<\/strong>, fondatrice de Newsroom Robots Lab ;<\/li>\n\n\n\n<li><strong>Grant Ellis<\/strong>, r\u00e9dacteur en chef du Toronto Star ; Wilf Dinnick, cofondateur de<a href=\"http:\/\/getfact.ca\/\"> GetFact.ca<\/a> ;<\/li>\n\n\n\n<li><strong>David Skok<\/strong>, PDG et r\u00e9dacteur en chef de The Logic ;<\/li>\n\n\n\n<li><strong>Anita Li<\/strong>, fondatrice et \u00e9ditrice de The Green Line ;<\/li>\n\n\n\n<li><strong>Aengus Bridgman<\/strong>, professeur adjoint \u00e0 la Max Bell School of Public Policy ;<\/li>\n\n\n\n<li><strong>Rignam Wangkhang<\/strong>, conseiller en projets d&rsquo;IA chez CBC News.<\/li>\n<\/ul>\n\n\n\n<p><strong>Date : Jeudi 6 novembre 2025 \u2014 de 8 h 30 \u00e0 13 h (heure de l&rsquo;Est)<\/strong><\/p>\n\n\n\n<p><strong>Lieu : Salle W-180, 1, rue Wellington, Colline du Parlement (Ottawa, Ontario)<\/strong><\/p>\n\n\n\n<div style=\"height:45px\" aria-hidden=\"true\" class=\"wp-block-spacer\"><\/div>\n\n\n\n<figure class=\"wp-block-image size-large\"><img loading=\"lazy\" decoding=\"async\" width=\"1024\" height=\"731\" src=\"https:\/\/worldpressfreedomcanada.ca\/wp-content\/uploads\/2025\/10\/WPFC-Symposium-Speakers-French-copy-1024x731.jpg\" alt=\"\" class=\"wp-image-21069\" srcset=\"https:\/\/worldpressfreedomcanada.ca\/wp-content\/uploads\/2025\/10\/WPFC-Symposium-Speakers-French-copy-1024x731.jpg 1024w, https:\/\/worldpressfreedomcanada.ca\/wp-content\/uploads\/2025\/10\/WPFC-Symposium-Speakers-French-copy-300x214.jpg 300w, https:\/\/worldpressfreedomcanada.ca\/wp-content\/uploads\/2025\/10\/WPFC-Symposium-Speakers-French-copy-768x549.jpg 768w, https:\/\/worldpressfreedomcanada.ca\/wp-content\/uploads\/2025\/10\/WPFC-Symposium-Speakers-French-copy-1536x1097.jpg 1536w, https:\/\/worldpressfreedomcanada.ca\/wp-content\/uploads\/2025\/10\/WPFC-Symposium-Speakers-French-copy-2048x1463.jpg 2048w\" sizes=\"auto, (max-width: 1024px) 100vw, 1024px\" \/><\/figure>\n\n\n\n<div style=\"height:45px\" aria-hidden=\"true\" class=\"wp-block-spacer\"><\/div>\n\n\n\n<div class=\"wp-block-buttons is-layout-flex wp-block-buttons-is-layout-flex\">\n<div class=\"wp-block-button\"><a class=\"wp-block-button__link wp-element-button\" href=\"https:\/\/worldpressfreedomcanada.ca\/fr\/event\/lia-et-la-presse-menaces-et-opportunites\/\"><strong>Veuillez r\u00e9server vos billets gratuits<\/strong><\/a><\/div>\n<\/div>\n","protected":false},"excerpt":{"rendered":"<p>Symposium visant \u00e0 explorer comment l&rsquo;intelligence artificielle remod\u00e8le le journalisme et la libert\u00e9 de la presse Libert\u00e9 de la presse Canada a le plaisir d&rsquo;annoncer que Hugo Larochelle, directeur scientifique du Mila, l&rsquo;Institut qu\u00e9b\u00e9cois d&rsquo;intelligence artificielle, sera le conf\u00e9rencier principal de notre symposium d&rsquo;automne. Le th\u00e8me de cette ann\u00e9e, \u00ab L&rsquo;IA et la presse : [&hellip;]<\/p>\n","protected":false},"author":8,"featured_media":20987,"comment_status":"closed","ping_status":"closed","sticky":false,"template":"","format":"standard","meta":{"_acf_changed":false,"_price":"","_stock":"","_tribe_ticket_header":"","_tribe_default_ticket_provider":"","_tribe_ticket_capacity":"0","_ticket_start_date":"","_ticket_end_date":"","_tribe_ticket_show_description":"","_tribe_ticket_show_not_going":false,"_tribe_ticket_use_global_stock":"","_tribe_ticket_global_stock_level":"","_global_stock_mode":"","_global_stock_cap":"","_tribe_rsvp_for_event":"","_tribe_ticket_going_count":"","_tribe_ticket_not_going_count":"","_tribe_tickets_list":"[]","_tribe_ticket_has_attendee_info_fields":false,"footnotes":""},"categories":[10],"tags":[],"class_list":["post-21068","post","type-post","status-publish","format-standard","has-post-thumbnail","hentry","category-communique-de-presse"],"acf":[],"yoast_head":"<!-- This site is optimized with the Yoast SEO plugin v27.5 - https:\/\/yoast.com\/product\/yoast-seo-wordpress\/ -->\n<title>Hugo Larochelle, pionnier de l&#039;IA, conf\u00e9rencier principal au symposium de LPC \u00ab L&#039;IA et la presse : menaces et opportunit\u00e9s \u00bb - World Press Freedom Canada<\/title>\n<meta name=\"robots\" content=\"index, follow, max-snippet:-1, max-image-preview:large, max-video-preview:-1\" \/>\n<link rel=\"canonical\" href=\"https:\/\/worldpressfreedomcanada.ca\/fr\/hugo-larochelle-pionnier-de-lia-conferencier-principal-au-symposium-de-lpc-lia-et-la-presse-menaces-et-opportunites\/\" \/>\n<meta property=\"og:locale\" content=\"fr_FR\" \/>\n<meta property=\"og:type\" content=\"article\" \/>\n<meta property=\"og:title\" content=\"Hugo Larochelle, pionnier de l&#039;IA, conf\u00e9rencier principal au symposium de LPC \u00ab L&#039;IA et la presse : menaces et opportunit\u00e9s \u00bb - World Press Freedom Canada\" \/>\n<meta property=\"og:description\" content=\"Symposium visant \u00e0 explorer comment l&rsquo;intelligence artificielle remod\u00e8le le journalisme et la libert\u00e9 de la presse Libert\u00e9 de la presse Canada a le plaisir d&rsquo;annoncer que Hugo Larochelle, directeur scientifique du Mila, l&rsquo;Institut qu\u00e9b\u00e9cois d&rsquo;intelligence artificielle, sera le conf\u00e9rencier principal de notre symposium d&rsquo;automne. Le th\u00e8me de cette ann\u00e9e, \u00ab L&rsquo;IA et la presse : [&hellip;]\" \/>\n<meta property=\"og:url\" content=\"https:\/\/worldpressfreedomcanada.ca\/fr\/hugo-larochelle-pionnier-de-lia-conferencier-principal-au-symposium-de-lpc-lia-et-la-presse-menaces-et-opportunites\/\" \/>\n<meta property=\"og:site_name\" content=\"World Press Freedom Canada\" \/>\n<meta property=\"article:published_time\" content=\"2025-10-27T08:00:00+00:00\" \/>\n<meta property=\"og:image\" content=\"https:\/\/worldpressfreedomcanada.ca\/wp-content\/uploads\/2025\/10\/WPFC-Symposium-1-feature-image-1.jpg\" \/>\n\t<meta property=\"og:image:width\" content=\"2100\" \/>\n\t<meta property=\"og:image:height\" content=\"1500\" \/>\n\t<meta property=\"og:image:type\" content=\"image\/jpeg\" \/>\n<meta name=\"author\" content=\"World Press Freedom Canada\" \/>\n<meta name=\"twitter:card\" content=\"summary_large_image\" \/>\n<meta name=\"twitter:label1\" content=\"\u00c9crit par\" \/>\n\t<meta name=\"twitter:data1\" content=\"World Press Freedom Canada\" \/>\n\t<meta name=\"twitter:label2\" content=\"Dur\u00e9e de lecture estim\u00e9e\" \/>\n\t<meta name=\"twitter:data2\" content=\"2 minutes\" \/>\n<script type=\"application\/ld+json\" class=\"yoast-schema-graph\">{\"@context\":\"https:\\\/\\\/schema.org\",\"@graph\":[{\"@type\":\"Article\",\"@id\":\"https:\\\/\\\/worldpressfreedomcanada.ca\\\/fr\\\/hugo-larochelle-pionnier-de-lia-conferencier-principal-au-symposium-de-lpc-lia-et-la-presse-menaces-et-opportunites\\\/#article\",\"isPartOf\":{\"@id\":\"https:\\\/\\\/worldpressfreedomcanada.ca\\\/fr\\\/hugo-larochelle-pionnier-de-lia-conferencier-principal-au-symposium-de-lpc-lia-et-la-presse-menaces-et-opportunites\\\/\"},\"author\":{\"name\":\"World Press Freedom Canada\",\"@id\":\"https:\\\/\\\/worldpressfreedomcanada.ca\\\/fr\\\/#\\\/schema\\\/person\\\/1907c0afad865e42882b092f1f38e2bd\"},\"headline\":\"Hugo Larochelle, pionnier de l&rsquo;IA, conf\u00e9rencier principal au symposium de LPC \u00ab L&rsquo;IA et la presse : menaces et opportunit\u00e9s \u00bb\",\"datePublished\":\"2025-10-27T08:00:00+00:00\",\"mainEntityOfPage\":{\"@id\":\"https:\\\/\\\/worldpressfreedomcanada.ca\\\/fr\\\/hugo-larochelle-pionnier-de-lia-conferencier-principal-au-symposium-de-lpc-lia-et-la-presse-menaces-et-opportunites\\\/\"},\"wordCount\":323,\"image\":{\"@id\":\"https:\\\/\\\/worldpressfreedomcanada.ca\\\/fr\\\/hugo-larochelle-pionnier-de-lia-conferencier-principal-au-symposium-de-lpc-lia-et-la-presse-menaces-et-opportunites\\\/#primaryimage\"},\"thumbnailUrl\":\"https:\\\/\\\/worldpressfreedomcanada.ca\\\/wp-content\\\/uploads\\\/2025\\\/10\\\/WPFC-Symposium-1-feature-image-1.jpg\",\"articleSection\":[\"Communiqu\u00e9 de presse\"],\"inLanguage\":\"fr-FR\"},{\"@type\":\"WebPage\",\"@id\":\"https:\\\/\\\/worldpressfreedomcanada.ca\\\/fr\\\/hugo-larochelle-pionnier-de-lia-conferencier-principal-au-symposium-de-lpc-lia-et-la-presse-menaces-et-opportunites\\\/\",\"url\":\"https:\\\/\\\/worldpressfreedomcanada.ca\\\/fr\\\/hugo-larochelle-pionnier-de-lia-conferencier-principal-au-symposium-de-lpc-lia-et-la-presse-menaces-et-opportunites\\\/\",\"name\":\"Hugo Larochelle, pionnier de l'IA, conf\u00e9rencier principal au symposium de LPC \u00ab L'IA et la presse : menaces et opportunit\u00e9s \u00bb - World Press Freedom Canada\",\"isPartOf\":{\"@id\":\"https:\\\/\\\/worldpressfreedomcanada.ca\\\/fr\\\/#website\"},\"primaryImageOfPage\":{\"@id\":\"https:\\\/\\\/worldpressfreedomcanada.ca\\\/fr\\\/hugo-larochelle-pionnier-de-lia-conferencier-principal-au-symposium-de-lpc-lia-et-la-presse-menaces-et-opportunites\\\/#primaryimage\"},\"image\":{\"@id\":\"https:\\\/\\\/worldpressfreedomcanada.ca\\\/fr\\\/hugo-larochelle-pionnier-de-lia-conferencier-principal-au-symposium-de-lpc-lia-et-la-presse-menaces-et-opportunites\\\/#primaryimage\"},\"thumbnailUrl\":\"https:\\\/\\\/worldpressfreedomcanada.ca\\\/wp-content\\\/uploads\\\/2025\\\/10\\\/WPFC-Symposium-1-feature-image-1.jpg\",\"datePublished\":\"2025-10-27T08:00:00+00:00\",\"author\":{\"@id\":\"https:\\\/\\\/worldpressfreedomcanada.ca\\\/fr\\\/#\\\/schema\\\/person\\\/1907c0afad865e42882b092f1f38e2bd\"},\"breadcrumb\":{\"@id\":\"https:\\\/\\\/worldpressfreedomcanada.ca\\\/fr\\\/hugo-larochelle-pionnier-de-lia-conferencier-principal-au-symposium-de-lpc-lia-et-la-presse-menaces-et-opportunites\\\/#breadcrumb\"},\"inLanguage\":\"fr-FR\",\"potentialAction\":[{\"@type\":\"ReadAction\",\"target\":[\"https:\\\/\\\/worldpressfreedomcanada.ca\\\/fr\\\/hugo-larochelle-pionnier-de-lia-conferencier-principal-au-symposium-de-lpc-lia-et-la-presse-menaces-et-opportunites\\\/\"]}]},{\"@type\":\"ImageObject\",\"inLanguage\":\"fr-FR\",\"@id\":\"https:\\\/\\\/worldpressfreedomcanada.ca\\\/fr\\\/hugo-larochelle-pionnier-de-lia-conferencier-principal-au-symposium-de-lpc-lia-et-la-presse-menaces-et-opportunites\\\/#primaryimage\",\"url\":\"https:\\\/\\\/worldpressfreedomcanada.ca\\\/wp-content\\\/uploads\\\/2025\\\/10\\\/WPFC-Symposium-1-feature-image-1.jpg\",\"contentUrl\":\"https:\\\/\\\/worldpressfreedomcanada.ca\\\/wp-content\\\/uploads\\\/2025\\\/10\\\/WPFC-Symposium-1-feature-image-1.jpg\",\"width\":2100,\"height\":1500},{\"@type\":\"BreadcrumbList\",\"@id\":\"https:\\\/\\\/worldpressfreedomcanada.ca\\\/fr\\\/hugo-larochelle-pionnier-de-lia-conferencier-principal-au-symposium-de-lpc-lia-et-la-presse-menaces-et-opportunites\\\/#breadcrumb\",\"itemListElement\":[{\"@type\":\"ListItem\",\"position\":1,\"name\":\"Home\",\"item\":\"https:\\\/\\\/worldpressfreedomcanada.ca\\\/fr\\\/\"},{\"@type\":\"ListItem\",\"position\":2,\"name\":\"Hugo Larochelle, pionnier de l&#8217;IA, conf\u00e9rencier principal au symposium de LPC \u00ab L&#8217;IA et la presse : menaces et opportunit\u00e9s \u00bb\"}]},{\"@type\":\"WebSite\",\"@id\":\"https:\\\/\\\/worldpressfreedomcanada.ca\\\/fr\\\/#website\",\"url\":\"https:\\\/\\\/worldpressfreedomcanada.ca\\\/fr\\\/\",\"name\":\"World Press Freedom Canada\",\"description\":\"Championing press freedom, defending democracy\",\"potentialAction\":[{\"@type\":\"SearchAction\",\"target\":{\"@type\":\"EntryPoint\",\"urlTemplate\":\"https:\\\/\\\/worldpressfreedomcanada.ca\\\/fr\\\/?s={search_term_string}\"},\"query-input\":{\"@type\":\"PropertyValueSpecification\",\"valueRequired\":true,\"valueName\":\"search_term_string\"}}],\"inLanguage\":\"fr-FR\"},{\"@type\":\"Person\",\"@id\":\"https:\\\/\\\/worldpressfreedomcanada.ca\\\/fr\\\/#\\\/schema\\\/person\\\/1907c0afad865e42882b092f1f38e2bd\",\"name\":\"World Press Freedom Canada\",\"image\":{\"@type\":\"ImageObject\",\"inLanguage\":\"fr-FR\",\"@id\":\"https:\\\/\\\/secure.gravatar.com\\\/avatar\\\/3acd63b41908ece2f12137641c2f91f2a70ebdd284407ace98159911c9b04604?s=96&d=mm&r=g\",\"url\":\"https:\\\/\\\/secure.gravatar.com\\\/avatar\\\/3acd63b41908ece2f12137641c2f91f2a70ebdd284407ace98159911c9b04604?s=96&d=mm&r=g\",\"contentUrl\":\"https:\\\/\\\/secure.gravatar.com\\\/avatar\\\/3acd63b41908ece2f12137641c2f91f2a70ebdd284407ace98159911c9b04604?s=96&d=mm&r=g\",\"caption\":\"World Press Freedom Canada\"},\"url\":\"https:\\\/\\\/worldpressfreedomcanada.ca\\\/fr\\\/author\\\/world-press-freedom-canada\\\/\"}]}<\/script>\n<!-- \/ Yoast SEO plugin. -->","yoast_head_json":{"title":"Hugo Larochelle, pionnier de l'IA, conf\u00e9rencier principal au symposium de LPC \u00ab L'IA et la presse : menaces et opportunit\u00e9s \u00bb - World Press Freedom Canada","robots":{"index":"index","follow":"follow","max-snippet":"max-snippet:-1","max-image-preview":"max-image-preview:large","max-video-preview":"max-video-preview:-1"},"canonical":"https:\/\/worldpressfreedomcanada.ca\/fr\/hugo-larochelle-pionnier-de-lia-conferencier-principal-au-symposium-de-lpc-lia-et-la-presse-menaces-et-opportunites\/","og_locale":"fr_FR","og_type":"article","og_title":"Hugo Larochelle, pionnier de l'IA, conf\u00e9rencier principal au symposium de LPC \u00ab L'IA et la presse : menaces et opportunit\u00e9s \u00bb - World Press Freedom Canada","og_description":"Symposium visant \u00e0 explorer comment l&rsquo;intelligence artificielle remod\u00e8le le journalisme et la libert\u00e9 de la presse Libert\u00e9 de la presse Canada a le plaisir d&rsquo;annoncer que Hugo Larochelle, directeur scientifique du Mila, l&rsquo;Institut qu\u00e9b\u00e9cois d&rsquo;intelligence artificielle, sera le conf\u00e9rencier principal de notre symposium d&rsquo;automne. Le th\u00e8me de cette ann\u00e9e, \u00ab L&rsquo;IA et la presse : [&hellip;]","og_url":"https:\/\/worldpressfreedomcanada.ca\/fr\/hugo-larochelle-pionnier-de-lia-conferencier-principal-au-symposium-de-lpc-lia-et-la-presse-menaces-et-opportunites\/","og_site_name":"World Press Freedom Canada","article_published_time":"2025-10-27T08:00:00+00:00","og_image":[{"width":2100,"height":1500,"url":"https:\/\/worldpressfreedomcanada.ca\/wp-content\/uploads\/2025\/10\/WPFC-Symposium-1-feature-image-1.jpg","type":"image\/jpeg"}],"author":"World Press Freedom Canada","twitter_card":"summary_large_image","twitter_misc":{"\u00c9crit par":"World Press Freedom Canada","Dur\u00e9e de lecture estim\u00e9e":"2 minutes"},"schema":{"@context":"https:\/\/schema.org","@graph":[{"@type":"Article","@id":"https:\/\/worldpressfreedomcanada.ca\/fr\/hugo-larochelle-pionnier-de-lia-conferencier-principal-au-symposium-de-lpc-lia-et-la-presse-menaces-et-opportunites\/#article","isPartOf":{"@id":"https:\/\/worldpressfreedomcanada.ca\/fr\/hugo-larochelle-pionnier-de-lia-conferencier-principal-au-symposium-de-lpc-lia-et-la-presse-menaces-et-opportunites\/"},"author":{"name":"World Press Freedom Canada","@id":"https:\/\/worldpressfreedomcanada.ca\/fr\/#\/schema\/person\/1907c0afad865e42882b092f1f38e2bd"},"headline":"Hugo Larochelle, pionnier de l&rsquo;IA, conf\u00e9rencier principal au symposium de LPC \u00ab L&rsquo;IA et la presse : menaces et opportunit\u00e9s \u00bb","datePublished":"2025-10-27T08:00:00+00:00","mainEntityOfPage":{"@id":"https:\/\/worldpressfreedomcanada.ca\/fr\/hugo-larochelle-pionnier-de-lia-conferencier-principal-au-symposium-de-lpc-lia-et-la-presse-menaces-et-opportunites\/"},"wordCount":323,"image":{"@id":"https:\/\/worldpressfreedomcanada.ca\/fr\/hugo-larochelle-pionnier-de-lia-conferencier-principal-au-symposium-de-lpc-lia-et-la-presse-menaces-et-opportunites\/#primaryimage"},"thumbnailUrl":"https:\/\/worldpressfreedomcanada.ca\/wp-content\/uploads\/2025\/10\/WPFC-Symposium-1-feature-image-1.jpg","articleSection":["Communiqu\u00e9 de presse"],"inLanguage":"fr-FR"},{"@type":"WebPage","@id":"https:\/\/worldpressfreedomcanada.ca\/fr\/hugo-larochelle-pionnier-de-lia-conferencier-principal-au-symposium-de-lpc-lia-et-la-presse-menaces-et-opportunites\/","url":"https:\/\/worldpressfreedomcanada.ca\/fr\/hugo-larochelle-pionnier-de-lia-conferencier-principal-au-symposium-de-lpc-lia-et-la-presse-menaces-et-opportunites\/","name":"Hugo Larochelle, pionnier de l'IA, conf\u00e9rencier principal au symposium de LPC \u00ab L'IA et la presse : menaces et opportunit\u00e9s \u00bb - World Press Freedom Canada","isPartOf":{"@id":"https:\/\/worldpressfreedomcanada.ca\/fr\/#website"},"primaryImageOfPage":{"@id":"https:\/\/worldpressfreedomcanada.ca\/fr\/hugo-larochelle-pionnier-de-lia-conferencier-principal-au-symposium-de-lpc-lia-et-la-presse-menaces-et-opportunites\/#primaryimage"},"image":{"@id":"https:\/\/worldpressfreedomcanada.ca\/fr\/hugo-larochelle-pionnier-de-lia-conferencier-principal-au-symposium-de-lpc-lia-et-la-presse-menaces-et-opportunites\/#primaryimage"},"thumbnailUrl":"https:\/\/worldpressfreedomcanada.ca\/wp-content\/uploads\/2025\/10\/WPFC-Symposium-1-feature-image-1.jpg","datePublished":"2025-10-27T08:00:00+00:00","author":{"@id":"https:\/\/worldpressfreedomcanada.ca\/fr\/#\/schema\/person\/1907c0afad865e42882b092f1f38e2bd"},"breadcrumb":{"@id":"https:\/\/worldpressfreedomcanada.ca\/fr\/hugo-larochelle-pionnier-de-lia-conferencier-principal-au-symposium-de-lpc-lia-et-la-presse-menaces-et-opportunites\/#breadcrumb"},"inLanguage":"fr-FR","potentialAction":[{"@type":"ReadAction","target":["https:\/\/worldpressfreedomcanada.ca\/fr\/hugo-larochelle-pionnier-de-lia-conferencier-principal-au-symposium-de-lpc-lia-et-la-presse-menaces-et-opportunites\/"]}]},{"@type":"ImageObject","inLanguage":"fr-FR","@id":"https:\/\/worldpressfreedomcanada.ca\/fr\/hugo-larochelle-pionnier-de-lia-conferencier-principal-au-symposium-de-lpc-lia-et-la-presse-menaces-et-opportunites\/#primaryimage","url":"https:\/\/worldpressfreedomcanada.ca\/wp-content\/uploads\/2025\/10\/WPFC-Symposium-1-feature-image-1.jpg","contentUrl":"https:\/\/worldpressfreedomcanada.ca\/wp-content\/uploads\/2025\/10\/WPFC-Symposium-1-feature-image-1.jpg","width":2100,"height":1500},{"@type":"BreadcrumbList","@id":"https:\/\/worldpressfreedomcanada.ca\/fr\/hugo-larochelle-pionnier-de-lia-conferencier-principal-au-symposium-de-lpc-lia-et-la-presse-menaces-et-opportunites\/#breadcrumb","itemListElement":[{"@type":"ListItem","position":1,"name":"Home","item":"https:\/\/worldpressfreedomcanada.ca\/fr\/"},{"@type":"ListItem","position":2,"name":"Hugo Larochelle, pionnier de l&#8217;IA, conf\u00e9rencier principal au symposium de LPC \u00ab L&#8217;IA et la presse : menaces et opportunit\u00e9s \u00bb"}]},{"@type":"WebSite","@id":"https:\/\/worldpressfreedomcanada.ca\/fr\/#website","url":"https:\/\/worldpressfreedomcanada.ca\/fr\/","name":"World Press Freedom Canada","description":"Championing press freedom, defending democracy","potentialAction":[{"@type":"SearchAction","target":{"@type":"EntryPoint","urlTemplate":"https:\/\/worldpressfreedomcanada.ca\/fr\/?s={search_term_string}"},"query-input":{"@type":"PropertyValueSpecification","valueRequired":true,"valueName":"search_term_string"}}],"inLanguage":"fr-FR"},{"@type":"Person","@id":"https:\/\/worldpressfreedomcanada.ca\/fr\/#\/schema\/person\/1907c0afad865e42882b092f1f38e2bd","name":"World Press Freedom Canada","image":{"@type":"ImageObject","inLanguage":"fr-FR","@id":"https:\/\/secure.gravatar.com\/avatar\/3acd63b41908ece2f12137641c2f91f2a70ebdd284407ace98159911c9b04604?s=96&d=mm&r=g","url":"https:\/\/secure.gravatar.com\/avatar\/3acd63b41908ece2f12137641c2f91f2a70ebdd284407ace98159911c9b04604?s=96&d=mm&r=g","contentUrl":"https:\/\/secure.gravatar.com\/avatar\/3acd63b41908ece2f12137641c2f91f2a70ebdd284407ace98159911c9b04604?s=96&d=mm&r=g","caption":"World Press Freedom Canada"},"url":"https:\/\/worldpressfreedomcanada.ca\/fr\/author\/world-press-freedom-canada\/"}]}},"_links":{"self":[{"href":"https:\/\/worldpressfreedomcanada.ca\/fr\/wp-json\/wp\/v2\/posts\/21068","targetHints":{"allow":["GET"]}}],"collection":[{"href":"https:\/\/worldpressfreedomcanada.ca\/fr\/wp-json\/wp\/v2\/posts"}],"about":[{"href":"https:\/\/worldpressfreedomcanada.ca\/fr\/wp-json\/wp\/v2\/types\/post"}],"author":[{"embeddable":true,"href":"https:\/\/worldpressfreedomcanada.ca\/fr\/wp-json\/wp\/v2\/users\/8"}],"replies":[{"embeddable":true,"href":"https:\/\/worldpressfreedomcanada.ca\/fr\/wp-json\/wp\/v2\/comments?post=21068"}],"version-history":[{"count":1,"href":"https:\/\/worldpressfreedomcanada.ca\/fr\/wp-json\/wp\/v2\/posts\/21068\/revisions"}],"predecessor-version":[{"id":21071,"href":"https:\/\/worldpressfreedomcanada.ca\/fr\/wp-json\/wp\/v2\/posts\/21068\/revisions\/21071"}],"wp:featuredmedia":[{"embeddable":true,"href":"https:\/\/worldpressfreedomcanada.ca\/fr\/wp-json\/wp\/v2\/media\/20987"}],"wp:attachment":[{"href":"https:\/\/worldpressfreedomcanada.ca\/fr\/wp-json\/wp\/v2\/media?parent=21068"}],"wp:term":[{"taxonomy":"category","embeddable":true,"href":"https:\/\/worldpressfreedomcanada.ca\/fr\/wp-json\/wp\/v2\/categories?post=21068"},{"taxonomy":"post_tag","embeddable":true,"href":"https:\/\/worldpressfreedomcanada.ca\/fr\/wp-json\/wp\/v2\/tags?post=21068"}],"curies":[{"name":"wp","href":"https:\/\/api.w.org\/{rel}","templated":true}]}}