{"id":21195,"date":"2025-11-02T12:30:00","date_gmt":"2025-11-02T12:30:00","guid":{"rendered":"https:\/\/worldpressfreedomcanada.ca\/?p=21195"},"modified":"2025-11-01T18:56:22","modified_gmt":"2025-11-01T18:56:22","slug":"liberte-de-la-presse-canada-marque-la-journee-internationale-de-la-fin-de-limpunite-pour-les-crimes-commis-contre-les-journalistes","status":"publish","type":"post","link":"https:\/\/worldpressfreedomcanada.ca\/fr\/liberte-de-la-presse-canada-marque-la-journee-internationale-de-la-fin-de-limpunite-pour-les-crimes-commis-contre-les-journalistes\/","title":{"rendered":"Libert\u00e9 de la presse Canada marque la Journ\u00e9e internationale de la fin de l\u2019impunit\u00e9 pour les crimes commis contre les journalistes"},"content":{"rendered":"\n<p>Les attaques contre les journalistes, y compris les assassinats cibl\u00e9s, visent \u00e0 r\u00e9duire au silence ceux dont les reportages obligent les puissants \u00e0 rendre des comptes et font la lumi\u00e8re sur les zones d&rsquo;ombre. Les Nations unies ont d\u00e9sign\u00e9 le 2 novembre comme la<a href=\"https:\/\/www.unesco.org\/fr\/articles\/journee-internationale-de-la-fin-de-limpunite-pour-les-crimes-commis-contre-les-journalistes-2025\"> Journ\u00e9e internationale de la fin de l\u2019impunit\u00e9 pour les crimes commis contre les journalistes<\/a> et exhortent les gouvernements \u00e0 traduire en justice ceux qui s&rsquo;en prennent aux journalistes.<\/p>\n\n\n\n<p>Le <a href=\"https:\/\/cpj.org\/fr\/\">Comit\u00e9 pour la protection des journalistes<\/a>, bas\u00e9 aux \u00c9tats-Unis, a recens\u00e9 79 d\u00e9c\u00e8s de journalistes depuis le d\u00e9but de l&rsquo;ann\u00e9e 2025, dont 37 ont \u00e9t\u00e9 class\u00e9s comme des meurtres.\u00a0\u00a0<\/p>\n\n\n\n<p>Il accuse les Forces de d\u00e9fense isra\u00e9liennes d&rsquo;avoir assassin\u00e9 des professionnels des m\u00e9dias en prenant pour cible des tentes et des bureaux de presse dans les territoires palestiniens occup\u00e9s, au Y\u00e9men et en Iran, des attaques qui repr\u00e9sentent de loin le plus grand nombre de d\u00e9c\u00e8s de journalistes cette ann\u00e9e.<\/p>\n\n\n\n<p>L&rsquo;Am\u00e9rique latine et les Cara\u00efbes continuent d&rsquo;\u00eatre en proie \u00e0 un nombre \u00e9lev\u00e9 de meurtres de journalistes, dont la plupart restent non \u00e9lucid\u00e9s, selon les Nations unies.<\/p>\n\n\n\n<p>Si les meurtres constituent la forme la plus extr\u00eame de censure des m\u00e9dias, les journalistes sont \u00e9galement victimes d&rsquo;innombrables menaces, allant des enl\u00e8vements, tortures et autres agressions physiques au harc\u00e8lement, en particulier dans la sph\u00e8re num\u00e9rique.<\/p>\n\n\n\n<p><a href=\"https:\/\/worldpressfreedomcanada.ca\/fr\/\">Libert\u00e9 de la presse Canada<\/a> exhorte les gouvernements du monde entier \u00e0 \u0153uvrer pour mettre fin \u00e0 l&rsquo;impunit\u00e9 dont b\u00e9n\u00e9ficient ceux qui s&rsquo;en prennent aux journalistes. Nous rendons hommage aux courageux professionnels des m\u00e9dias qui poursuivent leur travail malgr\u00e9 les menaces de mort, les blessures et les intimidations.<\/p>\n\n\n\n<p>Parmi les victimes en 2025 :<\/p>\n\n\n\n<p><strong>Miguel \u00c1ngel Beltran<\/strong> \u2014 Mexique. Journaliste de presse \u00e9crite \u00e0 Durango. Couvrait les cartels de la drogue. Retrouv\u00e9 mort sur une autoroute avec une sinistre note \u00e9pingl\u00e9e sur lui.<\/p>\n\n\n\n<p><strong>Ahmed Mansour<\/strong> \u2014 Isra\u00ebl et Territoires palestiniens occup\u00e9s. R\u00e9dacteur en chef de Palestine Today. Tu\u00e9 lors d&rsquo;une frappe a\u00e9rienne isra\u00e9lienne qui a touch\u00e9 une tente abritant des m\u00e9dias.<\/p>\n\n\n\n<p><strong>Antoni Lillian<\/strong> \u2014 Ukraine. Photojournaliste fran\u00e7ais. Tu\u00e9 lorsqu&rsquo;un drone russe a pris pour cible des professionnels des m\u00e9dias clairement identifi\u00e9s.<\/p>\n\n\n\n<p><strong>Javier H\u00e9rcule<\/strong> \u2014 Honduras. Journaliste sp\u00e9cialis\u00e9 dans les affaires criminelles pour ATN Noticias TV. Deux assaillants non identifi\u00e9s \u00e0 moto ont abattu le journaliste, qui \u00e9tait inscrit au syst\u00e8me national de protection des journalistes du Honduras.<\/p>\n\n\n\n<p><strong>Nima Rajapour<\/strong> \u2014 Iran. R\u00e9dacteur en chef de l&rsquo;Islamic Republic of Iran Broadcasting. D\u00e9c\u00e9d\u00e9 des suites de ses blessures lors d&rsquo;une frappe a\u00e9rienne isra\u00e9lienne contre la cha\u00eene publique iranienne.<\/p>\n\n\n\n<p><br><\/p>\n","protected":false},"excerpt":{"rendered":"<p>Les attaques contre les journalistes, y compris les assassinats cibl\u00e9s, visent \u00e0 r\u00e9duire au silence ceux dont les reportages obligent les puissants \u00e0 rendre des comptes et font la lumi\u00e8re sur les zones d&rsquo;ombre. Les Nations unies ont d\u00e9sign\u00e9 le 2 novembre comme la Journ\u00e9e internationale de la fin de l\u2019impunit\u00e9 pour les crimes commis [&hellip;]<\/p>\n","protected":false},"author":8,"featured_media":0,"comment_status":"closed","ping_status":"closed","sticky":false,"template":"","format":"standard","meta":{"_acf_changed":false,"_price":"","_stock":"","_tribe_ticket_header":"","_tribe_default_ticket_provider":"","_tribe_ticket_capacity":"0","_ticket_start_date":"","_ticket_end_date":"","_tribe_ticket_show_description":"","_tribe_ticket_show_not_going":false,"_tribe_ticket_use_global_stock":"","_tribe_ticket_global_stock_level":"","_global_stock_mode":"","_global_stock_cap":"","_tribe_rsvp_for_event":"","_tribe_ticket_going_count":"","_tribe_ticket_not_going_count":"","_tribe_tickets_list":"[]","_tribe_ticket_has_attendee_info_fields":false,"footnotes":""},"categories":[35],"tags":[],"class_list":["post-21195","post","type-post","status-publish","format-standard","hentry","category-declaration"],"acf":[],"yoast_head":"<!-- This site is optimized with the Yoast SEO plugin v27.4 - https:\/\/yoast.com\/product\/yoast-seo-wordpress\/ -->\n<title>Libert\u00e9 de la presse Canada marque la Journ\u00e9e internationale de la fin de l\u2019impunit\u00e9 pour les crimes commis contre les journalistes - World Press Freedom Canada<\/title>\n<meta name=\"robots\" content=\"index, follow, max-snippet:-1, max-image-preview:large, max-video-preview:-1\" \/>\n<link rel=\"canonical\" href=\"https:\/\/worldpressfreedomcanada.ca\/fr\/liberte-de-la-presse-canada-marque-la-journee-internationale-de-la-fin-de-limpunite-pour-les-crimes-commis-contre-les-journalistes\/\" \/>\n<meta property=\"og:locale\" content=\"fr_FR\" \/>\n<meta property=\"og:type\" content=\"article\" \/>\n<meta property=\"og:title\" content=\"Libert\u00e9 de la presse Canada marque la Journ\u00e9e internationale de la fin de l\u2019impunit\u00e9 pour les crimes commis contre les journalistes - World Press Freedom Canada\" \/>\n<meta property=\"og:description\" content=\"Les attaques contre les journalistes, y compris les assassinats cibl\u00e9s, visent \u00e0 r\u00e9duire au silence ceux dont les reportages obligent les puissants \u00e0 rendre des comptes et font la lumi\u00e8re sur les zones d&rsquo;ombre. Les Nations unies ont d\u00e9sign\u00e9 le 2 novembre comme la Journ\u00e9e internationale de la fin de l\u2019impunit\u00e9 pour les crimes commis [&hellip;]\" \/>\n<meta property=\"og:url\" content=\"https:\/\/worldpressfreedomcanada.ca\/fr\/liberte-de-la-presse-canada-marque-la-journee-internationale-de-la-fin-de-limpunite-pour-les-crimes-commis-contre-les-journalistes\/\" \/>\n<meta property=\"og:site_name\" content=\"World Press Freedom Canada\" \/>\n<meta property=\"article:published_time\" content=\"2025-11-02T12:30:00+00:00\" \/>\n<meta name=\"author\" content=\"World Press Freedom Canada\" \/>\n<meta name=\"twitter:card\" content=\"summary_large_image\" \/>\n<meta name=\"twitter:label1\" content=\"\u00c9crit par\" \/>\n\t<meta name=\"twitter:data1\" content=\"World Press Freedom Canada\" \/>\n\t<meta name=\"twitter:label2\" content=\"Dur\u00e9e de lecture estim\u00e9e\" \/>\n\t<meta name=\"twitter:data2\" content=\"2 minutes\" \/>\n<script type=\"application\/ld+json\" class=\"yoast-schema-graph\">{\"@context\":\"https:\\\/\\\/schema.org\",\"@graph\":[{\"@type\":\"Article\",\"@id\":\"https:\\\/\\\/worldpressfreedomcanada.ca\\\/fr\\\/liberte-de-la-presse-canada-marque-la-journee-internationale-de-la-fin-de-limpunite-pour-les-crimes-commis-contre-les-journalistes\\\/#article\",\"isPartOf\":{\"@id\":\"https:\\\/\\\/worldpressfreedomcanada.ca\\\/fr\\\/liberte-de-la-presse-canada-marque-la-journee-internationale-de-la-fin-de-limpunite-pour-les-crimes-commis-contre-les-journalistes\\\/\"},\"author\":{\"name\":\"World Press Freedom Canada\",\"@id\":\"https:\\\/\\\/worldpressfreedomcanada.ca\\\/fr\\\/#\\\/schema\\\/person\\\/1907c0afad865e42882b092f1f38e2bd\"},\"headline\":\"Libert\u00e9 de la presse Canada marque la Journ\u00e9e internationale de la fin de l\u2019impunit\u00e9 pour les crimes commis contre les journalistes\",\"datePublished\":\"2025-11-02T12:30:00+00:00\",\"mainEntityOfPage\":{\"@id\":\"https:\\\/\\\/worldpressfreedomcanada.ca\\\/fr\\\/liberte-de-la-presse-canada-marque-la-journee-internationale-de-la-fin-de-limpunite-pour-les-crimes-commis-contre-les-journalistes\\\/\"},\"wordCount\":468,\"articleSection\":[\"D\u00e9claration\"],\"inLanguage\":\"fr-FR\"},{\"@type\":\"WebPage\",\"@id\":\"https:\\\/\\\/worldpressfreedomcanada.ca\\\/fr\\\/liberte-de-la-presse-canada-marque-la-journee-internationale-de-la-fin-de-limpunite-pour-les-crimes-commis-contre-les-journalistes\\\/\",\"url\":\"https:\\\/\\\/worldpressfreedomcanada.ca\\\/fr\\\/liberte-de-la-presse-canada-marque-la-journee-internationale-de-la-fin-de-limpunite-pour-les-crimes-commis-contre-les-journalistes\\\/\",\"name\":\"Libert\u00e9 de la presse Canada marque la Journ\u00e9e internationale de la fin de l\u2019impunit\u00e9 pour les crimes commis contre les journalistes - World Press Freedom Canada\",\"isPartOf\":{\"@id\":\"https:\\\/\\\/worldpressfreedomcanada.ca\\\/fr\\\/#website\"},\"datePublished\":\"2025-11-02T12:30:00+00:00\",\"author\":{\"@id\":\"https:\\\/\\\/worldpressfreedomcanada.ca\\\/fr\\\/#\\\/schema\\\/person\\\/1907c0afad865e42882b092f1f38e2bd\"},\"breadcrumb\":{\"@id\":\"https:\\\/\\\/worldpressfreedomcanada.ca\\\/fr\\\/liberte-de-la-presse-canada-marque-la-journee-internationale-de-la-fin-de-limpunite-pour-les-crimes-commis-contre-les-journalistes\\\/#breadcrumb\"},\"inLanguage\":\"fr-FR\",\"potentialAction\":[{\"@type\":\"ReadAction\",\"target\":[\"https:\\\/\\\/worldpressfreedomcanada.ca\\\/fr\\\/liberte-de-la-presse-canada-marque-la-journee-internationale-de-la-fin-de-limpunite-pour-les-crimes-commis-contre-les-journalistes\\\/\"]}]},{\"@type\":\"BreadcrumbList\",\"@id\":\"https:\\\/\\\/worldpressfreedomcanada.ca\\\/fr\\\/liberte-de-la-presse-canada-marque-la-journee-internationale-de-la-fin-de-limpunite-pour-les-crimes-commis-contre-les-journalistes\\\/#breadcrumb\",\"itemListElement\":[{\"@type\":\"ListItem\",\"position\":1,\"name\":\"Home\",\"item\":\"https:\\\/\\\/worldpressfreedomcanada.ca\\\/fr\\\/\"},{\"@type\":\"ListItem\",\"position\":2,\"name\":\"Libert\u00e9 de la presse Canada marque la Journ\u00e9e internationale de la fin de l\u2019impunit\u00e9 pour les crimes commis contre les journalistes\"}]},{\"@type\":\"WebSite\",\"@id\":\"https:\\\/\\\/worldpressfreedomcanada.ca\\\/fr\\\/#website\",\"url\":\"https:\\\/\\\/worldpressfreedomcanada.ca\\\/fr\\\/\",\"name\":\"World Press Freedom Canada\",\"description\":\"Championing press freedom, defending democracy\",\"potentialAction\":[{\"@type\":\"SearchAction\",\"target\":{\"@type\":\"EntryPoint\",\"urlTemplate\":\"https:\\\/\\\/worldpressfreedomcanada.ca\\\/fr\\\/?s={search_term_string}\"},\"query-input\":{\"@type\":\"PropertyValueSpecification\",\"valueRequired\":true,\"valueName\":\"search_term_string\"}}],\"inLanguage\":\"fr-FR\"},{\"@type\":\"Person\",\"@id\":\"https:\\\/\\\/worldpressfreedomcanada.ca\\\/fr\\\/#\\\/schema\\\/person\\\/1907c0afad865e42882b092f1f38e2bd\",\"name\":\"World Press Freedom Canada\",\"image\":{\"@type\":\"ImageObject\",\"inLanguage\":\"fr-FR\",\"@id\":\"https:\\\/\\\/secure.gravatar.com\\\/avatar\\\/3acd63b41908ece2f12137641c2f91f2a70ebdd284407ace98159911c9b04604?s=96&d=mm&r=g\",\"url\":\"https:\\\/\\\/secure.gravatar.com\\\/avatar\\\/3acd63b41908ece2f12137641c2f91f2a70ebdd284407ace98159911c9b04604?s=96&d=mm&r=g\",\"contentUrl\":\"https:\\\/\\\/secure.gravatar.com\\\/avatar\\\/3acd63b41908ece2f12137641c2f91f2a70ebdd284407ace98159911c9b04604?s=96&d=mm&r=g\",\"caption\":\"World Press Freedom Canada\"},\"url\":\"https:\\\/\\\/worldpressfreedomcanada.ca\\\/fr\\\/author\\\/world-press-freedom-canada\\\/\"}]}<\/script>\n<!-- \/ Yoast SEO plugin. -->","yoast_head_json":{"title":"Libert\u00e9 de la presse Canada marque la Journ\u00e9e internationale de la fin de l\u2019impunit\u00e9 pour les crimes commis contre les journalistes - World Press Freedom Canada","robots":{"index":"index","follow":"follow","max-snippet":"max-snippet:-1","max-image-preview":"max-image-preview:large","max-video-preview":"max-video-preview:-1"},"canonical":"https:\/\/worldpressfreedomcanada.ca\/fr\/liberte-de-la-presse-canada-marque-la-journee-internationale-de-la-fin-de-limpunite-pour-les-crimes-commis-contre-les-journalistes\/","og_locale":"fr_FR","og_type":"article","og_title":"Libert\u00e9 de la presse Canada marque la Journ\u00e9e internationale de la fin de l\u2019impunit\u00e9 pour les crimes commis contre les journalistes - World Press Freedom Canada","og_description":"Les attaques contre les journalistes, y compris les assassinats cibl\u00e9s, visent \u00e0 r\u00e9duire au silence ceux dont les reportages obligent les puissants \u00e0 rendre des comptes et font la lumi\u00e8re sur les zones d&rsquo;ombre. Les Nations unies ont d\u00e9sign\u00e9 le 2 novembre comme la Journ\u00e9e internationale de la fin de l\u2019impunit\u00e9 pour les crimes commis [&hellip;]","og_url":"https:\/\/worldpressfreedomcanada.ca\/fr\/liberte-de-la-presse-canada-marque-la-journee-internationale-de-la-fin-de-limpunite-pour-les-crimes-commis-contre-les-journalistes\/","og_site_name":"World Press Freedom Canada","article_published_time":"2025-11-02T12:30:00+00:00","author":"World Press Freedom Canada","twitter_card":"summary_large_image","twitter_misc":{"\u00c9crit par":"World Press Freedom Canada","Dur\u00e9e de lecture estim\u00e9e":"2 minutes"},"schema":{"@context":"https:\/\/schema.org","@graph":[{"@type":"Article","@id":"https:\/\/worldpressfreedomcanada.ca\/fr\/liberte-de-la-presse-canada-marque-la-journee-internationale-de-la-fin-de-limpunite-pour-les-crimes-commis-contre-les-journalistes\/#article","isPartOf":{"@id":"https:\/\/worldpressfreedomcanada.ca\/fr\/liberte-de-la-presse-canada-marque-la-journee-internationale-de-la-fin-de-limpunite-pour-les-crimes-commis-contre-les-journalistes\/"},"author":{"name":"World Press Freedom Canada","@id":"https:\/\/worldpressfreedomcanada.ca\/fr\/#\/schema\/person\/1907c0afad865e42882b092f1f38e2bd"},"headline":"Libert\u00e9 de la presse Canada marque la Journ\u00e9e internationale de la fin de l\u2019impunit\u00e9 pour les crimes commis contre les journalistes","datePublished":"2025-11-02T12:30:00+00:00","mainEntityOfPage":{"@id":"https:\/\/worldpressfreedomcanada.ca\/fr\/liberte-de-la-presse-canada-marque-la-journee-internationale-de-la-fin-de-limpunite-pour-les-crimes-commis-contre-les-journalistes\/"},"wordCount":468,"articleSection":["D\u00e9claration"],"inLanguage":"fr-FR"},{"@type":"WebPage","@id":"https:\/\/worldpressfreedomcanada.ca\/fr\/liberte-de-la-presse-canada-marque-la-journee-internationale-de-la-fin-de-limpunite-pour-les-crimes-commis-contre-les-journalistes\/","url":"https:\/\/worldpressfreedomcanada.ca\/fr\/liberte-de-la-presse-canada-marque-la-journee-internationale-de-la-fin-de-limpunite-pour-les-crimes-commis-contre-les-journalistes\/","name":"Libert\u00e9 de la presse Canada marque la Journ\u00e9e internationale de la fin de l\u2019impunit\u00e9 pour les crimes commis contre les journalistes - World Press Freedom Canada","isPartOf":{"@id":"https:\/\/worldpressfreedomcanada.ca\/fr\/#website"},"datePublished":"2025-11-02T12:30:00+00:00","author":{"@id":"https:\/\/worldpressfreedomcanada.ca\/fr\/#\/schema\/person\/1907c0afad865e42882b092f1f38e2bd"},"breadcrumb":{"@id":"https:\/\/worldpressfreedomcanada.ca\/fr\/liberte-de-la-presse-canada-marque-la-journee-internationale-de-la-fin-de-limpunite-pour-les-crimes-commis-contre-les-journalistes\/#breadcrumb"},"inLanguage":"fr-FR","potentialAction":[{"@type":"ReadAction","target":["https:\/\/worldpressfreedomcanada.ca\/fr\/liberte-de-la-presse-canada-marque-la-journee-internationale-de-la-fin-de-limpunite-pour-les-crimes-commis-contre-les-journalistes\/"]}]},{"@type":"BreadcrumbList","@id":"https:\/\/worldpressfreedomcanada.ca\/fr\/liberte-de-la-presse-canada-marque-la-journee-internationale-de-la-fin-de-limpunite-pour-les-crimes-commis-contre-les-journalistes\/#breadcrumb","itemListElement":[{"@type":"ListItem","position":1,"name":"Home","item":"https:\/\/worldpressfreedomcanada.ca\/fr\/"},{"@type":"ListItem","position":2,"name":"Libert\u00e9 de la presse Canada marque la Journ\u00e9e internationale de la fin de l\u2019impunit\u00e9 pour les crimes commis contre les journalistes"}]},{"@type":"WebSite","@id":"https:\/\/worldpressfreedomcanada.ca\/fr\/#website","url":"https:\/\/worldpressfreedomcanada.ca\/fr\/","name":"World Press Freedom Canada","description":"Championing press freedom, defending democracy","potentialAction":[{"@type":"SearchAction","target":{"@type":"EntryPoint","urlTemplate":"https:\/\/worldpressfreedomcanada.ca\/fr\/?s={search_term_string}"},"query-input":{"@type":"PropertyValueSpecification","valueRequired":true,"valueName":"search_term_string"}}],"inLanguage":"fr-FR"},{"@type":"Person","@id":"https:\/\/worldpressfreedomcanada.ca\/fr\/#\/schema\/person\/1907c0afad865e42882b092f1f38e2bd","name":"World Press Freedom Canada","image":{"@type":"ImageObject","inLanguage":"fr-FR","@id":"https:\/\/secure.gravatar.com\/avatar\/3acd63b41908ece2f12137641c2f91f2a70ebdd284407ace98159911c9b04604?s=96&d=mm&r=g","url":"https:\/\/secure.gravatar.com\/avatar\/3acd63b41908ece2f12137641c2f91f2a70ebdd284407ace98159911c9b04604?s=96&d=mm&r=g","contentUrl":"https:\/\/secure.gravatar.com\/avatar\/3acd63b41908ece2f12137641c2f91f2a70ebdd284407ace98159911c9b04604?s=96&d=mm&r=g","caption":"World Press Freedom Canada"},"url":"https:\/\/worldpressfreedomcanada.ca\/fr\/author\/world-press-freedom-canada\/"}]}},"_links":{"self":[{"href":"https:\/\/worldpressfreedomcanada.ca\/fr\/wp-json\/wp\/v2\/posts\/21195","targetHints":{"allow":["GET"]}}],"collection":[{"href":"https:\/\/worldpressfreedomcanada.ca\/fr\/wp-json\/wp\/v2\/posts"}],"about":[{"href":"https:\/\/worldpressfreedomcanada.ca\/fr\/wp-json\/wp\/v2\/types\/post"}],"author":[{"embeddable":true,"href":"https:\/\/worldpressfreedomcanada.ca\/fr\/wp-json\/wp\/v2\/users\/8"}],"replies":[{"embeddable":true,"href":"https:\/\/worldpressfreedomcanada.ca\/fr\/wp-json\/wp\/v2\/comments?post=21195"}],"version-history":[{"count":1,"href":"https:\/\/worldpressfreedomcanada.ca\/fr\/wp-json\/wp\/v2\/posts\/21195\/revisions"}],"predecessor-version":[{"id":21196,"href":"https:\/\/worldpressfreedomcanada.ca\/fr\/wp-json\/wp\/v2\/posts\/21195\/revisions\/21196"}],"wp:attachment":[{"href":"https:\/\/worldpressfreedomcanada.ca\/fr\/wp-json\/wp\/v2\/media?parent=21195"}],"wp:term":[{"taxonomy":"category","embeddable":true,"href":"https:\/\/worldpressfreedomcanada.ca\/fr\/wp-json\/wp\/v2\/categories?post=21195"},{"taxonomy":"post_tag","embeddable":true,"href":"https:\/\/worldpressfreedomcanada.ca\/fr\/wp-json\/wp\/v2\/tags?post=21195"}],"curies":[{"name":"wp","href":"https:\/\/api.w.org\/{rel}","templated":true}]}}