{"id":21233,"date":"2025-11-27T00:43:07","date_gmt":"2025-11-27T00:43:07","guid":{"rendered":"https:\/\/worldpressfreedomcanada.ca\/?p=21233"},"modified":"2025-11-27T00:45:03","modified_gmt":"2025-11-27T00:45:03","slug":"linteret-public-doit-guider-lapproche-du-canada-en-matiere-dia-2","status":"publish","type":"post","link":"https:\/\/worldpressfreedomcanada.ca\/fr\/linteret-public-doit-guider-lapproche-du-canada-en-matiere-dia-2\/","title":{"rendered":"L&rsquo;int\u00e9r\u00eat public doit guider l&rsquo;approche du Canada en mati\u00e8re d&rsquo;IA"},"content":{"rendered":"\n<p>L&rsquo;intelligence artificielle remod\u00e8le notre monde \u00e0 un rythme qui exige \u00e0 la fois prudence et rapidit\u00e9 dans la d\u00e9termination de son utilisation et de sa gestion.<\/p>\n\n\n\n<p>Le d\u00e9ploiement de l&rsquo;IA comporte \u00e0 la fois des menaces et des opportunit\u00e9s pour la collecte et la diffusion d&rsquo;informations factuelles, essentielles \u00e0 notre d\u00e9mocratie. \u00c0 ce titre, il est \u00e9troitement li\u00e9 \u00e0 la libert\u00e9 de la presse.<\/p>\n\n\n\n<p>Nous avons observ\u00e9 comment l&rsquo;\u00e9rosion des mod\u00e8les \u00e9conomiques des salles de r\u00e9daction traditionnelles a compromis la capacit\u00e9 des journalistes \u00e0 remplir leur r\u00f4le essentiel d&rsquo;informateurs et de gardiens.<\/p>\n\n\n\n<p>Plus r\u00e9cemment, la propagation de la m\u00e9sinformation et de la d\u00e9sinformation a pollu\u00e9 l&rsquo;\u00e9cosyst\u00e8me m\u00e9diatique et \u00e9rod\u00e9 la confiance dans toutes les plateformes m\u00e9diatiques.<\/p>\n\n\n\n<p>Notre point de vue sur l&rsquo;IA est motiv\u00e9 par notre conviction profonde que le Canada doit disposer de m\u00e9dias d&rsquo;information solides et ind\u00e9pendants pour informer notre soci\u00e9t\u00e9 et prot\u00e9ger notre \u00e9conomie et notre d\u00e9mocratie.<\/p>\n\n\n\n<p>Nous encourageons le gouvernement \u00e0 adopter une approche \u00e9quilibr\u00e9e qui favorise le d\u00e9veloppement de l&rsquo;IA tout en mettant en place des garde-fous contre les abus.<\/p>\n\n\n\n<p>Le gouvernement f\u00e9d\u00e9ral doit veiller \u00e0 ce que le pays reste \u00e0 la pointe de la technologie de l&rsquo;IA et de son d\u00e9ploiement.<\/p>\n\n\n\n<p>Nous devons briser l&#8217;emprise qu&rsquo;une poign\u00e9e de m\u00e9ga-entreprises \u00e9trang\u00e8res, principalement am\u00e9ricaines, exercent sur la vie num\u00e9rique des Canadiens, en particulier sur les plateformes de m\u00e9dias sociaux. Le d\u00e9ploiement de l&rsquo;IA ne doit pas suivre la m\u00eame trajectoire de concentration de la propri\u00e9t\u00e9 qui sert les int\u00e9r\u00eats des milliardaires \u00e9trangers du secteur technologique.<\/p>\n\n\n\n<p>Nous mettons toutefois en garde contre la poursuite d&rsquo;objectifs de souverainet\u00e9 en favorisant les fournisseurs nationaux tout en n\u00e9gligeant les int\u00e9r\u00eats des consommateurs et des cr\u00e9ateurs de contenu, notamment les journalistes et les entreprises de presse.<\/p>\n\n\n\n<p>La protection de la vie priv\u00e9e et de la propri\u00e9t\u00e9 intellectuelle des Canadiens doit \u00eatre une caract\u00e9ristique essentielle de toute approche f\u00e9d\u00e9rale en mati\u00e8re d&rsquo;IA. Les grands syst\u00e8mes de mod\u00e8les linguistiques qui r\u00e9cup\u00e8rent des informations sur les sites web et volent essentiellement du contenu peuvent nuire au maintien d&rsquo;un \u00e9cosyst\u00e8me d&rsquo;information solide.<\/p>\n\n\n\n<p>Les plateformes aliment\u00e9es par l&rsquo;IA peuvent acc\u00e9l\u00e9rer les efforts visant \u00e0 diffuser la d\u00e9sinformation et \u00e0 polluer le discours public. Les entreprises d&rsquo;IA devraient \u00eatre tenues responsables de l&rsquo;exactitude de leur contenu et fournir des informations compl\u00e8tes sur leurs sources.<\/p>\n\n\n\n<p>Bien que l&rsquo;IA comporte des risques, cette technologie offre \u00e9galement d&rsquo;\u00e9normes avantages qui doivent \u00eatre largement partag\u00e9s avec la population canadienne afin d&rsquo;\u00e9viter de creuser davantage la fracture num\u00e9rique.<\/p>\n\n\n\n<p>La plupart des Canadiens sont en situation de privation constante d&rsquo;information et 2,5 millions de personnes dans ce pays n&rsquo;ont pratiquement pas acc\u00e8s aux informations locales, selon un r\u00e9cent <a href=\"https:\/\/www.policyalternatives.ca\/news-research\/news-deprivation\/\">rapport du Centre canadien de politiques alternatives<\/a>.<\/p>\n\n\n\n<p>L&rsquo;IA peut-elle contribuer \u00e0 combler ces lacunes ? C&rsquo;est possible. Les grands mod\u00e8les linguistiques peuvent synth\u00e9tiser et organiser de vastes quantit\u00e9s de donn\u00e9es \u00e0 l&rsquo;appui du journalisme.<\/p>\n\n\n\n<p>Le public doit passer avant tout. Des directives \u00e9thiques doivent guider chaque d\u00e9ploiement de l&rsquo;IA dans les salles de r\u00e9daction.<\/p>\n\n\n\n<p>La LPC approuve les <a href=\"https:\/\/www.newsmediaalliance.org\/global-principles-on-artificial-intelligence-ai\/\">principes mondiaux sur l&rsquo;intelligence artificielle<\/a> de l&rsquo;Alliance internationale des m\u00e9dias d&rsquo;information et exhorte le gouvernement \u00e0 int\u00e9grer ces principes dans sa strat\u00e9gie en mati\u00e8re d&rsquo;IA.<\/p>\n\n\n\n<p>Ces principes sont les suivants :<\/p>\n\n\n\n<ul class=\"wp-block-list\">\n<li>Les d\u00e9veloppeurs, les op\u00e9rateurs et les d\u00e9ployeurs de syst\u00e8mes d&rsquo;IA doivent respecter les droits de propri\u00e9t\u00e9 intellectuelle des cr\u00e9ateurs de contenu.<\/li>\n\n\n\n<li>Les \u00e9diteurs doivent recevoir une r\u00e9mun\u00e9ration ad\u00e9quate pour l&rsquo;utilisation de contenu prot\u00e9g\u00e9 par le droit d&rsquo;auteur.<\/li>\n\n\n\n<li>Les fournisseurs et les d\u00e9ployeurs de syst\u00e8mes d&rsquo;IA doivent garantir la responsabilit\u00e9 de leurs r\u00e9sultats. Les syst\u00e8mes d&rsquo;IA pr\u00e9sentent des risques pour la concurrence et la confiance du public dans la qualit\u00e9 et l&rsquo;exactitude du contenu.<\/li>\n\n\n\n<li>Les syst\u00e8mes d&rsquo;IA doivent \u00eatre fiables. Les syst\u00e8mes et mod\u00e8les d&rsquo;IA doivent \u00eatre con\u00e7us de mani\u00e8re \u00e0 promouvoir des sources d&rsquo;information fiables et dignes de confiance, produites selon les m\u00eames normes professionnelles que celles qui s&rsquo;appliquent aux \u00e9diteurs et aux entreprises de m\u00e9dias. Les d\u00e9veloppeurs et les d\u00e9ployeurs d&rsquo;IA doivent faire tout leur possible pour garantir que le contenu g\u00e9n\u00e9r\u00e9 par l&rsquo;IA est exact, correct et complet. Les syst\u00e8mes d&rsquo;IA doivent \u00eatre s\u00fbrs et tenir compte des risques li\u00e9s \u00e0 la vie priv\u00e9e. La collecte et l&rsquo;utilisation de donn\u00e9es personnelles dans la conception, la formation et l&rsquo;utilisation des syst\u00e8mes d&rsquo;IA doivent \u00eatre l\u00e9gales et faire l&rsquo;objet d&rsquo;une divulgation compl\u00e8te et facile \u00e0 comprendre pour les utilisateurs.<\/li>\n<\/ul>\n\n\n\n<p>Ces principes fondamentaux ne peuvent \u00eatre laiss\u00e9s \u00e0 la discr\u00e9tion des acteurs concern\u00e9s. Il appartient au gouvernement de veiller \u00e0 ce que l&rsquo;innovation technologique ne nuise pas aux institutions essentielles et profite au contraire au plus grand nombre de Canadiens.<\/p>\n\n\n\n<p>L&rsquo;int\u00e9r\u00eat public doit guider l&rsquo;approche du Canada en mati\u00e8re d&rsquo;adoption et de mise en \u0153uvre de l&rsquo;IA. Une surveillance r\u00e9glementaire est n\u00e9cessaire pour att\u00e9nuer les risques et garantir que les avantages de l&rsquo;IA soient largement partag\u00e9s.<\/p>\n\n\n\n<p><strong><em>(Une <\/em><\/strong><a href=\"https:\/\/worldpressfreedomcanada.ca\/fr\/linteret-public-doit-guider-lapproche-du-canada-en-matiere-dia\/\"><strong><em>version de cet \u00e9ditorial<\/em><\/strong><\/a><strong><em> a \u00e9t\u00e9 soumise au groupe de travail sur la strat\u00e9gie en mati\u00e8re d&rsquo;IA du ministre Evan Solomon.)<\/em><\/strong><\/p>\n","protected":false},"excerpt":{"rendered":"<p>L&rsquo;intelligence artificielle remod\u00e8le notre monde \u00e0 un rythme qui exige \u00e0 la fois prudence et rapidit\u00e9 dans la d\u00e9termination de son utilisation et de sa gestion. Le d\u00e9ploiement de l&rsquo;IA comporte \u00e0 la fois des menaces et des opportunit\u00e9s pour la collecte et la diffusion d&rsquo;informations factuelles, essentielles \u00e0 notre d\u00e9mocratie. \u00c0 ce titre, il [&hellip;]<\/p>\n","protected":false},"author":8,"featured_media":21231,"comment_status":"closed","ping_status":"closed","sticky":false,"template":"","format":"standard","meta":{"_acf_changed":false,"_price":"","_stock":"","_tribe_ticket_header":"","_tribe_default_ticket_provider":"","_tribe_ticket_capacity":"0","_ticket_start_date":"","_ticket_end_date":"","_tribe_ticket_show_description":"","_tribe_ticket_show_not_going":false,"_tribe_ticket_use_global_stock":"","_tribe_ticket_global_stock_level":"","_global_stock_mode":"","_global_stock_cap":"","_tribe_rsvp_for_event":"","_tribe_ticket_going_count":"","_tribe_ticket_not_going_count":"","_tribe_tickets_list":"[]","_tribe_ticket_has_attendee_info_fields":false,"footnotes":""},"categories":[21],"tags":[],"class_list":["post-21233","post","type-post","status-publish","format-standard","has-post-thumbnail","hentry","category-la-depeche"],"acf":[],"yoast_head":"<!-- This site is optimized with the Yoast SEO plugin v27.5 - https:\/\/yoast.com\/product\/yoast-seo-wordpress\/ -->\n<title>L&#039;int\u00e9r\u00eat public doit guider l&#039;approche du Canada en mati\u00e8re d&#039;IA - World Press Freedom Canada<\/title>\n<meta name=\"robots\" content=\"index, follow, max-snippet:-1, max-image-preview:large, max-video-preview:-1\" \/>\n<link rel=\"canonical\" href=\"https:\/\/worldpressfreedomcanada.ca\/fr\/linteret-public-doit-guider-lapproche-du-canada-en-matiere-dia-2\/\" \/>\n<meta property=\"og:locale\" content=\"fr_FR\" \/>\n<meta property=\"og:type\" content=\"article\" \/>\n<meta property=\"og:title\" content=\"L&#039;int\u00e9r\u00eat public doit guider l&#039;approche du Canada en mati\u00e8re d&#039;IA - World Press Freedom Canada\" \/>\n<meta property=\"og:description\" content=\"L&rsquo;intelligence artificielle remod\u00e8le notre monde \u00e0 un rythme qui exige \u00e0 la fois prudence et rapidit\u00e9 dans la d\u00e9termination de son utilisation et de sa gestion. Le d\u00e9ploiement de l&rsquo;IA comporte \u00e0 la fois des menaces et des opportunit\u00e9s pour la collecte et la diffusion d&rsquo;informations factuelles, essentielles \u00e0 notre d\u00e9mocratie. \u00c0 ce titre, il [&hellip;]\" \/>\n<meta property=\"og:url\" content=\"https:\/\/worldpressfreedomcanada.ca\/fr\/linteret-public-doit-guider-lapproche-du-canada-en-matiere-dia-2\/\" \/>\n<meta property=\"og:site_name\" content=\"World Press Freedom Canada\" \/>\n<meta property=\"article:published_time\" content=\"2025-11-27T00:43:07+00:00\" \/>\n<meta property=\"article:modified_time\" content=\"2025-11-27T00:45:03+00:00\" \/>\n<meta property=\"og:image\" content=\"https:\/\/worldpressfreedomcanada.ca\/wp-content\/uploads\/2025\/11\/iStock-1852501580.jpg\" \/>\n\t<meta property=\"og:image:width\" content=\"1200\" \/>\n\t<meta property=\"og:image:height\" content=\"800\" \/>\n\t<meta property=\"og:image:type\" content=\"image\/jpeg\" \/>\n<meta name=\"author\" content=\"World Press Freedom Canada\" \/>\n<meta name=\"twitter:card\" content=\"summary_large_image\" \/>\n<meta name=\"twitter:label1\" content=\"\u00c9crit par\" \/>\n\t<meta name=\"twitter:data1\" content=\"World Press Freedom Canada\" \/>\n\t<meta name=\"twitter:label2\" content=\"Dur\u00e9e de lecture estim\u00e9e\" \/>\n\t<meta name=\"twitter:data2\" content=\"4 minutes\" \/>\n<script type=\"application\/ld+json\" class=\"yoast-schema-graph\">{\"@context\":\"https:\\\/\\\/schema.org\",\"@graph\":[{\"@type\":\"Article\",\"@id\":\"https:\\\/\\\/worldpressfreedomcanada.ca\\\/fr\\\/linteret-public-doit-guider-lapproche-du-canada-en-matiere-dia-2\\\/#article\",\"isPartOf\":{\"@id\":\"https:\\\/\\\/worldpressfreedomcanada.ca\\\/fr\\\/linteret-public-doit-guider-lapproche-du-canada-en-matiere-dia-2\\\/\"},\"author\":{\"name\":\"World Press Freedom Canada\",\"@id\":\"https:\\\/\\\/worldpressfreedomcanada.ca\\\/fr\\\/#\\\/schema\\\/person\\\/1907c0afad865e42882b092f1f38e2bd\"},\"headline\":\"L&rsquo;int\u00e9r\u00eat public doit guider l&rsquo;approche du Canada en mati\u00e8re d&rsquo;IA\",\"datePublished\":\"2025-11-27T00:43:07+00:00\",\"dateModified\":\"2025-11-27T00:45:03+00:00\",\"mainEntityOfPage\":{\"@id\":\"https:\\\/\\\/worldpressfreedomcanada.ca\\\/fr\\\/linteret-public-doit-guider-lapproche-du-canada-en-matiere-dia-2\\\/\"},\"wordCount\":921,\"image\":{\"@id\":\"https:\\\/\\\/worldpressfreedomcanada.ca\\\/fr\\\/linteret-public-doit-guider-lapproche-du-canada-en-matiere-dia-2\\\/#primaryimage\"},\"thumbnailUrl\":\"https:\\\/\\\/worldpressfreedomcanada.ca\\\/wp-content\\\/uploads\\\/2025\\\/11\\\/iStock-1852501580.jpg\",\"articleSection\":[\"La D\u00e9p\u00eache\"],\"inLanguage\":\"fr-FR\"},{\"@type\":\"WebPage\",\"@id\":\"https:\\\/\\\/worldpressfreedomcanada.ca\\\/fr\\\/linteret-public-doit-guider-lapproche-du-canada-en-matiere-dia-2\\\/\",\"url\":\"https:\\\/\\\/worldpressfreedomcanada.ca\\\/fr\\\/linteret-public-doit-guider-lapproche-du-canada-en-matiere-dia-2\\\/\",\"name\":\"L'int\u00e9r\u00eat public doit guider l'approche du Canada en mati\u00e8re d'IA - World Press Freedom Canada\",\"isPartOf\":{\"@id\":\"https:\\\/\\\/worldpressfreedomcanada.ca\\\/fr\\\/#website\"},\"primaryImageOfPage\":{\"@id\":\"https:\\\/\\\/worldpressfreedomcanada.ca\\\/fr\\\/linteret-public-doit-guider-lapproche-du-canada-en-matiere-dia-2\\\/#primaryimage\"},\"image\":{\"@id\":\"https:\\\/\\\/worldpressfreedomcanada.ca\\\/fr\\\/linteret-public-doit-guider-lapproche-du-canada-en-matiere-dia-2\\\/#primaryimage\"},\"thumbnailUrl\":\"https:\\\/\\\/worldpressfreedomcanada.ca\\\/wp-content\\\/uploads\\\/2025\\\/11\\\/iStock-1852501580.jpg\",\"datePublished\":\"2025-11-27T00:43:07+00:00\",\"dateModified\":\"2025-11-27T00:45:03+00:00\",\"author\":{\"@id\":\"https:\\\/\\\/worldpressfreedomcanada.ca\\\/fr\\\/#\\\/schema\\\/person\\\/1907c0afad865e42882b092f1f38e2bd\"},\"breadcrumb\":{\"@id\":\"https:\\\/\\\/worldpressfreedomcanada.ca\\\/fr\\\/linteret-public-doit-guider-lapproche-du-canada-en-matiere-dia-2\\\/#breadcrumb\"},\"inLanguage\":\"fr-FR\",\"potentialAction\":[{\"@type\":\"ReadAction\",\"target\":[\"https:\\\/\\\/worldpressfreedomcanada.ca\\\/fr\\\/linteret-public-doit-guider-lapproche-du-canada-en-matiere-dia-2\\\/\"]}]},{\"@type\":\"ImageObject\",\"inLanguage\":\"fr-FR\",\"@id\":\"https:\\\/\\\/worldpressfreedomcanada.ca\\\/fr\\\/linteret-public-doit-guider-lapproche-du-canada-en-matiere-dia-2\\\/#primaryimage\",\"url\":\"https:\\\/\\\/worldpressfreedomcanada.ca\\\/wp-content\\\/uploads\\\/2025\\\/11\\\/iStock-1852501580.jpg\",\"contentUrl\":\"https:\\\/\\\/worldpressfreedomcanada.ca\\\/wp-content\\\/uploads\\\/2025\\\/11\\\/iStock-1852501580.jpg\",\"width\":1200,\"height\":800},{\"@type\":\"BreadcrumbList\",\"@id\":\"https:\\\/\\\/worldpressfreedomcanada.ca\\\/fr\\\/linteret-public-doit-guider-lapproche-du-canada-en-matiere-dia-2\\\/#breadcrumb\",\"itemListElement\":[{\"@type\":\"ListItem\",\"position\":1,\"name\":\"Home\",\"item\":\"https:\\\/\\\/worldpressfreedomcanada.ca\\\/fr\\\/\"},{\"@type\":\"ListItem\",\"position\":2,\"name\":\"L&#8217;int\u00e9r\u00eat public doit guider l&#8217;approche du Canada en mati\u00e8re d&#8217;IA\"}]},{\"@type\":\"WebSite\",\"@id\":\"https:\\\/\\\/worldpressfreedomcanada.ca\\\/fr\\\/#website\",\"url\":\"https:\\\/\\\/worldpressfreedomcanada.ca\\\/fr\\\/\",\"name\":\"World Press Freedom Canada\",\"description\":\"Championing press freedom, defending democracy\",\"potentialAction\":[{\"@type\":\"SearchAction\",\"target\":{\"@type\":\"EntryPoint\",\"urlTemplate\":\"https:\\\/\\\/worldpressfreedomcanada.ca\\\/fr\\\/?s={search_term_string}\"},\"query-input\":{\"@type\":\"PropertyValueSpecification\",\"valueRequired\":true,\"valueName\":\"search_term_string\"}}],\"inLanguage\":\"fr-FR\"},{\"@type\":\"Person\",\"@id\":\"https:\\\/\\\/worldpressfreedomcanada.ca\\\/fr\\\/#\\\/schema\\\/person\\\/1907c0afad865e42882b092f1f38e2bd\",\"name\":\"World Press Freedom Canada\",\"image\":{\"@type\":\"ImageObject\",\"inLanguage\":\"fr-FR\",\"@id\":\"https:\\\/\\\/secure.gravatar.com\\\/avatar\\\/3acd63b41908ece2f12137641c2f91f2a70ebdd284407ace98159911c9b04604?s=96&d=mm&r=g\",\"url\":\"https:\\\/\\\/secure.gravatar.com\\\/avatar\\\/3acd63b41908ece2f12137641c2f91f2a70ebdd284407ace98159911c9b04604?s=96&d=mm&r=g\",\"contentUrl\":\"https:\\\/\\\/secure.gravatar.com\\\/avatar\\\/3acd63b41908ece2f12137641c2f91f2a70ebdd284407ace98159911c9b04604?s=96&d=mm&r=g\",\"caption\":\"World Press Freedom Canada\"},\"url\":\"https:\\\/\\\/worldpressfreedomcanada.ca\\\/fr\\\/author\\\/world-press-freedom-canada\\\/\"}]}<\/script>\n<!-- \/ Yoast SEO plugin. -->","yoast_head_json":{"title":"L'int\u00e9r\u00eat public doit guider l'approche du Canada en mati\u00e8re d'IA - World Press Freedom Canada","robots":{"index":"index","follow":"follow","max-snippet":"max-snippet:-1","max-image-preview":"max-image-preview:large","max-video-preview":"max-video-preview:-1"},"canonical":"https:\/\/worldpressfreedomcanada.ca\/fr\/linteret-public-doit-guider-lapproche-du-canada-en-matiere-dia-2\/","og_locale":"fr_FR","og_type":"article","og_title":"L'int\u00e9r\u00eat public doit guider l'approche du Canada en mati\u00e8re d'IA - World Press Freedom Canada","og_description":"L&rsquo;intelligence artificielle remod\u00e8le notre monde \u00e0 un rythme qui exige \u00e0 la fois prudence et rapidit\u00e9 dans la d\u00e9termination de son utilisation et de sa gestion. Le d\u00e9ploiement de l&rsquo;IA comporte \u00e0 la fois des menaces et des opportunit\u00e9s pour la collecte et la diffusion d&rsquo;informations factuelles, essentielles \u00e0 notre d\u00e9mocratie. \u00c0 ce titre, il [&hellip;]","og_url":"https:\/\/worldpressfreedomcanada.ca\/fr\/linteret-public-doit-guider-lapproche-du-canada-en-matiere-dia-2\/","og_site_name":"World Press Freedom Canada","article_published_time":"2025-11-27T00:43:07+00:00","article_modified_time":"2025-11-27T00:45:03+00:00","og_image":[{"width":1200,"height":800,"url":"https:\/\/worldpressfreedomcanada.ca\/wp-content\/uploads\/2025\/11\/iStock-1852501580.jpg","type":"image\/jpeg"}],"author":"World Press Freedom Canada","twitter_card":"summary_large_image","twitter_misc":{"\u00c9crit par":"World Press Freedom Canada","Dur\u00e9e de lecture estim\u00e9e":"4 minutes"},"schema":{"@context":"https:\/\/schema.org","@graph":[{"@type":"Article","@id":"https:\/\/worldpressfreedomcanada.ca\/fr\/linteret-public-doit-guider-lapproche-du-canada-en-matiere-dia-2\/#article","isPartOf":{"@id":"https:\/\/worldpressfreedomcanada.ca\/fr\/linteret-public-doit-guider-lapproche-du-canada-en-matiere-dia-2\/"},"author":{"name":"World Press Freedom Canada","@id":"https:\/\/worldpressfreedomcanada.ca\/fr\/#\/schema\/person\/1907c0afad865e42882b092f1f38e2bd"},"headline":"L&rsquo;int\u00e9r\u00eat public doit guider l&rsquo;approche du Canada en mati\u00e8re d&rsquo;IA","datePublished":"2025-11-27T00:43:07+00:00","dateModified":"2025-11-27T00:45:03+00:00","mainEntityOfPage":{"@id":"https:\/\/worldpressfreedomcanada.ca\/fr\/linteret-public-doit-guider-lapproche-du-canada-en-matiere-dia-2\/"},"wordCount":921,"image":{"@id":"https:\/\/worldpressfreedomcanada.ca\/fr\/linteret-public-doit-guider-lapproche-du-canada-en-matiere-dia-2\/#primaryimage"},"thumbnailUrl":"https:\/\/worldpressfreedomcanada.ca\/wp-content\/uploads\/2025\/11\/iStock-1852501580.jpg","articleSection":["La D\u00e9p\u00eache"],"inLanguage":"fr-FR"},{"@type":"WebPage","@id":"https:\/\/worldpressfreedomcanada.ca\/fr\/linteret-public-doit-guider-lapproche-du-canada-en-matiere-dia-2\/","url":"https:\/\/worldpressfreedomcanada.ca\/fr\/linteret-public-doit-guider-lapproche-du-canada-en-matiere-dia-2\/","name":"L'int\u00e9r\u00eat public doit guider l'approche du Canada en mati\u00e8re d'IA - World Press Freedom Canada","isPartOf":{"@id":"https:\/\/worldpressfreedomcanada.ca\/fr\/#website"},"primaryImageOfPage":{"@id":"https:\/\/worldpressfreedomcanada.ca\/fr\/linteret-public-doit-guider-lapproche-du-canada-en-matiere-dia-2\/#primaryimage"},"image":{"@id":"https:\/\/worldpressfreedomcanada.ca\/fr\/linteret-public-doit-guider-lapproche-du-canada-en-matiere-dia-2\/#primaryimage"},"thumbnailUrl":"https:\/\/worldpressfreedomcanada.ca\/wp-content\/uploads\/2025\/11\/iStock-1852501580.jpg","datePublished":"2025-11-27T00:43:07+00:00","dateModified":"2025-11-27T00:45:03+00:00","author":{"@id":"https:\/\/worldpressfreedomcanada.ca\/fr\/#\/schema\/person\/1907c0afad865e42882b092f1f38e2bd"},"breadcrumb":{"@id":"https:\/\/worldpressfreedomcanada.ca\/fr\/linteret-public-doit-guider-lapproche-du-canada-en-matiere-dia-2\/#breadcrumb"},"inLanguage":"fr-FR","potentialAction":[{"@type":"ReadAction","target":["https:\/\/worldpressfreedomcanada.ca\/fr\/linteret-public-doit-guider-lapproche-du-canada-en-matiere-dia-2\/"]}]},{"@type":"ImageObject","inLanguage":"fr-FR","@id":"https:\/\/worldpressfreedomcanada.ca\/fr\/linteret-public-doit-guider-lapproche-du-canada-en-matiere-dia-2\/#primaryimage","url":"https:\/\/worldpressfreedomcanada.ca\/wp-content\/uploads\/2025\/11\/iStock-1852501580.jpg","contentUrl":"https:\/\/worldpressfreedomcanada.ca\/wp-content\/uploads\/2025\/11\/iStock-1852501580.jpg","width":1200,"height":800},{"@type":"BreadcrumbList","@id":"https:\/\/worldpressfreedomcanada.ca\/fr\/linteret-public-doit-guider-lapproche-du-canada-en-matiere-dia-2\/#breadcrumb","itemListElement":[{"@type":"ListItem","position":1,"name":"Home","item":"https:\/\/worldpressfreedomcanada.ca\/fr\/"},{"@type":"ListItem","position":2,"name":"L&#8217;int\u00e9r\u00eat public doit guider l&#8217;approche du Canada en mati\u00e8re d&#8217;IA"}]},{"@type":"WebSite","@id":"https:\/\/worldpressfreedomcanada.ca\/fr\/#website","url":"https:\/\/worldpressfreedomcanada.ca\/fr\/","name":"World Press Freedom Canada","description":"Championing press freedom, defending democracy","potentialAction":[{"@type":"SearchAction","target":{"@type":"EntryPoint","urlTemplate":"https:\/\/worldpressfreedomcanada.ca\/fr\/?s={search_term_string}"},"query-input":{"@type":"PropertyValueSpecification","valueRequired":true,"valueName":"search_term_string"}}],"inLanguage":"fr-FR"},{"@type":"Person","@id":"https:\/\/worldpressfreedomcanada.ca\/fr\/#\/schema\/person\/1907c0afad865e42882b092f1f38e2bd","name":"World Press Freedom Canada","image":{"@type":"ImageObject","inLanguage":"fr-FR","@id":"https:\/\/secure.gravatar.com\/avatar\/3acd63b41908ece2f12137641c2f91f2a70ebdd284407ace98159911c9b04604?s=96&d=mm&r=g","url":"https:\/\/secure.gravatar.com\/avatar\/3acd63b41908ece2f12137641c2f91f2a70ebdd284407ace98159911c9b04604?s=96&d=mm&r=g","contentUrl":"https:\/\/secure.gravatar.com\/avatar\/3acd63b41908ece2f12137641c2f91f2a70ebdd284407ace98159911c9b04604?s=96&d=mm&r=g","caption":"World Press Freedom Canada"},"url":"https:\/\/worldpressfreedomcanada.ca\/fr\/author\/world-press-freedom-canada\/"}]}},"_links":{"self":[{"href":"https:\/\/worldpressfreedomcanada.ca\/fr\/wp-json\/wp\/v2\/posts\/21233","targetHints":{"allow":["GET"]}}],"collection":[{"href":"https:\/\/worldpressfreedomcanada.ca\/fr\/wp-json\/wp\/v2\/posts"}],"about":[{"href":"https:\/\/worldpressfreedomcanada.ca\/fr\/wp-json\/wp\/v2\/types\/post"}],"author":[{"embeddable":true,"href":"https:\/\/worldpressfreedomcanada.ca\/fr\/wp-json\/wp\/v2\/users\/8"}],"replies":[{"embeddable":true,"href":"https:\/\/worldpressfreedomcanada.ca\/fr\/wp-json\/wp\/v2\/comments?post=21233"}],"version-history":[{"count":1,"href":"https:\/\/worldpressfreedomcanada.ca\/fr\/wp-json\/wp\/v2\/posts\/21233\/revisions"}],"predecessor-version":[{"id":21234,"href":"https:\/\/worldpressfreedomcanada.ca\/fr\/wp-json\/wp\/v2\/posts\/21233\/revisions\/21234"}],"wp:featuredmedia":[{"embeddable":true,"href":"https:\/\/worldpressfreedomcanada.ca\/fr\/wp-json\/wp\/v2\/media\/21231"}],"wp:attachment":[{"href":"https:\/\/worldpressfreedomcanada.ca\/fr\/wp-json\/wp\/v2\/media?parent=21233"}],"wp:term":[{"taxonomy":"category","embeddable":true,"href":"https:\/\/worldpressfreedomcanada.ca\/fr\/wp-json\/wp\/v2\/categories?post=21233"},{"taxonomy":"post_tag","embeddable":true,"href":"https:\/\/worldpressfreedomcanada.ca\/fr\/wp-json\/wp\/v2\/tags?post=21233"}],"curies":[{"name":"wp","href":"https:\/\/api.w.org\/{rel}","templated":true}]}}