{"id":21270,"date":"2025-12-01T14:29:26","date_gmt":"2025-12-01T14:29:26","guid":{"rendered":"https:\/\/worldpressfreedomcanada.ca\/?p=21270"},"modified":"2025-12-01T14:31:31","modified_gmt":"2025-12-01T14:31:31","slug":"les-candidatures-pour-les-prix-liberte-de-la-presse-sont-maintenant-ouvertes","status":"publish","type":"post","link":"https:\/\/worldpressfreedomcanada.ca\/fr\/les-candidatures-pour-les-prix-liberte-de-la-presse-sont-maintenant-ouvertes\/","title":{"rendered":"Les candidatures pour les prix libert\u00e9 de la presse sont maintenant ouvertes"},"content":{"rendered":"\n<h2 class=\"wp-block-heading\">Les prix Libert\u00e9 de la presse Canada r\u00e9compensent ceux qui affrontent le secret, d\u00e9fient l&rsquo;intimidation et surmontent des obstacles dangereux dans leur qu\u00eate de la v\u00e9rit\u00e9<\/h2>\n\n\n\n<p>Libert\u00e9 de la presse Canada (LPC) a le plaisir d&rsquo;annoncer que les candidatures pour les prix Libert\u00e9 de la presse 2026 et le prix d&rsquo;excellence en carri\u00e8re en l&rsquo;honneur de Spencer Moore sont maintenant ouvertes.<\/p>\n\n\n\n<p>Les prix annuels de la libert\u00e9 de la presse r\u00e9compensent les candidats dont le journalisme d&rsquo;int\u00e9r\u00eat public a surmont\u00e9 des d\u00e9fis tels que le secret, les man\u0153uvres juridiques, l&rsquo;intimidation politique ou d&rsquo;autres tactiques visant \u00e0 \u00e9touffer leur travail ou \u00e0 mettre leur carri\u00e8re ou leur s\u00e9curit\u00e9 en danger.<\/p>\n\n\n\n<p>\u00ab Il est plus important que jamais de reconna\u00eetre les journalistes qui font preuve de courage et de conviction en demandant des comptes aux puissants, et qui donnent la parole \u00e0 ceux qui, sans eux, ne seraient pas entendus, en amplifiant leurs r\u00e9cits et en fournissant le contexte des \u00e9v\u00e9nements qui fa\u00e7onnent notre monde. Qu&rsquo;ils travaillent pour un grand m\u00e9dia ou un journal local, nous sommes impatients de c\u00e9l\u00e9brer ces d\u00e9fenseurs in\u00e9branlables de la d\u00e9mocratie lors de notre d\u00e9jeuner annuel de remise des prix \u00bb, a d\u00e9clar\u00e9 Heather Bakken, pr\u00e9sidente de Libert\u00e9 de la presse Canada.<\/p>\n\n\n\n<p>LPC d\u00e9cernera deux prix de la libert\u00e9 de la presse : l&rsquo;un pour un organe de presse d&rsquo;un grand march\u00e9 et l&rsquo;autre, un prix de la libert\u00e9 de la presse et du journalisme local, pour un journaliste travaillant pour un organe de presse d&rsquo;un petit march\u00e9.<\/p>\n\n\n\n<p>Le prix d&rsquo;excellence professionnelle r\u00e9compense une personne qui, tout au long de sa carri\u00e8re, a fait preuve d&rsquo;une qu\u00eate inlassable de la libert\u00e9 de la presse et de la transparence.<\/p>\n\n\n\n<p>LPC remettra \u00e9galement son prix d&rsquo;excellence \u00e9tudiante, qui r\u00e9compense un \u00e9tudiant en journalisme exceptionnel ayant d\u00e9montr\u00e9 son engagement en faveur de la libert\u00e9 de la presse.<\/p>\n\n\n\n<p>Les candidatures pour le prix \u00e9tudiant sont ouvertes aux \u00e9tudiants inscrits dans un \u00e9tablissement d&rsquo;enseignement sup\u00e9rieur canadien en 2025 dont le travail a d\u00e9montr\u00e9 une d\u00e9termination \u00e0 publier un article malgr\u00e9 les d\u00e9fis ou les obstacles \u00e0 la libre couverture des questions importantes pour leur communaut\u00e9 scolaire.<\/p>\n\n\n\n<p>Tous les travaux propos\u00e9s doivent avoir \u00e9t\u00e9 publi\u00e9s ou diffus\u00e9s en 2025.<\/p>\n\n\n\n<p>Le laur\u00e9at du Prix de la libert\u00e9 de la presse recevra 2 500 dollars et un certificat de la Commission canadienne pour l&rsquo;UNESCO. Le laur\u00e9at du prix du journalisme local recevra 2 500 dollars et le laur\u00e9at du prix d&rsquo;excellence professionnelle recevra 2 500 dollars. Le laur\u00e9at du Prix d&rsquo;excellence \u00e9tudiante recevra 1 000 dollars.<\/p>\n\n\n\n<p>Les laur\u00e9ats seront annonc\u00e9s lors de notre d\u00e9jeuner de remise des prix de la libert\u00e9 de la presse 2026, le 29 avril, au Centre national des Arts \u00e0 Ottawa.<\/p>\n\n\n\n<p>Les candidatures pour tous les prix peuvent \u00eatre soumises <a href=\"https:\/\/forms.gle\/UetB5f9cfReoaxax8\">ici<\/a>.<\/p>\n\n\n\n<p><strong>La date limite pour les candidatures est fix\u00e9e au 17 f\u00e9vrier 2026, \u00e0 23 h 59 (heure de l&rsquo;HNE).<\/strong><\/p>\n\n\n\n<div class=\"wp-block-buttons is-layout-flex wp-block-buttons-is-layout-flex\">\n<div class=\"wp-block-button\"><a class=\"wp-block-button__link wp-element-button\" href=\"https:\/\/forms.gle\/UetB5f9cfReoaxax8\">Soumettez votre candidature ou celle d&rsquo;une autre personne d\u00e8s aujourd&rsquo;hui<\/a><\/div>\n<\/div>\n\n\n\n<p><\/p>\n","protected":false},"excerpt":{"rendered":"<p>Les prix Libert\u00e9 de la presse Canada r\u00e9compensent ceux qui affrontent le secret, d\u00e9fient l&rsquo;intimidation et surmontent des obstacles dangereux dans leur qu\u00eate de la v\u00e9rit\u00e9 Libert\u00e9 de la presse Canada (LPC) a le plaisir d&rsquo;annoncer que les candidatures pour les prix Libert\u00e9 de la presse 2026 et le prix d&rsquo;excellence en carri\u00e8re en l&rsquo;honneur [&hellip;]<\/p>\n","protected":false},"author":8,"featured_media":21268,"comment_status":"closed","ping_status":"closed","sticky":false,"template":"","format":"standard","meta":{"_acf_changed":false,"_price":"","_stock":"","_tribe_ticket_header":"","_tribe_default_ticket_provider":"","_tribe_ticket_capacity":"0","_ticket_start_date":"","_ticket_end_date":"","_tribe_ticket_show_description":"","_tribe_ticket_show_not_going":false,"_tribe_ticket_use_global_stock":"","_tribe_ticket_global_stock_level":"","_global_stock_mode":"","_global_stock_cap":"","_tribe_rsvp_for_event":"","_tribe_ticket_going_count":"","_tribe_ticket_not_going_count":"","_tribe_tickets_list":"[]","_tribe_ticket_has_attendee_info_fields":false,"footnotes":""},"categories":[10],"tags":[],"class_list":["post-21270","post","type-post","status-publish","format-standard","has-post-thumbnail","hentry","category-communique-de-presse"],"acf":[],"yoast_head":"<!-- This site is optimized with the Yoast SEO plugin v27.5 - https:\/\/yoast.com\/product\/yoast-seo-wordpress\/ -->\n<title>Les candidatures pour les prix libert\u00e9 de la presse sont maintenant ouvertes - World Press Freedom Canada<\/title>\n<meta name=\"robots\" content=\"index, follow, max-snippet:-1, max-image-preview:large, max-video-preview:-1\" \/>\n<link rel=\"canonical\" href=\"https:\/\/worldpressfreedomcanada.ca\/fr\/les-candidatures-pour-les-prix-liberte-de-la-presse-sont-maintenant-ouvertes\/\" \/>\n<meta property=\"og:locale\" content=\"fr_FR\" \/>\n<meta property=\"og:type\" content=\"article\" \/>\n<meta property=\"og:title\" content=\"Les candidatures pour les prix libert\u00e9 de la presse sont maintenant ouvertes - World Press Freedom Canada\" \/>\n<meta property=\"og:description\" content=\"Les prix Libert\u00e9 de la presse Canada r\u00e9compensent ceux qui affrontent le secret, d\u00e9fient l&rsquo;intimidation et surmontent des obstacles dangereux dans leur qu\u00eate de la v\u00e9rit\u00e9 Libert\u00e9 de la presse Canada (LPC) a le plaisir d&rsquo;annoncer que les candidatures pour les prix Libert\u00e9 de la presse 2026 et le prix d&rsquo;excellence en carri\u00e8re en l&rsquo;honneur [&hellip;]\" \/>\n<meta property=\"og:url\" content=\"https:\/\/worldpressfreedomcanada.ca\/fr\/les-candidatures-pour-les-prix-liberte-de-la-presse-sont-maintenant-ouvertes\/\" \/>\n<meta property=\"og:site_name\" content=\"World Press Freedom Canada\" \/>\n<meta property=\"article:published_time\" content=\"2025-12-01T14:29:26+00:00\" \/>\n<meta property=\"article:modified_time\" content=\"2025-12-01T14:31:31+00:00\" \/>\n<meta property=\"og:image\" content=\"https:\/\/worldpressfreedomcanada.ca\/wp-content\/uploads\/2025\/12\/wpfc-call-for-nominations.jpg\" \/>\n\t<meta property=\"og:image:width\" content=\"2100\" \/>\n\t<meta property=\"og:image:height\" content=\"1500\" \/>\n\t<meta property=\"og:image:type\" content=\"image\/jpeg\" \/>\n<meta name=\"author\" content=\"World Press Freedom Canada\" \/>\n<meta name=\"twitter:card\" content=\"summary_large_image\" \/>\n<meta name=\"twitter:label1\" content=\"\u00c9crit par\" \/>\n\t<meta name=\"twitter:data1\" content=\"World Press Freedom Canada\" \/>\n\t<meta name=\"twitter:label2\" content=\"Dur\u00e9e de lecture estim\u00e9e\" \/>\n\t<meta name=\"twitter:data2\" content=\"3 minutes\" \/>\n<script type=\"application\/ld+json\" class=\"yoast-schema-graph\">{\"@context\":\"https:\\\/\\\/schema.org\",\"@graph\":[{\"@type\":\"Article\",\"@id\":\"https:\\\/\\\/worldpressfreedomcanada.ca\\\/fr\\\/les-candidatures-pour-les-prix-liberte-de-la-presse-sont-maintenant-ouvertes\\\/#article\",\"isPartOf\":{\"@id\":\"https:\\\/\\\/worldpressfreedomcanada.ca\\\/fr\\\/les-candidatures-pour-les-prix-liberte-de-la-presse-sont-maintenant-ouvertes\\\/\"},\"author\":{\"name\":\"World Press Freedom Canada\",\"@id\":\"https:\\\/\\\/worldpressfreedomcanada.ca\\\/fr\\\/#\\\/schema\\\/person\\\/1907c0afad865e42882b092f1f38e2bd\"},\"headline\":\"Les candidatures pour les prix libert\u00e9 de la presse sont maintenant ouvertes\",\"datePublished\":\"2025-12-01T14:29:26+00:00\",\"dateModified\":\"2025-12-01T14:31:31+00:00\",\"mainEntityOfPage\":{\"@id\":\"https:\\\/\\\/worldpressfreedomcanada.ca\\\/fr\\\/les-candidatures-pour-les-prix-liberte-de-la-presse-sont-maintenant-ouvertes\\\/\"},\"wordCount\":522,\"image\":{\"@id\":\"https:\\\/\\\/worldpressfreedomcanada.ca\\\/fr\\\/les-candidatures-pour-les-prix-liberte-de-la-presse-sont-maintenant-ouvertes\\\/#primaryimage\"},\"thumbnailUrl\":\"https:\\\/\\\/worldpressfreedomcanada.ca\\\/wp-content\\\/uploads\\\/2025\\\/12\\\/wpfc-call-for-nominations.jpg\",\"articleSection\":[\"Communiqu\u00e9 de presse\"],\"inLanguage\":\"fr-FR\"},{\"@type\":\"WebPage\",\"@id\":\"https:\\\/\\\/worldpressfreedomcanada.ca\\\/fr\\\/les-candidatures-pour-les-prix-liberte-de-la-presse-sont-maintenant-ouvertes\\\/\",\"url\":\"https:\\\/\\\/worldpressfreedomcanada.ca\\\/fr\\\/les-candidatures-pour-les-prix-liberte-de-la-presse-sont-maintenant-ouvertes\\\/\",\"name\":\"Les candidatures pour les prix libert\u00e9 de la presse sont maintenant ouvertes - World Press Freedom Canada\",\"isPartOf\":{\"@id\":\"https:\\\/\\\/worldpressfreedomcanada.ca\\\/fr\\\/#website\"},\"primaryImageOfPage\":{\"@id\":\"https:\\\/\\\/worldpressfreedomcanada.ca\\\/fr\\\/les-candidatures-pour-les-prix-liberte-de-la-presse-sont-maintenant-ouvertes\\\/#primaryimage\"},\"image\":{\"@id\":\"https:\\\/\\\/worldpressfreedomcanada.ca\\\/fr\\\/les-candidatures-pour-les-prix-liberte-de-la-presse-sont-maintenant-ouvertes\\\/#primaryimage\"},\"thumbnailUrl\":\"https:\\\/\\\/worldpressfreedomcanada.ca\\\/wp-content\\\/uploads\\\/2025\\\/12\\\/wpfc-call-for-nominations.jpg\",\"datePublished\":\"2025-12-01T14:29:26+00:00\",\"dateModified\":\"2025-12-01T14:31:31+00:00\",\"author\":{\"@id\":\"https:\\\/\\\/worldpressfreedomcanada.ca\\\/fr\\\/#\\\/schema\\\/person\\\/1907c0afad865e42882b092f1f38e2bd\"},\"breadcrumb\":{\"@id\":\"https:\\\/\\\/worldpressfreedomcanada.ca\\\/fr\\\/les-candidatures-pour-les-prix-liberte-de-la-presse-sont-maintenant-ouvertes\\\/#breadcrumb\"},\"inLanguage\":\"fr-FR\",\"potentialAction\":[{\"@type\":\"ReadAction\",\"target\":[\"https:\\\/\\\/worldpressfreedomcanada.ca\\\/fr\\\/les-candidatures-pour-les-prix-liberte-de-la-presse-sont-maintenant-ouvertes\\\/\"]}]},{\"@type\":\"ImageObject\",\"inLanguage\":\"fr-FR\",\"@id\":\"https:\\\/\\\/worldpressfreedomcanada.ca\\\/fr\\\/les-candidatures-pour-les-prix-liberte-de-la-presse-sont-maintenant-ouvertes\\\/#primaryimage\",\"url\":\"https:\\\/\\\/worldpressfreedomcanada.ca\\\/wp-content\\\/uploads\\\/2025\\\/12\\\/wpfc-call-for-nominations.jpg\",\"contentUrl\":\"https:\\\/\\\/worldpressfreedomcanada.ca\\\/wp-content\\\/uploads\\\/2025\\\/12\\\/wpfc-call-for-nominations.jpg\",\"width\":2100,\"height\":1500},{\"@type\":\"BreadcrumbList\",\"@id\":\"https:\\\/\\\/worldpressfreedomcanada.ca\\\/fr\\\/les-candidatures-pour-les-prix-liberte-de-la-presse-sont-maintenant-ouvertes\\\/#breadcrumb\",\"itemListElement\":[{\"@type\":\"ListItem\",\"position\":1,\"name\":\"Home\",\"item\":\"https:\\\/\\\/worldpressfreedomcanada.ca\\\/fr\\\/\"},{\"@type\":\"ListItem\",\"position\":2,\"name\":\"Les candidatures pour les prix libert\u00e9 de la presse sont maintenant ouvertes\"}]},{\"@type\":\"WebSite\",\"@id\":\"https:\\\/\\\/worldpressfreedomcanada.ca\\\/fr\\\/#website\",\"url\":\"https:\\\/\\\/worldpressfreedomcanada.ca\\\/fr\\\/\",\"name\":\"World Press Freedom Canada\",\"description\":\"Championing press freedom, defending democracy\",\"potentialAction\":[{\"@type\":\"SearchAction\",\"target\":{\"@type\":\"EntryPoint\",\"urlTemplate\":\"https:\\\/\\\/worldpressfreedomcanada.ca\\\/fr\\\/?s={search_term_string}\"},\"query-input\":{\"@type\":\"PropertyValueSpecification\",\"valueRequired\":true,\"valueName\":\"search_term_string\"}}],\"inLanguage\":\"fr-FR\"},{\"@type\":\"Person\",\"@id\":\"https:\\\/\\\/worldpressfreedomcanada.ca\\\/fr\\\/#\\\/schema\\\/person\\\/1907c0afad865e42882b092f1f38e2bd\",\"name\":\"World Press Freedom Canada\",\"image\":{\"@type\":\"ImageObject\",\"inLanguage\":\"fr-FR\",\"@id\":\"https:\\\/\\\/secure.gravatar.com\\\/avatar\\\/3acd63b41908ece2f12137641c2f91f2a70ebdd284407ace98159911c9b04604?s=96&d=mm&r=g\",\"url\":\"https:\\\/\\\/secure.gravatar.com\\\/avatar\\\/3acd63b41908ece2f12137641c2f91f2a70ebdd284407ace98159911c9b04604?s=96&d=mm&r=g\",\"contentUrl\":\"https:\\\/\\\/secure.gravatar.com\\\/avatar\\\/3acd63b41908ece2f12137641c2f91f2a70ebdd284407ace98159911c9b04604?s=96&d=mm&r=g\",\"caption\":\"World Press Freedom Canada\"},\"url\":\"https:\\\/\\\/worldpressfreedomcanada.ca\\\/fr\\\/author\\\/world-press-freedom-canada\\\/\"}]}<\/script>\n<!-- \/ Yoast SEO plugin. -->","yoast_head_json":{"title":"Les candidatures pour les prix libert\u00e9 de la presse sont maintenant ouvertes - World Press Freedom Canada","robots":{"index":"index","follow":"follow","max-snippet":"max-snippet:-1","max-image-preview":"max-image-preview:large","max-video-preview":"max-video-preview:-1"},"canonical":"https:\/\/worldpressfreedomcanada.ca\/fr\/les-candidatures-pour-les-prix-liberte-de-la-presse-sont-maintenant-ouvertes\/","og_locale":"fr_FR","og_type":"article","og_title":"Les candidatures pour les prix libert\u00e9 de la presse sont maintenant ouvertes - World Press Freedom Canada","og_description":"Les prix Libert\u00e9 de la presse Canada r\u00e9compensent ceux qui affrontent le secret, d\u00e9fient l&rsquo;intimidation et surmontent des obstacles dangereux dans leur qu\u00eate de la v\u00e9rit\u00e9 Libert\u00e9 de la presse Canada (LPC) a le plaisir d&rsquo;annoncer que les candidatures pour les prix Libert\u00e9 de la presse 2026 et le prix d&rsquo;excellence en carri\u00e8re en l&rsquo;honneur [&hellip;]","og_url":"https:\/\/worldpressfreedomcanada.ca\/fr\/les-candidatures-pour-les-prix-liberte-de-la-presse-sont-maintenant-ouvertes\/","og_site_name":"World Press Freedom Canada","article_published_time":"2025-12-01T14:29:26+00:00","article_modified_time":"2025-12-01T14:31:31+00:00","og_image":[{"width":2100,"height":1500,"url":"https:\/\/worldpressfreedomcanada.ca\/wp-content\/uploads\/2025\/12\/wpfc-call-for-nominations.jpg","type":"image\/jpeg"}],"author":"World Press Freedom Canada","twitter_card":"summary_large_image","twitter_misc":{"\u00c9crit par":"World Press Freedom Canada","Dur\u00e9e de lecture estim\u00e9e":"3 minutes"},"schema":{"@context":"https:\/\/schema.org","@graph":[{"@type":"Article","@id":"https:\/\/worldpressfreedomcanada.ca\/fr\/les-candidatures-pour-les-prix-liberte-de-la-presse-sont-maintenant-ouvertes\/#article","isPartOf":{"@id":"https:\/\/worldpressfreedomcanada.ca\/fr\/les-candidatures-pour-les-prix-liberte-de-la-presse-sont-maintenant-ouvertes\/"},"author":{"name":"World Press Freedom Canada","@id":"https:\/\/worldpressfreedomcanada.ca\/fr\/#\/schema\/person\/1907c0afad865e42882b092f1f38e2bd"},"headline":"Les candidatures pour les prix libert\u00e9 de la presse sont maintenant ouvertes","datePublished":"2025-12-01T14:29:26+00:00","dateModified":"2025-12-01T14:31:31+00:00","mainEntityOfPage":{"@id":"https:\/\/worldpressfreedomcanada.ca\/fr\/les-candidatures-pour-les-prix-liberte-de-la-presse-sont-maintenant-ouvertes\/"},"wordCount":522,"image":{"@id":"https:\/\/worldpressfreedomcanada.ca\/fr\/les-candidatures-pour-les-prix-liberte-de-la-presse-sont-maintenant-ouvertes\/#primaryimage"},"thumbnailUrl":"https:\/\/worldpressfreedomcanada.ca\/wp-content\/uploads\/2025\/12\/wpfc-call-for-nominations.jpg","articleSection":["Communiqu\u00e9 de presse"],"inLanguage":"fr-FR"},{"@type":"WebPage","@id":"https:\/\/worldpressfreedomcanada.ca\/fr\/les-candidatures-pour-les-prix-liberte-de-la-presse-sont-maintenant-ouvertes\/","url":"https:\/\/worldpressfreedomcanada.ca\/fr\/les-candidatures-pour-les-prix-liberte-de-la-presse-sont-maintenant-ouvertes\/","name":"Les candidatures pour les prix libert\u00e9 de la presse sont maintenant ouvertes - World Press Freedom Canada","isPartOf":{"@id":"https:\/\/worldpressfreedomcanada.ca\/fr\/#website"},"primaryImageOfPage":{"@id":"https:\/\/worldpressfreedomcanada.ca\/fr\/les-candidatures-pour-les-prix-liberte-de-la-presse-sont-maintenant-ouvertes\/#primaryimage"},"image":{"@id":"https:\/\/worldpressfreedomcanada.ca\/fr\/les-candidatures-pour-les-prix-liberte-de-la-presse-sont-maintenant-ouvertes\/#primaryimage"},"thumbnailUrl":"https:\/\/worldpressfreedomcanada.ca\/wp-content\/uploads\/2025\/12\/wpfc-call-for-nominations.jpg","datePublished":"2025-12-01T14:29:26+00:00","dateModified":"2025-12-01T14:31:31+00:00","author":{"@id":"https:\/\/worldpressfreedomcanada.ca\/fr\/#\/schema\/person\/1907c0afad865e42882b092f1f38e2bd"},"breadcrumb":{"@id":"https:\/\/worldpressfreedomcanada.ca\/fr\/les-candidatures-pour-les-prix-liberte-de-la-presse-sont-maintenant-ouvertes\/#breadcrumb"},"inLanguage":"fr-FR","potentialAction":[{"@type":"ReadAction","target":["https:\/\/worldpressfreedomcanada.ca\/fr\/les-candidatures-pour-les-prix-liberte-de-la-presse-sont-maintenant-ouvertes\/"]}]},{"@type":"ImageObject","inLanguage":"fr-FR","@id":"https:\/\/worldpressfreedomcanada.ca\/fr\/les-candidatures-pour-les-prix-liberte-de-la-presse-sont-maintenant-ouvertes\/#primaryimage","url":"https:\/\/worldpressfreedomcanada.ca\/wp-content\/uploads\/2025\/12\/wpfc-call-for-nominations.jpg","contentUrl":"https:\/\/worldpressfreedomcanada.ca\/wp-content\/uploads\/2025\/12\/wpfc-call-for-nominations.jpg","width":2100,"height":1500},{"@type":"BreadcrumbList","@id":"https:\/\/worldpressfreedomcanada.ca\/fr\/les-candidatures-pour-les-prix-liberte-de-la-presse-sont-maintenant-ouvertes\/#breadcrumb","itemListElement":[{"@type":"ListItem","position":1,"name":"Home","item":"https:\/\/worldpressfreedomcanada.ca\/fr\/"},{"@type":"ListItem","position":2,"name":"Les candidatures pour les prix libert\u00e9 de la presse sont maintenant ouvertes"}]},{"@type":"WebSite","@id":"https:\/\/worldpressfreedomcanada.ca\/fr\/#website","url":"https:\/\/worldpressfreedomcanada.ca\/fr\/","name":"World Press Freedom Canada","description":"Championing press freedom, defending democracy","potentialAction":[{"@type":"SearchAction","target":{"@type":"EntryPoint","urlTemplate":"https:\/\/worldpressfreedomcanada.ca\/fr\/?s={search_term_string}"},"query-input":{"@type":"PropertyValueSpecification","valueRequired":true,"valueName":"search_term_string"}}],"inLanguage":"fr-FR"},{"@type":"Person","@id":"https:\/\/worldpressfreedomcanada.ca\/fr\/#\/schema\/person\/1907c0afad865e42882b092f1f38e2bd","name":"World Press Freedom Canada","image":{"@type":"ImageObject","inLanguage":"fr-FR","@id":"https:\/\/secure.gravatar.com\/avatar\/3acd63b41908ece2f12137641c2f91f2a70ebdd284407ace98159911c9b04604?s=96&d=mm&r=g","url":"https:\/\/secure.gravatar.com\/avatar\/3acd63b41908ece2f12137641c2f91f2a70ebdd284407ace98159911c9b04604?s=96&d=mm&r=g","contentUrl":"https:\/\/secure.gravatar.com\/avatar\/3acd63b41908ece2f12137641c2f91f2a70ebdd284407ace98159911c9b04604?s=96&d=mm&r=g","caption":"World Press Freedom Canada"},"url":"https:\/\/worldpressfreedomcanada.ca\/fr\/author\/world-press-freedom-canada\/"}]}},"_links":{"self":[{"href":"https:\/\/worldpressfreedomcanada.ca\/fr\/wp-json\/wp\/v2\/posts\/21270","targetHints":{"allow":["GET"]}}],"collection":[{"href":"https:\/\/worldpressfreedomcanada.ca\/fr\/wp-json\/wp\/v2\/posts"}],"about":[{"href":"https:\/\/worldpressfreedomcanada.ca\/fr\/wp-json\/wp\/v2\/types\/post"}],"author":[{"embeddable":true,"href":"https:\/\/worldpressfreedomcanada.ca\/fr\/wp-json\/wp\/v2\/users\/8"}],"replies":[{"embeddable":true,"href":"https:\/\/worldpressfreedomcanada.ca\/fr\/wp-json\/wp\/v2\/comments?post=21270"}],"version-history":[{"count":1,"href":"https:\/\/worldpressfreedomcanada.ca\/fr\/wp-json\/wp\/v2\/posts\/21270\/revisions"}],"predecessor-version":[{"id":21271,"href":"https:\/\/worldpressfreedomcanada.ca\/fr\/wp-json\/wp\/v2\/posts\/21270\/revisions\/21271"}],"wp:featuredmedia":[{"embeddable":true,"href":"https:\/\/worldpressfreedomcanada.ca\/fr\/wp-json\/wp\/v2\/media\/21268"}],"wp:attachment":[{"href":"https:\/\/worldpressfreedomcanada.ca\/fr\/wp-json\/wp\/v2\/media?parent=21270"}],"wp:term":[{"taxonomy":"category","embeddable":true,"href":"https:\/\/worldpressfreedomcanada.ca\/fr\/wp-json\/wp\/v2\/categories?post=21270"},{"taxonomy":"post_tag","embeddable":true,"href":"https:\/\/worldpressfreedomcanada.ca\/fr\/wp-json\/wp\/v2\/tags?post=21270"}],"curies":[{"name":"wp","href":"https:\/\/api.w.org\/{rel}","templated":true}]}}