{"id":21292,"date":"2025-12-16T23:09:17","date_gmt":"2025-12-16T23:09:17","guid":{"rendered":"https:\/\/worldpressfreedomcanada.ca\/?p=21292"},"modified":"2025-12-16T23:16:33","modified_gmt":"2025-12-16T23:16:33","slug":"le-canada-doit-prendre-position-sur-jimmy-lai-et-la-liberte-de-la-presse-en-chine","status":"publish","type":"post","link":"https:\/\/worldpressfreedomcanada.ca\/fr\/le-canada-doit-prendre-position-sur-jimmy-lai-et-la-liberte-de-la-presse-en-chine\/","title":{"rendered":"Le Canada doit prendre position sur Jimmy Lai et la libert\u00e9 de la presse en Chine"},"content":{"rendered":"\n<p>Le verdict de culpabilit\u00e9 prononc\u00e9 contre l&rsquo;ancien \u00e9diteur de journaux hongkongais <a href=\"https:\/\/worldpressfreedomcanada.ca\/fr\/liberte-de-la-presse-canada-appelle-le-gouvernement-canadien-a-collaborer-avec-les-partenaires-de-la-coalition-pour-la-liberte-des-medias-afin-dobtenir-la-liberation-de-jimmy-lai\/\">Jimmy Lai<\/a> est un affront \u00e0 la libert\u00e9 de la presse et aux droits humains qui ne peut rester sans cons\u00e9quences pour le gouvernement chinois.<\/p>\n\n\n\n<p>Le pr\u00e9sident chinois Xi Jinping cherche depuis longtemps \u00e0 maintenir l&rsquo;\u00e9conomie du pays ax\u00e9e sur les exportations tout en bafouant les droits civils et politiques dans son pays.&nbsp;<\/p>\n\n\n\n<p>La Chine a poursuivi M. Lai en vertu de lois trop g\u00e9n\u00e9rales sur la s\u00e9curit\u00e9 nationale qui criminalisent le journalisme et la libert\u00e9 d&rsquo;expression impos\u00e9es \u00e0 Hong Kong. Il est d\u00e9sormais un prisonnier politique.<\/p>\n\n\n\n<p>Le gouvernement f\u00e9d\u00e9ral canadien et ses alli\u00e9s de la <a href=\"https:\/\/mediafreedomcoalition.org\/media\/statements\/\">Coalition pour la libert\u00e9 des m\u00e9dias<\/a> ont d\u00e9j\u00e0 reproch\u00e9 \u00e0 P\u00e9kin de ne pas respecter la libert\u00e9 de la presse. Le Canada est membre ex\u00e9cutif de la coalition.<\/p>\n\n\n\n<p>En octobre, la coalition a publi\u00e9 une <a href=\"https:\/\/mediafreedomcoalition.org\/fr\/declaration-conjointe\/2025\/declaration-de-la-coalition-concernant-la-journaliste-zhang-zhan\/\">d\u00e9claration<\/a> exprimant son inqui\u00e9tude concernant les poursuites engag\u00e9es contre la journaliste Zhang Zhan. Une d\u00e9claration sign\u00e9e par 20 membres de la coalition indique qu&rsquo;ils sont \u00ab profond\u00e9ment pr\u00e9occup\u00e9s par les efforts continus des autorit\u00e9s chinoises pour restreindre la libert\u00e9 des m\u00e9dias, un \u00e9l\u00e9ment essentiel de la protection des droits de l&rsquo;homme et des libert\u00e9s fondamentales \u00bb.<\/p>\n\n\n\n<p>La r\u00e9ponse \u00e0 l&#8217;emprisonnement de M. Lai doit aller au-del\u00e0 des simples d\u00e9clarations d&rsquo;inqui\u00e9tude. Les appels internationaux en faveur de la lib\u00e9ration de M. Lai sont rest\u00e9s sans r\u00e9ponse \u00e0 P\u00e9kin, mais il faut maintenir la pression.<\/p>\n\n\n\n<p>Le premier ministre Mark Carney cherche \u00e0 red\u00e9finir les relations du Canada avec la Chine sur une base pragmatique, ax\u00e9e sur les int\u00e9r\u00eats mutuels et le commerce.<\/p>\n\n\n\n<p>Ce pragmatisme doit \u00eatre fond\u00e9 sur des principes. Ottawa doit clairement faire comprendre que les violations continues par P\u00e9kin des droits fondamentaux, tels que la libert\u00e9 de la presse, constitueront un obstacle \u00e0 des relations \u00e9conomiques et commerciales normales.<\/p>\n\n\n\n<p>La Chine est signataire de la Convention internationale sur les droits civils et politiques, qui garantit la libert\u00e9 d&rsquo;expression fondamentale. Le Canada doit encourager les autres membres de la Coalition pour la libert\u00e9 des m\u00e9dias \u00e0 indiquer clairement que la violation continue des droits fondamentaux par la Chine aura un co\u00fbt.<\/p>\n\n\n\n<p>Dans un monde o\u00f9 l&rsquo;autoritarisme et les attaques contre des journalistes comme Jimmy Lai ne cessent de cro\u00eetre, les d\u00e9mocraties partageant les m\u00eames valeurs doivent d\u00e9fendre nos droits humains fondamentaux.<\/p>\n","protected":false},"excerpt":{"rendered":"<p>Le verdict de culpabilit\u00e9 prononc\u00e9 contre l&rsquo;ancien \u00e9diteur de journaux hongkongais Jimmy Lai est un affront \u00e0 la libert\u00e9 de la presse et aux droits humains qui ne peut rester sans cons\u00e9quences pour le gouvernement chinois. Le pr\u00e9sident chinois Xi Jinping cherche depuis longtemps \u00e0 maintenir l&rsquo;\u00e9conomie du pays ax\u00e9e sur les exportations tout en [&hellip;]<\/p>\n","protected":false},"author":8,"featured_media":0,"comment_status":"closed","ping_status":"closed","sticky":false,"template":"","format":"standard","meta":{"_acf_changed":false,"_price":"","_stock":"","_tribe_ticket_header":"","_tribe_default_ticket_provider":"","_tribe_ticket_capacity":"","_ticket_start_date":"","_ticket_end_date":"","_tribe_ticket_show_description":"","_tribe_ticket_show_not_going":false,"_tribe_ticket_use_global_stock":"","_tribe_ticket_global_stock_level":"","_global_stock_mode":"","_global_stock_cap":"","_tribe_rsvp_for_event":"","_tribe_ticket_going_count":"","_tribe_ticket_not_going_count":"","_tribe_tickets_list":"[]","_tribe_ticket_has_attendee_info_fields":false,"footnotes":""},"categories":[35],"tags":[179,178,177],"class_list":["post-21292","post","type-post","status-publish","format-standard","hentry","category-declaration","tag-canada","tag-chine","tag-jimmy-lai"],"acf":[],"yoast_head":"<!-- This site is optimized with the Yoast SEO plugin v27.4 - https:\/\/yoast.com\/product\/yoast-seo-wordpress\/ -->\n<title>Jimmy Lai : Le Canada doit d\u00e9fendre la libert\u00e9 de la presse en Chine<\/title>\n<meta name=\"description\" content=\"Le verdict de culpabilit\u00e9 prononc\u00e9 contre Jimmy Lai est un affront \u00e0 la libert\u00e9 de la presse et aux droits humains.\" \/>\n<meta name=\"robots\" content=\"index, follow, max-snippet:-1, max-image-preview:large, max-video-preview:-1\" \/>\n<link rel=\"canonical\" href=\"https:\/\/worldpressfreedomcanada.ca\/fr\/le-canada-doit-prendre-position-sur-jimmy-lai-et-la-liberte-de-la-presse-en-chine\/\" \/>\n<meta property=\"og:locale\" content=\"fr_FR\" \/>\n<meta property=\"og:type\" content=\"article\" \/>\n<meta property=\"og:title\" content=\"Jimmy Lai : Le Canada doit d\u00e9fendre la libert\u00e9 de la presse en Chine\" \/>\n<meta property=\"og:description\" content=\"Le verdict de culpabilit\u00e9 prononc\u00e9 contre Jimmy Lai est un affront \u00e0 la libert\u00e9 de la presse et aux droits humains.\" \/>\n<meta property=\"og:url\" content=\"https:\/\/worldpressfreedomcanada.ca\/fr\/le-canada-doit-prendre-position-sur-jimmy-lai-et-la-liberte-de-la-presse-en-chine\/\" \/>\n<meta property=\"og:site_name\" content=\"World Press Freedom Canada\" \/>\n<meta property=\"article:published_time\" content=\"2025-12-16T23:09:17+00:00\" \/>\n<meta property=\"article:modified_time\" content=\"2025-12-16T23:16:33+00:00\" \/>\n<meta name=\"author\" content=\"World Press Freedom Canada\" \/>\n<meta name=\"twitter:card\" content=\"summary_large_image\" \/>\n<meta name=\"twitter:label1\" content=\"\u00c9crit par\" \/>\n\t<meta name=\"twitter:data1\" content=\"World Press Freedom Canada\" \/>\n\t<meta name=\"twitter:label2\" content=\"Dur\u00e9e de lecture estim\u00e9e\" \/>\n\t<meta name=\"twitter:data2\" content=\"2 minutes\" \/>\n<script type=\"application\/ld+json\" class=\"yoast-schema-graph\">{\"@context\":\"https:\\\/\\\/schema.org\",\"@graph\":[{\"@type\":\"Article\",\"@id\":\"https:\\\/\\\/worldpressfreedomcanada.ca\\\/fr\\\/le-canada-doit-prendre-position-sur-jimmy-lai-et-la-liberte-de-la-presse-en-chine\\\/#article\",\"isPartOf\":{\"@id\":\"https:\\\/\\\/worldpressfreedomcanada.ca\\\/fr\\\/le-canada-doit-prendre-position-sur-jimmy-lai-et-la-liberte-de-la-presse-en-chine\\\/\"},\"author\":{\"name\":\"World Press Freedom Canada\",\"@id\":\"https:\\\/\\\/worldpressfreedomcanada.ca\\\/fr\\\/#\\\/schema\\\/person\\\/1907c0afad865e42882b092f1f38e2bd\"},\"headline\":\"Le Canada doit prendre position sur Jimmy Lai et la libert\u00e9 de la presse en Chine\",\"datePublished\":\"2025-12-16T23:09:17+00:00\",\"dateModified\":\"2025-12-16T23:16:33+00:00\",\"mainEntityOfPage\":{\"@id\":\"https:\\\/\\\/worldpressfreedomcanada.ca\\\/fr\\\/le-canada-doit-prendre-position-sur-jimmy-lai-et-la-liberte-de-la-presse-en-chine\\\/\"},\"wordCount\":433,\"keywords\":[\"Canada\",\"Chine\",\"Jimmy Lai\"],\"articleSection\":[\"D\u00e9claration\"],\"inLanguage\":\"fr-FR\"},{\"@type\":\"WebPage\",\"@id\":\"https:\\\/\\\/worldpressfreedomcanada.ca\\\/fr\\\/le-canada-doit-prendre-position-sur-jimmy-lai-et-la-liberte-de-la-presse-en-chine\\\/\",\"url\":\"https:\\\/\\\/worldpressfreedomcanada.ca\\\/fr\\\/le-canada-doit-prendre-position-sur-jimmy-lai-et-la-liberte-de-la-presse-en-chine\\\/\",\"name\":\"Jimmy Lai : Le Canada doit d\u00e9fendre la libert\u00e9 de la presse en Chine\",\"isPartOf\":{\"@id\":\"https:\\\/\\\/worldpressfreedomcanada.ca\\\/fr\\\/#website\"},\"datePublished\":\"2025-12-16T23:09:17+00:00\",\"dateModified\":\"2025-12-16T23:16:33+00:00\",\"author\":{\"@id\":\"https:\\\/\\\/worldpressfreedomcanada.ca\\\/fr\\\/#\\\/schema\\\/person\\\/1907c0afad865e42882b092f1f38e2bd\"},\"description\":\"Le verdict de culpabilit\u00e9 prononc\u00e9 contre Jimmy Lai est un affront \u00e0 la libert\u00e9 de la presse et aux droits humains.\",\"breadcrumb\":{\"@id\":\"https:\\\/\\\/worldpressfreedomcanada.ca\\\/fr\\\/le-canada-doit-prendre-position-sur-jimmy-lai-et-la-liberte-de-la-presse-en-chine\\\/#breadcrumb\"},\"inLanguage\":\"fr-FR\",\"potentialAction\":[{\"@type\":\"ReadAction\",\"target\":[\"https:\\\/\\\/worldpressfreedomcanada.ca\\\/fr\\\/le-canada-doit-prendre-position-sur-jimmy-lai-et-la-liberte-de-la-presse-en-chine\\\/\"]}]},{\"@type\":\"BreadcrumbList\",\"@id\":\"https:\\\/\\\/worldpressfreedomcanada.ca\\\/fr\\\/le-canada-doit-prendre-position-sur-jimmy-lai-et-la-liberte-de-la-presse-en-chine\\\/#breadcrumb\",\"itemListElement\":[{\"@type\":\"ListItem\",\"position\":1,\"name\":\"Home\",\"item\":\"https:\\\/\\\/worldpressfreedomcanada.ca\\\/fr\\\/\"},{\"@type\":\"ListItem\",\"position\":2,\"name\":\"Le Canada doit prendre position sur Jimmy Lai et la libert\u00e9 de la presse en Chine\"}]},{\"@type\":\"WebSite\",\"@id\":\"https:\\\/\\\/worldpressfreedomcanada.ca\\\/fr\\\/#website\",\"url\":\"https:\\\/\\\/worldpressfreedomcanada.ca\\\/fr\\\/\",\"name\":\"World Press Freedom Canada\",\"description\":\"Championing press freedom, defending democracy\",\"potentialAction\":[{\"@type\":\"SearchAction\",\"target\":{\"@type\":\"EntryPoint\",\"urlTemplate\":\"https:\\\/\\\/worldpressfreedomcanada.ca\\\/fr\\\/?s={search_term_string}\"},\"query-input\":{\"@type\":\"PropertyValueSpecification\",\"valueRequired\":true,\"valueName\":\"search_term_string\"}}],\"inLanguage\":\"fr-FR\"},{\"@type\":\"Person\",\"@id\":\"https:\\\/\\\/worldpressfreedomcanada.ca\\\/fr\\\/#\\\/schema\\\/person\\\/1907c0afad865e42882b092f1f38e2bd\",\"name\":\"World Press Freedom Canada\",\"image\":{\"@type\":\"ImageObject\",\"inLanguage\":\"fr-FR\",\"@id\":\"https:\\\/\\\/secure.gravatar.com\\\/avatar\\\/3acd63b41908ece2f12137641c2f91f2a70ebdd284407ace98159911c9b04604?s=96&d=mm&r=g\",\"url\":\"https:\\\/\\\/secure.gravatar.com\\\/avatar\\\/3acd63b41908ece2f12137641c2f91f2a70ebdd284407ace98159911c9b04604?s=96&d=mm&r=g\",\"contentUrl\":\"https:\\\/\\\/secure.gravatar.com\\\/avatar\\\/3acd63b41908ece2f12137641c2f91f2a70ebdd284407ace98159911c9b04604?s=96&d=mm&r=g\",\"caption\":\"World Press Freedom Canada\"},\"url\":\"https:\\\/\\\/worldpressfreedomcanada.ca\\\/fr\\\/author\\\/world-press-freedom-canada\\\/\"}]}<\/script>\n<!-- \/ Yoast SEO plugin. -->","yoast_head_json":{"title":"Jimmy Lai : Le Canada doit d\u00e9fendre la libert\u00e9 de la presse en Chine","description":"Le verdict de culpabilit\u00e9 prononc\u00e9 contre Jimmy Lai est un affront \u00e0 la libert\u00e9 de la presse et aux droits humains.","robots":{"index":"index","follow":"follow","max-snippet":"max-snippet:-1","max-image-preview":"max-image-preview:large","max-video-preview":"max-video-preview:-1"},"canonical":"https:\/\/worldpressfreedomcanada.ca\/fr\/le-canada-doit-prendre-position-sur-jimmy-lai-et-la-liberte-de-la-presse-en-chine\/","og_locale":"fr_FR","og_type":"article","og_title":"Jimmy Lai : Le Canada doit d\u00e9fendre la libert\u00e9 de la presse en Chine","og_description":"Le verdict de culpabilit\u00e9 prononc\u00e9 contre Jimmy Lai est un affront \u00e0 la libert\u00e9 de la presse et aux droits humains.","og_url":"https:\/\/worldpressfreedomcanada.ca\/fr\/le-canada-doit-prendre-position-sur-jimmy-lai-et-la-liberte-de-la-presse-en-chine\/","og_site_name":"World Press Freedom Canada","article_published_time":"2025-12-16T23:09:17+00:00","article_modified_time":"2025-12-16T23:16:33+00:00","author":"World Press Freedom Canada","twitter_card":"summary_large_image","twitter_misc":{"\u00c9crit par":"World Press Freedom Canada","Dur\u00e9e de lecture estim\u00e9e":"2 minutes"},"schema":{"@context":"https:\/\/schema.org","@graph":[{"@type":"Article","@id":"https:\/\/worldpressfreedomcanada.ca\/fr\/le-canada-doit-prendre-position-sur-jimmy-lai-et-la-liberte-de-la-presse-en-chine\/#article","isPartOf":{"@id":"https:\/\/worldpressfreedomcanada.ca\/fr\/le-canada-doit-prendre-position-sur-jimmy-lai-et-la-liberte-de-la-presse-en-chine\/"},"author":{"name":"World Press Freedom Canada","@id":"https:\/\/worldpressfreedomcanada.ca\/fr\/#\/schema\/person\/1907c0afad865e42882b092f1f38e2bd"},"headline":"Le Canada doit prendre position sur Jimmy Lai et la libert\u00e9 de la presse en Chine","datePublished":"2025-12-16T23:09:17+00:00","dateModified":"2025-12-16T23:16:33+00:00","mainEntityOfPage":{"@id":"https:\/\/worldpressfreedomcanada.ca\/fr\/le-canada-doit-prendre-position-sur-jimmy-lai-et-la-liberte-de-la-presse-en-chine\/"},"wordCount":433,"keywords":["Canada","Chine","Jimmy Lai"],"articleSection":["D\u00e9claration"],"inLanguage":"fr-FR"},{"@type":"WebPage","@id":"https:\/\/worldpressfreedomcanada.ca\/fr\/le-canada-doit-prendre-position-sur-jimmy-lai-et-la-liberte-de-la-presse-en-chine\/","url":"https:\/\/worldpressfreedomcanada.ca\/fr\/le-canada-doit-prendre-position-sur-jimmy-lai-et-la-liberte-de-la-presse-en-chine\/","name":"Jimmy Lai : Le Canada doit d\u00e9fendre la libert\u00e9 de la presse en Chine","isPartOf":{"@id":"https:\/\/worldpressfreedomcanada.ca\/fr\/#website"},"datePublished":"2025-12-16T23:09:17+00:00","dateModified":"2025-12-16T23:16:33+00:00","author":{"@id":"https:\/\/worldpressfreedomcanada.ca\/fr\/#\/schema\/person\/1907c0afad865e42882b092f1f38e2bd"},"description":"Le verdict de culpabilit\u00e9 prononc\u00e9 contre Jimmy Lai est un affront \u00e0 la libert\u00e9 de la presse et aux droits humains.","breadcrumb":{"@id":"https:\/\/worldpressfreedomcanada.ca\/fr\/le-canada-doit-prendre-position-sur-jimmy-lai-et-la-liberte-de-la-presse-en-chine\/#breadcrumb"},"inLanguage":"fr-FR","potentialAction":[{"@type":"ReadAction","target":["https:\/\/worldpressfreedomcanada.ca\/fr\/le-canada-doit-prendre-position-sur-jimmy-lai-et-la-liberte-de-la-presse-en-chine\/"]}]},{"@type":"BreadcrumbList","@id":"https:\/\/worldpressfreedomcanada.ca\/fr\/le-canada-doit-prendre-position-sur-jimmy-lai-et-la-liberte-de-la-presse-en-chine\/#breadcrumb","itemListElement":[{"@type":"ListItem","position":1,"name":"Home","item":"https:\/\/worldpressfreedomcanada.ca\/fr\/"},{"@type":"ListItem","position":2,"name":"Le Canada doit prendre position sur Jimmy Lai et la libert\u00e9 de la presse en Chine"}]},{"@type":"WebSite","@id":"https:\/\/worldpressfreedomcanada.ca\/fr\/#website","url":"https:\/\/worldpressfreedomcanada.ca\/fr\/","name":"World Press Freedom Canada","description":"Championing press freedom, defending democracy","potentialAction":[{"@type":"SearchAction","target":{"@type":"EntryPoint","urlTemplate":"https:\/\/worldpressfreedomcanada.ca\/fr\/?s={search_term_string}"},"query-input":{"@type":"PropertyValueSpecification","valueRequired":true,"valueName":"search_term_string"}}],"inLanguage":"fr-FR"},{"@type":"Person","@id":"https:\/\/worldpressfreedomcanada.ca\/fr\/#\/schema\/person\/1907c0afad865e42882b092f1f38e2bd","name":"World Press Freedom Canada","image":{"@type":"ImageObject","inLanguage":"fr-FR","@id":"https:\/\/secure.gravatar.com\/avatar\/3acd63b41908ece2f12137641c2f91f2a70ebdd284407ace98159911c9b04604?s=96&d=mm&r=g","url":"https:\/\/secure.gravatar.com\/avatar\/3acd63b41908ece2f12137641c2f91f2a70ebdd284407ace98159911c9b04604?s=96&d=mm&r=g","contentUrl":"https:\/\/secure.gravatar.com\/avatar\/3acd63b41908ece2f12137641c2f91f2a70ebdd284407ace98159911c9b04604?s=96&d=mm&r=g","caption":"World Press Freedom Canada"},"url":"https:\/\/worldpressfreedomcanada.ca\/fr\/author\/world-press-freedom-canada\/"}]}},"_links":{"self":[{"href":"https:\/\/worldpressfreedomcanada.ca\/fr\/wp-json\/wp\/v2\/posts\/21292","targetHints":{"allow":["GET"]}}],"collection":[{"href":"https:\/\/worldpressfreedomcanada.ca\/fr\/wp-json\/wp\/v2\/posts"}],"about":[{"href":"https:\/\/worldpressfreedomcanada.ca\/fr\/wp-json\/wp\/v2\/types\/post"}],"author":[{"embeddable":true,"href":"https:\/\/worldpressfreedomcanada.ca\/fr\/wp-json\/wp\/v2\/users\/8"}],"replies":[{"embeddable":true,"href":"https:\/\/worldpressfreedomcanada.ca\/fr\/wp-json\/wp\/v2\/comments?post=21292"}],"version-history":[{"count":1,"href":"https:\/\/worldpressfreedomcanada.ca\/fr\/wp-json\/wp\/v2\/posts\/21292\/revisions"}],"predecessor-version":[{"id":21293,"href":"https:\/\/worldpressfreedomcanada.ca\/fr\/wp-json\/wp\/v2\/posts\/21292\/revisions\/21293"}],"wp:attachment":[{"href":"https:\/\/worldpressfreedomcanada.ca\/fr\/wp-json\/wp\/v2\/media?parent=21292"}],"wp:term":[{"taxonomy":"category","embeddable":true,"href":"https:\/\/worldpressfreedomcanada.ca\/fr\/wp-json\/wp\/v2\/categories?post=21292"},{"taxonomy":"post_tag","embeddable":true,"href":"https:\/\/worldpressfreedomcanada.ca\/fr\/wp-json\/wp\/v2\/tags?post=21292"}],"curies":[{"name":"wp","href":"https:\/\/api.w.org\/{rel}","templated":true}]}}