{"id":21759,"date":"2026-04-29T12:00:00","date_gmt":"2026-04-29T12:00:00","guid":{"rendered":"https:\/\/worldpressfreedomcanada.ca\/?p=21759"},"modified":"2026-04-28T03:15:51","modified_gmt":"2026-04-28T03:15:51","slug":"plante-et-mackinnon-remportent-les-prix-de-la-liberte-de-la-presse-et-de-la-reussite-professionnelle","status":"publish","type":"post","link":"https:\/\/worldpressfreedomcanada.ca\/fr\/plante-et-mackinnon-remportent-les-prix-de-la-liberte-de-la-presse-et-de-la-reussite-professionnelle\/","title":{"rendered":"Plante et MacKinnon remportent les prix de la libert\u00e9 de la presse et de la r\u00e9ussite professionnelle"},"content":{"rendered":"\n<h2 class=\"wp-block-heading\">Libert\u00e9 de la Presse Canada remet \u00e9galement les prix du journalisme local, de la r\u00e9ussite \u00e9tudiante et du concours international de caricatures \u00e9ditoriales dans le cadre de son d\u00e9jeuner annuel des Prix de la libert\u00e9 de la presse<\/h2>\n\n\n\n<p>Libert\u00e9 de la Presse Canada (LPC) est heureuse d\u2019annoncer que le journaliste du Toronto Star, <strong>Fr\u00e9d\u00e9rik Plante<\/strong>, est le laur\u00e9at de notre Prix de la libert\u00e9 de la presse\u00a02026, tandis que le correspondant \u00e9tranger chevronn\u00e9 du Globe and Mail, <strong>Mark MacKinnon<\/strong>, re\u00e7oit le Prix de la r\u00e9ussite professionnelle de cette ann\u00e9e.<\/p>\n\n\n\n<p>Les juges ont pass\u00e9 en revue des candidatures provenant de partout au Canada pour les Prix annuels de la libert\u00e9 de la presse, qui reconnaissent les journalistes qui, dans leur travail d\u2019int\u00e9r\u00eat public, ont d\u00fb relever de nombreux d\u00e9fis de taille, tels que le secret gouvernemental, les pressions juridiques, l\u2019intimidation politique, les menaces de violence, le harc\u00e8lement ou d\u2019autres tactiques visant \u00e0 les faire taire. Les cat\u00e9gories comprennent les Prix de la libert\u00e9 de la presse pour les grandes publications et le journalisme local, le Prix de la r\u00e9ussite professionnelle en l\u2019honneur de Spencer Moore, le Prix de la r\u00e9ussite \u00e9tudiante et le Concours international de caricatures \u00e9ditoriales.<\/p>\n\n\n\n<p>Les prix seront remis \u00e0 l&rsquo;occasion du d\u00e9jeuner annuel de LPC au Centre national des Arts \u00e0 Ottawa, le 29&nbsp;avril, en l\u2019honneur de la Journ\u00e9e mondiale de la libert\u00e9 de la presse des Nations Unies, c\u00e9l\u00e9br\u00e9e chaque ann\u00e9e le 3&nbsp;mai. Notre conf\u00e9rencier principal sera David Frum, r\u00e9dacteur canadien-am\u00e9ricain \u00e0 The Atlantic et un des analystes politiques les plus influents de notre \u00e9poque.<\/p>\n\n\n\n<p>LPC a reconnu Plante pour son courage et sa pers\u00e9v\u00e9rance dans sa qu\u00eate de donn\u00e9es polici\u00e8res sur les contr\u00f4les policiers fond\u00e9s sur la race au Qu\u00e9bec, un effort qui l\u2019a entra\u00een\u00e9 dans une longue bataille judiciaire avec le minist\u00e8re de la S\u00e9curit\u00e9 publique de la province.<\/p>\n\n\n\n<p>Plante a commenc\u00e9 \u00e0 couvrir cet enjeu \u00e0 l&rsquo;\u00e9poque o\u00f9 il travaillait comme journaliste \u00e0 Montr\u00e9al pour The Globe and Mail. Il a poursuivi personnellement une bataille juridique pour obtenir des documents d\u2019acc\u00e8s \u00e0 l\u2019information apr\u00e8s avoir quitt\u00e9 le Globe pour accepter un poste \u00e0 Toronto au Star.<\/p>\n\n\n\n<p>MacKinnon est reconnu pour plus de 20&nbsp;ans de travail comme l\u2019un des principaux correspondants \u00e9trangers du Canada, notamment pour sa r\u00e9cente couverture dans les zones de guerre en Ukraine et au Moyen-Orient.<\/p>\n\n\n\n<p>Au cours des quatre ann\u00e9es de guerre en Ukraine, il a livr\u00e9 des reportages de calibre mondial depuis les lignes de front du conflit, malgr\u00e9 les menaces \u00e0 sa s\u00e9curit\u00e9 personnelle et les difficult\u00e9s logistiques caus\u00e9es par le r\u00e9seau \u00e9lectrique souvent assi\u00e9g\u00e9.<\/p>\n\n\n\n<p>Il a \u00e9galement risqu\u00e9 sa s\u00e9curit\u00e9 pour couvrir les violences confessionnelles en Syrie en 2025, o\u00f9 il s\u2019\u00e9tait d\u00e9j\u00e0 vu interdire l\u2019entr\u00e9e apr\u00e8s avoir irrit\u00e9 le r\u00e9gime de l\u2019ancien dictateur Bachar al-Assad.<\/p>\n\n\n\n<p>La pr\u00e9sidente de LPC, Heather Bakken, a offert ses f\u00e9licitations \u00e0 tous les laur\u00e9ats. \u00ab\u2009\u00c0 ce moment charni\u00e8re pour la libert\u00e9 de la presse dans le monde, nous devons reconna\u00eetre le travail courageux des journalistes canadiens qui exigent des redditions de comptes \u00e0 une \u00e9poque o\u00f9 la mainmise de l\u2019\u00c9tat sur les m\u00e9dias progresse \u00e0 un rythme alarmant \u00e0 l\u2019\u00e9chelle mondiale\u2009\u00bb, a-t-elle d\u00e9clar\u00e9. \u00ab\u2009Sous le th\u00e8me de cette ann\u00e9e, Courage de conviction, nous rendons hommage \u00e0 des journalistes qui ont su faire preuve de t\u00e9nacit\u00e9 et de d\u00e9termination pour livrer des contenus qui servent le bien commun et renforcent nos valeurs d\u00e9mocratiques.\u2009\u00bb<\/p>\n\n\n\n<p>LPC a remis un Prix de la libert\u00e9 de la presse \u2013 Journalisme local \u00e0 une \u00e9quipe de The Green Line pour sa couverture innovante et fond\u00e9e sur les donn\u00e9es des perturbations en mati\u00e8re de logement et de d\u00e9placements caus\u00e9es par la construction du train l\u00e9ger sur rail Eglinton Crosstown \u00e0 Toronto.<\/p>\n\n\n\n<p>La couverture compl\u00e8te a \u00e9t\u00e9 dirig\u00e9e par la fondatrice, cheffe de la direction et r\u00e9dactrice en chef de The Green Line, Anita Li, ainsi que par la r\u00e9dactrice en chef <strong>Yara El Murr<\/strong>, avec les journalistes <strong>James Westman et Mary Newman<\/strong>. The Green Line a compl\u00e9t\u00e9 son reportage en organisant un \u00e9v\u00e9nement communautaire apr\u00e8s la publication, invitant le public ainsi que des organismes locaux et r\u00e9gionaux \u00e0 partager leurs exp\u00e9riences et proposer des solutions.<\/p>\n\n\n\n<p>Un Prix de la libert\u00e9 de la presse, certificat de m\u00e9rite, est remis \u00e0 l\u2019\u00e9quipe du Globe and Mail compos\u00e9e de <strong>Carrie Tait, Tom Cardoso, Stephanie Chambers, Greg Mercer, Mark MacKinnon et Alanna Smith<\/strong> pour leur travail portant sur les conflits chez Alberta Health Services. Ils ont par la suite \u00e9t\u00e9 confront\u00e9s \u00e0 des tentatives d\u2019intimidation et de diffamation.<\/p>\n\n\n\n<p>Le Prix de la r\u00e9ussite \u00e9tudiante est remis \u00e0 <strong>Jenna Olsen<\/strong>, de l\u2019Universit\u00e9 King\u2019s College, pour son travail r\u00e9v\u00e9lant l\u2019utilisation de chiens dans la recherche m\u00e9dicale \u00e0 l\u2019H\u00f4pital St. Joseph de London (Ontario), alors qu\u2019elle \u00e9tait stagiaire au Bureau de journalisme d\u2019enqu\u00eate (BJE) de l\u2019\u00c9cole de sant\u00e9 publique Dalla&nbsp;Lana de l\u2019Universit\u00e9 de Toronto. Olsen a consacr\u00e9 des mois \u00e0 travailler \u00e0 partir de documents internes, d&rsquo;images vid\u00e9o et de donn\u00e9es. Elle a v\u00e9rifi\u00e9 le mat\u00e9riel, consult\u00e9 des experts et press\u00e9 l\u2019h\u00f4pital de r\u00e9pondre \u2014 tout en aidant \u00e0 prot\u00e9ger des sources confidentielles dont l\u2019emploi \u00e9tait menac\u00e9.<\/p>\n\n\n\n<p>Un Prix de la r\u00e9ussite \u00e9tudiante, certificat de m\u00e9rite, est remis \u00e0 <strong>Heather Johnston<\/strong>, dont l\u2019article final dans le programme de journalisme de l\u2019Universit\u00e9 Mount Royal constituait un long r\u00e9cit sur des survivantes d\u2019agressions sexuelles.<\/p>\n\n\n\n<p>LPC annonce \u00e9galement les gagnants de notre concours international de caricatures \u00e9ditoriales. Le th\u00e8me de cette ann\u00e9e \u00e9tait \u00ab\u2009Temps difficiles\u2009\u00bb.<\/p>\n\n\n\n<p>Le laur\u00e9at <strong>Darko Drljevic<\/strong> est caricaturiste et illustrateur bas\u00e9 \u00e0 Podgorica, au Mont\u00e9n\u00e9gro. Il est pr\u00e9sident de l\u2019Association des caricaturistes du Mont\u00e9n\u00e9gro et de la F\u00e9d\u00e9ration des organisations de caricaturistes. Il a remport\u00e9 en 2025 le concours World Press Cartoon tenu \u00e0 Oeiras, au Portugal.<\/p>\n\n\n\n<p>En deuxi\u00e8me place se classe <strong>Joel Plett<\/strong>, caricaturiste \u00e9ditorial am\u00e9ricain laur\u00e9at du prix Pulitzer, anciennement au Lexington Herald-Leader. Ses caricatures ont \u00e9t\u00e9 publi\u00e9es sur des centaines de sites Web, dans des journaux et magazines du monde entier, notamment The Washington Post, The New York Times, Le Monde et bien d\u2019autres.<\/p>\n\n\n\n<p>Le troisi\u00e8me prix revient \u00e0 <strong>Patrick LaMontagne<\/strong>, caricaturiste et peintre num\u00e9rique de Canmore, en Alberta. Il a \u00e9t\u00e9 caricaturiste \u00e9ditorial syndiqu\u00e9 aupr\u00e8s de plusieurs dizaines de journaux \u00e0 travers le Canada. Il se consacre maintenant principalement \u00e0 ses peintures num\u00e9riques d\u2019animaux sauvages.<\/p>\n\n\n\n<div class=\"wp-block-buttons is-layout-flex wp-block-buttons-is-layout-flex\">\n<div class=\"wp-block-button\"><a class=\"wp-block-button__link wp-element-button\" href=\"https:\/\/mcusercontent.com\/12492a9f3977b4460f3925b4b\/files\/b9e9c933-e6ab-2cd9-f66e-b3cc16c968a8\/LPC_Diner_2026_Programme_FR.01.pdf\">T\u00e9l\u00e9charger le programme<\/a><\/div>\n<\/div>\n","protected":false},"excerpt":{"rendered":"<p>Libert\u00e9 de la Presse Canada remet \u00e9galement les prix du journalisme local, de la r\u00e9ussite \u00e9tudiante et du concours international de caricatures \u00e9ditoriales dans le cadre de son d\u00e9jeuner annuel des Prix de la libert\u00e9 de la presse Libert\u00e9 de la Presse Canada (LPC) est heureuse d\u2019annoncer que le journaliste du Toronto Star, Fr\u00e9d\u00e9rik Plante, [&hellip;]<\/p>\n","protected":false},"author":8,"featured_media":0,"comment_status":"closed","ping_status":"closed","sticky":false,"template":"","format":"standard","meta":{"_acf_changed":false,"_price":"","_stock":"","_tribe_ticket_header":"","_tribe_default_ticket_provider":"","_tribe_ticket_capacity":"0","_ticket_start_date":"","_ticket_end_date":"","_tribe_ticket_show_description":"","_tribe_ticket_show_not_going":false,"_tribe_ticket_use_global_stock":"","_tribe_ticket_global_stock_level":"","_global_stock_mode":"","_global_stock_cap":"","_tribe_rsvp_for_event":"","_tribe_ticket_going_count":"","_tribe_ticket_not_going_count":"","_tribe_tickets_list":"[]","_tribe_ticket_has_attendee_info_fields":false,"footnotes":""},"categories":[10],"tags":[],"class_list":["post-21759","post","type-post","status-publish","format-standard","hentry","category-communique-de-presse"],"acf":[],"yoast_head":"<!-- This site is optimized with the Yoast SEO plugin v27.5 - https:\/\/yoast.com\/product\/yoast-seo-wordpress\/ -->\n<title>Plante et MacKinnon remportent les prix de la libert\u00e9 de la presse et de la r\u00e9ussite professionnelle - World Press Freedom Canada<\/title>\n<meta name=\"robots\" content=\"index, follow, max-snippet:-1, max-image-preview:large, max-video-preview:-1\" \/>\n<link rel=\"canonical\" href=\"https:\/\/worldpressfreedomcanada.ca\/fr\/plante-et-mackinnon-remportent-les-prix-de-la-liberte-de-la-presse-et-de-la-reussite-professionnelle\/\" \/>\n<meta property=\"og:locale\" content=\"fr_FR\" \/>\n<meta property=\"og:type\" content=\"article\" \/>\n<meta property=\"og:title\" content=\"Plante et MacKinnon remportent les prix de la libert\u00e9 de la presse et de la r\u00e9ussite professionnelle - World Press Freedom Canada\" \/>\n<meta property=\"og:description\" content=\"Libert\u00e9 de la Presse Canada remet \u00e9galement les prix du journalisme local, de la r\u00e9ussite \u00e9tudiante et du concours international de caricatures \u00e9ditoriales dans le cadre de son d\u00e9jeuner annuel des Prix de la libert\u00e9 de la presse Libert\u00e9 de la Presse Canada (LPC) est heureuse d\u2019annoncer que le journaliste du Toronto Star, Fr\u00e9d\u00e9rik Plante, [&hellip;]\" \/>\n<meta property=\"og:url\" content=\"https:\/\/worldpressfreedomcanada.ca\/fr\/plante-et-mackinnon-remportent-les-prix-de-la-liberte-de-la-presse-et-de-la-reussite-professionnelle\/\" \/>\n<meta property=\"og:site_name\" content=\"World Press Freedom Canada\" \/>\n<meta property=\"article:published_time\" content=\"2026-04-29T12:00:00+00:00\" \/>\n<meta name=\"author\" content=\"World Press Freedom Canada\" \/>\n<meta name=\"twitter:card\" content=\"summary_large_image\" \/>\n<meta name=\"twitter:label1\" content=\"\u00c9crit par\" \/>\n\t<meta name=\"twitter:data1\" content=\"World Press Freedom Canada\" \/>\n\t<meta name=\"twitter:label2\" content=\"Dur\u00e9e de lecture estim\u00e9e\" \/>\n\t<meta name=\"twitter:data2\" content=\"5 minutes\" \/>\n<script type=\"application\/ld+json\" class=\"yoast-schema-graph\">{\"@context\":\"https:\\\/\\\/schema.org\",\"@graph\":[{\"@type\":\"Article\",\"@id\":\"https:\\\/\\\/worldpressfreedomcanada.ca\\\/fr\\\/plante-et-mackinnon-remportent-les-prix-de-la-liberte-de-la-presse-et-de-la-reussite-professionnelle\\\/#article\",\"isPartOf\":{\"@id\":\"https:\\\/\\\/worldpressfreedomcanada.ca\\\/fr\\\/plante-et-mackinnon-remportent-les-prix-de-la-liberte-de-la-presse-et-de-la-reussite-professionnelle\\\/\"},\"author\":{\"name\":\"World Press Freedom Canada\",\"@id\":\"https:\\\/\\\/worldpressfreedomcanada.ca\\\/fr\\\/#\\\/schema\\\/person\\\/1907c0afad865e42882b092f1f38e2bd\"},\"headline\":\"Plante et MacKinnon remportent les prix de la libert\u00e9 de la presse et de la r\u00e9ussite professionnelle\",\"datePublished\":\"2026-04-29T12:00:00+00:00\",\"mainEntityOfPage\":{\"@id\":\"https:\\\/\\\/worldpressfreedomcanada.ca\\\/fr\\\/plante-et-mackinnon-remportent-les-prix-de-la-liberte-de-la-presse-et-de-la-reussite-professionnelle\\\/\"},\"wordCount\":1174,\"articleSection\":[\"Communiqu\u00e9 de presse\"],\"inLanguage\":\"fr-FR\"},{\"@type\":\"WebPage\",\"@id\":\"https:\\\/\\\/worldpressfreedomcanada.ca\\\/fr\\\/plante-et-mackinnon-remportent-les-prix-de-la-liberte-de-la-presse-et-de-la-reussite-professionnelle\\\/\",\"url\":\"https:\\\/\\\/worldpressfreedomcanada.ca\\\/fr\\\/plante-et-mackinnon-remportent-les-prix-de-la-liberte-de-la-presse-et-de-la-reussite-professionnelle\\\/\",\"name\":\"Plante et MacKinnon remportent les prix de la libert\u00e9 de la presse et de la r\u00e9ussite professionnelle - World Press Freedom Canada\",\"isPartOf\":{\"@id\":\"https:\\\/\\\/worldpressfreedomcanada.ca\\\/fr\\\/#website\"},\"datePublished\":\"2026-04-29T12:00:00+00:00\",\"author\":{\"@id\":\"https:\\\/\\\/worldpressfreedomcanada.ca\\\/fr\\\/#\\\/schema\\\/person\\\/1907c0afad865e42882b092f1f38e2bd\"},\"breadcrumb\":{\"@id\":\"https:\\\/\\\/worldpressfreedomcanada.ca\\\/fr\\\/plante-et-mackinnon-remportent-les-prix-de-la-liberte-de-la-presse-et-de-la-reussite-professionnelle\\\/#breadcrumb\"},\"inLanguage\":\"fr-FR\",\"potentialAction\":[{\"@type\":\"ReadAction\",\"target\":[\"https:\\\/\\\/worldpressfreedomcanada.ca\\\/fr\\\/plante-et-mackinnon-remportent-les-prix-de-la-liberte-de-la-presse-et-de-la-reussite-professionnelle\\\/\"]}]},{\"@type\":\"BreadcrumbList\",\"@id\":\"https:\\\/\\\/worldpressfreedomcanada.ca\\\/fr\\\/plante-et-mackinnon-remportent-les-prix-de-la-liberte-de-la-presse-et-de-la-reussite-professionnelle\\\/#breadcrumb\",\"itemListElement\":[{\"@type\":\"ListItem\",\"position\":1,\"name\":\"Home\",\"item\":\"https:\\\/\\\/worldpressfreedomcanada.ca\\\/fr\\\/\"},{\"@type\":\"ListItem\",\"position\":2,\"name\":\"Plante et MacKinnon remportent les prix de la libert\u00e9 de la presse et de la r\u00e9ussite professionnelle\"}]},{\"@type\":\"WebSite\",\"@id\":\"https:\\\/\\\/worldpressfreedomcanada.ca\\\/fr\\\/#website\",\"url\":\"https:\\\/\\\/worldpressfreedomcanada.ca\\\/fr\\\/\",\"name\":\"World Press Freedom Canada\",\"description\":\"Championing press freedom, defending democracy\",\"potentialAction\":[{\"@type\":\"SearchAction\",\"target\":{\"@type\":\"EntryPoint\",\"urlTemplate\":\"https:\\\/\\\/worldpressfreedomcanada.ca\\\/fr\\\/?s={search_term_string}\"},\"query-input\":{\"@type\":\"PropertyValueSpecification\",\"valueRequired\":true,\"valueName\":\"search_term_string\"}}],\"inLanguage\":\"fr-FR\"},{\"@type\":\"Person\",\"@id\":\"https:\\\/\\\/worldpressfreedomcanada.ca\\\/fr\\\/#\\\/schema\\\/person\\\/1907c0afad865e42882b092f1f38e2bd\",\"name\":\"World Press Freedom Canada\",\"image\":{\"@type\":\"ImageObject\",\"inLanguage\":\"fr-FR\",\"@id\":\"https:\\\/\\\/secure.gravatar.com\\\/avatar\\\/3acd63b41908ece2f12137641c2f91f2a70ebdd284407ace98159911c9b04604?s=96&d=mm&r=g\",\"url\":\"https:\\\/\\\/secure.gravatar.com\\\/avatar\\\/3acd63b41908ece2f12137641c2f91f2a70ebdd284407ace98159911c9b04604?s=96&d=mm&r=g\",\"contentUrl\":\"https:\\\/\\\/secure.gravatar.com\\\/avatar\\\/3acd63b41908ece2f12137641c2f91f2a70ebdd284407ace98159911c9b04604?s=96&d=mm&r=g\",\"caption\":\"World Press Freedom Canada\"},\"url\":\"https:\\\/\\\/worldpressfreedomcanada.ca\\\/fr\\\/author\\\/world-press-freedom-canada\\\/\"}]}<\/script>\n<!-- \/ Yoast SEO plugin. -->","yoast_head_json":{"title":"Plante et MacKinnon remportent les prix de la libert\u00e9 de la presse et de la r\u00e9ussite professionnelle - World Press Freedom Canada","robots":{"index":"index","follow":"follow","max-snippet":"max-snippet:-1","max-image-preview":"max-image-preview:large","max-video-preview":"max-video-preview:-1"},"canonical":"https:\/\/worldpressfreedomcanada.ca\/fr\/plante-et-mackinnon-remportent-les-prix-de-la-liberte-de-la-presse-et-de-la-reussite-professionnelle\/","og_locale":"fr_FR","og_type":"article","og_title":"Plante et MacKinnon remportent les prix de la libert\u00e9 de la presse et de la r\u00e9ussite professionnelle - World Press Freedom Canada","og_description":"Libert\u00e9 de la Presse Canada remet \u00e9galement les prix du journalisme local, de la r\u00e9ussite \u00e9tudiante et du concours international de caricatures \u00e9ditoriales dans le cadre de son d\u00e9jeuner annuel des Prix de la libert\u00e9 de la presse Libert\u00e9 de la Presse Canada (LPC) est heureuse d\u2019annoncer que le journaliste du Toronto Star, Fr\u00e9d\u00e9rik Plante, [&hellip;]","og_url":"https:\/\/worldpressfreedomcanada.ca\/fr\/plante-et-mackinnon-remportent-les-prix-de-la-liberte-de-la-presse-et-de-la-reussite-professionnelle\/","og_site_name":"World Press Freedom Canada","article_published_time":"2026-04-29T12:00:00+00:00","author":"World Press Freedom Canada","twitter_card":"summary_large_image","twitter_misc":{"\u00c9crit par":"World Press Freedom Canada","Dur\u00e9e de lecture estim\u00e9e":"5 minutes"},"schema":{"@context":"https:\/\/schema.org","@graph":[{"@type":"Article","@id":"https:\/\/worldpressfreedomcanada.ca\/fr\/plante-et-mackinnon-remportent-les-prix-de-la-liberte-de-la-presse-et-de-la-reussite-professionnelle\/#article","isPartOf":{"@id":"https:\/\/worldpressfreedomcanada.ca\/fr\/plante-et-mackinnon-remportent-les-prix-de-la-liberte-de-la-presse-et-de-la-reussite-professionnelle\/"},"author":{"name":"World Press Freedom Canada","@id":"https:\/\/worldpressfreedomcanada.ca\/fr\/#\/schema\/person\/1907c0afad865e42882b092f1f38e2bd"},"headline":"Plante et MacKinnon remportent les prix de la libert\u00e9 de la presse et de la r\u00e9ussite professionnelle","datePublished":"2026-04-29T12:00:00+00:00","mainEntityOfPage":{"@id":"https:\/\/worldpressfreedomcanada.ca\/fr\/plante-et-mackinnon-remportent-les-prix-de-la-liberte-de-la-presse-et-de-la-reussite-professionnelle\/"},"wordCount":1174,"articleSection":["Communiqu\u00e9 de presse"],"inLanguage":"fr-FR"},{"@type":"WebPage","@id":"https:\/\/worldpressfreedomcanada.ca\/fr\/plante-et-mackinnon-remportent-les-prix-de-la-liberte-de-la-presse-et-de-la-reussite-professionnelle\/","url":"https:\/\/worldpressfreedomcanada.ca\/fr\/plante-et-mackinnon-remportent-les-prix-de-la-liberte-de-la-presse-et-de-la-reussite-professionnelle\/","name":"Plante et MacKinnon remportent les prix de la libert\u00e9 de la presse et de la r\u00e9ussite professionnelle - World Press Freedom Canada","isPartOf":{"@id":"https:\/\/worldpressfreedomcanada.ca\/fr\/#website"},"datePublished":"2026-04-29T12:00:00+00:00","author":{"@id":"https:\/\/worldpressfreedomcanada.ca\/fr\/#\/schema\/person\/1907c0afad865e42882b092f1f38e2bd"},"breadcrumb":{"@id":"https:\/\/worldpressfreedomcanada.ca\/fr\/plante-et-mackinnon-remportent-les-prix-de-la-liberte-de-la-presse-et-de-la-reussite-professionnelle\/#breadcrumb"},"inLanguage":"fr-FR","potentialAction":[{"@type":"ReadAction","target":["https:\/\/worldpressfreedomcanada.ca\/fr\/plante-et-mackinnon-remportent-les-prix-de-la-liberte-de-la-presse-et-de-la-reussite-professionnelle\/"]}]},{"@type":"BreadcrumbList","@id":"https:\/\/worldpressfreedomcanada.ca\/fr\/plante-et-mackinnon-remportent-les-prix-de-la-liberte-de-la-presse-et-de-la-reussite-professionnelle\/#breadcrumb","itemListElement":[{"@type":"ListItem","position":1,"name":"Home","item":"https:\/\/worldpressfreedomcanada.ca\/fr\/"},{"@type":"ListItem","position":2,"name":"Plante et MacKinnon remportent les prix de la libert\u00e9 de la presse et de la r\u00e9ussite professionnelle"}]},{"@type":"WebSite","@id":"https:\/\/worldpressfreedomcanada.ca\/fr\/#website","url":"https:\/\/worldpressfreedomcanada.ca\/fr\/","name":"World Press Freedom Canada","description":"Championing press freedom, defending democracy","potentialAction":[{"@type":"SearchAction","target":{"@type":"EntryPoint","urlTemplate":"https:\/\/worldpressfreedomcanada.ca\/fr\/?s={search_term_string}"},"query-input":{"@type":"PropertyValueSpecification","valueRequired":true,"valueName":"search_term_string"}}],"inLanguage":"fr-FR"},{"@type":"Person","@id":"https:\/\/worldpressfreedomcanada.ca\/fr\/#\/schema\/person\/1907c0afad865e42882b092f1f38e2bd","name":"World Press Freedom Canada","image":{"@type":"ImageObject","inLanguage":"fr-FR","@id":"https:\/\/secure.gravatar.com\/avatar\/3acd63b41908ece2f12137641c2f91f2a70ebdd284407ace98159911c9b04604?s=96&d=mm&r=g","url":"https:\/\/secure.gravatar.com\/avatar\/3acd63b41908ece2f12137641c2f91f2a70ebdd284407ace98159911c9b04604?s=96&d=mm&r=g","contentUrl":"https:\/\/secure.gravatar.com\/avatar\/3acd63b41908ece2f12137641c2f91f2a70ebdd284407ace98159911c9b04604?s=96&d=mm&r=g","caption":"World Press Freedom Canada"},"url":"https:\/\/worldpressfreedomcanada.ca\/fr\/author\/world-press-freedom-canada\/"}]}},"_links":{"self":[{"href":"https:\/\/worldpressfreedomcanada.ca\/fr\/wp-json\/wp\/v2\/posts\/21759","targetHints":{"allow":["GET"]}}],"collection":[{"href":"https:\/\/worldpressfreedomcanada.ca\/fr\/wp-json\/wp\/v2\/posts"}],"about":[{"href":"https:\/\/worldpressfreedomcanada.ca\/fr\/wp-json\/wp\/v2\/types\/post"}],"author":[{"embeddable":true,"href":"https:\/\/worldpressfreedomcanada.ca\/fr\/wp-json\/wp\/v2\/users\/8"}],"replies":[{"embeddable":true,"href":"https:\/\/worldpressfreedomcanada.ca\/fr\/wp-json\/wp\/v2\/comments?post=21759"}],"version-history":[{"count":1,"href":"https:\/\/worldpressfreedomcanada.ca\/fr\/wp-json\/wp\/v2\/posts\/21759\/revisions"}],"predecessor-version":[{"id":21760,"href":"https:\/\/worldpressfreedomcanada.ca\/fr\/wp-json\/wp\/v2\/posts\/21759\/revisions\/21760"}],"wp:attachment":[{"href":"https:\/\/worldpressfreedomcanada.ca\/fr\/wp-json\/wp\/v2\/media?parent=21759"}],"wp:term":[{"taxonomy":"category","embeddable":true,"href":"https:\/\/worldpressfreedomcanada.ca\/fr\/wp-json\/wp\/v2\/categories?post=21759"},{"taxonomy":"post_tag","embeddable":true,"href":"https:\/\/worldpressfreedomcanada.ca\/fr\/wp-json\/wp\/v2\/tags?post=21759"}],"curies":[{"name":"wp","href":"https:\/\/api.w.org\/{rel}","templated":true}]}}