{"id":21958,"date":"2026-08-31T20:00:00","date_gmt":"2026-09-01T00:00:00","guid":{"rendered":"https:\/\/worldpressfreedomcanada.ca\/?p=21958"},"modified":"2026-09-01T21:47:24","modified_gmt":"2026-09-02T01:47:24","slug":"la-ligne-entre-critiquer-la-presse-et-chercher-a-la-discrediter","status":"publish","type":"post","link":"https:\/\/worldpressfreedomcanada.ca\/fr\/la-ligne-entre-critiquer-la-presse-et-chercher-a-la-discrediter\/","title":{"rendered":"La ligne entre critiquer la presse et chercher \u00e0 la discr\u00e9diter"},"content":{"rendered":"\n<p class=\"wp-block-paragraph\">Ce qui a \u00e9t\u00e9 dit&nbsp;: \u00ab\u2009La libert\u00e9 de la presse s\u2019accompagne d\u2019une immense responsabilit\u00e9\u2009\u00bb, a fait valoir Weijia Jiang, alors pr\u00e9sidente de la White House Correspondents\u2019 Association, lors <a href=\"https:\/\/www.rev.com\/transcripts\/white-house-correspondants-dinner\">du d\u00eener de la WHCA<\/a>, le 24&nbsp;juillet, alors qu\u2019elle pr\u00e9sentait le pr\u00e9sident des \u00c9tats-Unis, Donald Trump. Le d\u00eener annuel avait \u00e9t\u00e9 \u00e9court\u00e9 trois mois plus t\u00f4t apr\u00e8s qu\u2019un tireur eut attaqu\u00e9 le rassemblement dans ce qui aurait \u00e9t\u00e9 une tentative d\u2019assassinat contre Trump.<\/p>\n\n\n\n<p class=\"wp-block-paragraph\">Jiang a poursuivi&nbsp;:<\/p>\n\n\n\n<p class=\"wp-block-paragraph\">La libert\u00e9 de la presse s\u2019accompagne d\u2019une immense responsabilit\u00e9.<\/p>\n\n\n\n<p class=\"wp-block-paragraph\">Nous ne pouvons pas exiger que les autres rendent des comptes sans nous-m\u00eames accepter cette responsabilit\u00e9. Les critiques envers les m\u00e9dias peuvent \u00eatre injustes. Elles peuvent aussi \u00eatre l\u00e9gitimes. Nous faisons beaucoup de choses correctement, mais il nous arrive aussi de nous tromper. Nous confondons parfois la proximit\u00e9 avec le pouvoir et le fait de le comprendre. Et, \u00e0 certains moments, nous nous retrouvons enferm\u00e9s dans nos propres bulles.<\/p>\n\n\n\n<p class=\"wp-block-paragraph\">Il existe toutefois une diff\u00e9rence \u2014 une diff\u00e9rence existentielle \u2014 entre critiquer la presse et chercher \u00e0 la discr\u00e9diter. L\u2019une est saine et nous rend tous meilleurs. L\u2019autre est pr\u00e9cis\u00e9ment ce que les P\u00e8res fondateurs esp\u00e9raient emp\u00eacher.<\/p>\n\n\n\n<p class=\"wp-block-paragraph\">La libert\u00e9 de la presse n\u2019est pas garantie partout dans le monde. Dans de nombreux pays, les journalistes qui critiquent le gouvernement sont d\u00e9tenus sans proc\u00e8s. Leurs reportages sont effac\u00e9s. Dans les cas les plus graves, ils ne rentrent jamais chez eux.<\/p>\n\n\n\n<p class=\"wp-block-paragraph\">Ce soir, nous pensons \u00e0 eux tous et nous pensons aux protections qui nous distinguent en tant que nation. Il y a seulement 20&nbsp;jours, l\u2019Am\u00e9rique a c\u00e9l\u00e9br\u00e9 ses 250&nbsp;ans. Le Premier Amendement constitue une grande partie de ce qui lui a permis d\u2019arriver jusqu\u2019ici, et il nous incombe \u00e0 tous de veiller \u00e0 ce qu\u2019il l\u2019accompagne au cours des 250&nbsp;prochaines ann\u00e9es et au-del\u00e0.<\/p>\n\n\n\n<p class=\"wp-block-paragraph\">\u2013<\/p>\n\n\n\n<p class=\"wp-block-paragraph\">Trump a ensuite pris la parole pendant plus d\u2019une heure.<\/p>\n\n\n\n<p class=\"wp-block-paragraph\">Il a d\u00e9clar\u00e9&nbsp;: \u00ab\u2009Ce soir, l&rsquo;enjeu est vraiment celui des m\u00e9dias qui diffusent de fausses informations et votre fa\u00e7on de g\u00e9rer les prix, ainsi que d\u2019\u00e9crire, de produire et de pr\u00e9senter des histoires invent\u00e9es.\u2009\u00bb<\/p>\n\n\n\n<p class=\"wp-block-paragraph\">Il a \u00e9galement ajout\u00e9&nbsp;: \u00ab\u2009J\u2019ai \u00e9norm\u00e9ment de respect pour les personnes qui sont dans cette salle\u2026 Et j\u2019ai beaucoup de respect pour votre profession. Votre profession est extraordinaire.\u2009\u00bb<\/p>\n\n\n\n<p class=\"wp-block-paragraph\">Le dernier mot revient \u00e0 Jiang, qui a remerci\u00e9 Trump d\u2019avoir assist\u00e9 au d\u00eener.<\/p>\n\n\n\n<p class=\"wp-block-paragraph\">\u00ab\u2009Pendant plusieurs mois, les gens m\u2019ont demand\u00e9&nbsp;: combien de temps va-t-il parler\u2009? Et j\u2019ai r\u00e9pondu&nbsp;: \u201cVous \u00eates correspondants \u00e0 la Maison-Blanche. Alors, vous devriez le savoir.\u201d\u2009\u00bb<\/p>\n\n\n\n<p class=\"wp-block-paragraph\">Dans l\u2019actualit\u00e9 connexe&nbsp;: Pendant 18&nbsp;mois, le Poynter Institute a document\u00e9 plus de 100&nbsp;mesures f\u00e9d\u00e9rales ayant une incidence sur les journalistes et l\u2019acc\u00e8s \u00e0 l\u2019information dans le cadre de son projet Press Freedom Watch.<\/p>\n","protected":false},"excerpt":{"rendered":"<p>Ce qui a \u00e9t\u00e9 dit&nbsp;: \u00ab\u2009La libert\u00e9 de la presse s\u2019accompagne d\u2019une immense responsabilit\u00e9\u2009\u00bb, a fait valoir Weijia Jiang, alors pr\u00e9sidente de la White House Correspondents\u2019 Association, lors du d\u00eener de la WHCA, le 24&nbsp;juillet, alors qu\u2019elle pr\u00e9sentait le pr\u00e9sident des \u00c9tats-Unis, Donald Trump. Le d\u00eener annuel avait \u00e9t\u00e9 \u00e9court\u00e9 trois mois plus t\u00f4t apr\u00e8s [&hellip;]<\/p>\n","protected":false},"author":10,"featured_media":21959,"comment_status":"closed","ping_status":"closed","sticky":false,"template":"","format":"standard","meta":{"_acf_changed":false,"_price":"","_stock":"","_tribe_ticket_header":"","_tribe_default_ticket_provider":"","_tribe_ticket_capacity":"","_ticket_start_date":"","_ticket_end_date":"","_tribe_ticket_show_description":"","_tribe_ticket_show_not_going":false,"_tribe_ticket_use_global_stock":"","_tribe_ticket_global_stock_level":"","_global_stock_mode":"","_global_stock_cap":"","_tribe_rsvp_for_event":"","_tribe_ticket_going_count":"","_tribe_ticket_not_going_count":"","_tribe_tickets_list":"[]","_tribe_ticket_has_attendee_info_fields":false,"footnotes":""},"categories":[187,21],"tags":[],"class_list":["post-21958","post","type-post","status-publish","format-standard","has-post-thumbnail","hentry","category-dispatch","category-la-depeche"],"acf":[],"yoast_head":"<!-- This site is optimized with the Yoast SEO plugin v28.4 - https:\/\/yoast.com\/product\/yoast-seo-wordpress\/ -->\n<title>La ligne entre critiquer la presse et chercher \u00e0 la discr\u00e9diter - World Press Freedom Canada<\/title>\n<meta name=\"robots\" content=\"index, follow, max-snippet:-1, max-image-preview:large, max-video-preview:-1\" \/>\n<link rel=\"canonical\" href=\"https:\/\/worldpressfreedomcanada.ca\/fr\/la-ligne-entre-critiquer-la-presse-et-chercher-a-la-discrediter\/\" \/>\n<meta property=\"og:locale\" content=\"fr_FR\" \/>\n<meta property=\"og:type\" content=\"article\" \/>\n<meta property=\"og:title\" content=\"La ligne entre critiquer la presse et chercher \u00e0 la discr\u00e9diter - World Press Freedom Canada\" \/>\n<meta property=\"og:description\" content=\"Ce qui a \u00e9t\u00e9 dit&nbsp;: \u00ab\u2009La libert\u00e9 de la presse s\u2019accompagne d\u2019une immense responsabilit\u00e9\u2009\u00bb, a fait valoir Weijia Jiang, alors pr\u00e9sidente de la White House Correspondents\u2019 Association, lors du d\u00eener de la WHCA, le 24&nbsp;juillet, alors qu\u2019elle pr\u00e9sentait le pr\u00e9sident des \u00c9tats-Unis, Donald Trump. Le d\u00eener annuel avait \u00e9t\u00e9 \u00e9court\u00e9 trois mois plus t\u00f4t apr\u00e8s [&hellip;]\" \/>\n<meta property=\"og:url\" content=\"https:\/\/worldpressfreedomcanada.ca\/fr\/la-ligne-entre-critiquer-la-presse-et-chercher-a-la-discrediter\/\" \/>\n<meta property=\"og:site_name\" content=\"World Press Freedom Canada\" \/>\n<meta property=\"article:published_time\" content=\"2026-09-01T00:00:00+00:00\" \/>\n<meta property=\"article:modified_time\" content=\"2026-09-02T01:47:24+00:00\" \/>\n<meta property=\"og:image\" content=\"https:\/\/worldpressfreedomcanada.ca\/wp-content\/uploads\/2026\/08\/trump-cspan.webp\" \/>\n\t<meta property=\"og:image:width\" content=\"1087\" \/>\n\t<meta property=\"og:image:height\" content=\"520\" \/>\n\t<meta property=\"og:image:type\" content=\"image\/webp\" \/>\n<meta name=\"author\" content=\"Jon Stewart\" \/>\n<meta name=\"twitter:card\" content=\"summary_large_image\" \/>\n<meta name=\"twitter:label1\" content=\"\u00c9crit par\" \/>\n\t<meta name=\"twitter:data1\" content=\"Jon Stewart\" \/>\n\t<meta name=\"twitter:label2\" content=\"Dur\u00e9e de lecture estim\u00e9e\" \/>\n\t<meta name=\"twitter:data2\" content=\"3 minutes\" \/>\n<script type=\"application\/ld+json\" class=\"yoast-schema-graph\">{\"@context\":\"https:\\\/\\\/schema.org\",\"@graph\":[{\"@type\":\"Article\",\"@id\":\"https:\\\/\\\/worldpressfreedomcanada.ca\\\/fr\\\/la-ligne-entre-critiquer-la-presse-et-chercher-a-la-discrediter\\\/#article\",\"isPartOf\":{\"@id\":\"https:\\\/\\\/worldpressfreedomcanada.ca\\\/fr\\\/la-ligne-entre-critiquer-la-presse-et-chercher-a-la-discrediter\\\/\"},\"author\":{\"name\":\"Jon Stewart\",\"@id\":\"https:\\\/\\\/worldpressfreedomcanada.ca\\\/fr\\\/#\\\/schema\\\/person\\\/bf52fcf93ee836612cf8b439ec31002d\"},\"headline\":\"La ligne entre critiquer la presse et chercher \u00e0 la discr\u00e9diter\",\"datePublished\":\"2026-09-01T00:00:00+00:00\",\"dateModified\":\"2026-09-02T01:47:24+00:00\",\"mainEntityOfPage\":{\"@id\":\"https:\\\/\\\/worldpressfreedomcanada.ca\\\/fr\\\/la-ligne-entre-critiquer-la-presse-et-chercher-a-la-discrediter\\\/\"},\"wordCount\":516,\"image\":{\"@id\":\"https:\\\/\\\/worldpressfreedomcanada.ca\\\/fr\\\/la-ligne-entre-critiquer-la-presse-et-chercher-a-la-discrediter\\\/#primaryimage\"},\"thumbnailUrl\":\"https:\\\/\\\/worldpressfreedomcanada.ca\\\/wp-content\\\/uploads\\\/2026\\\/08\\\/trump-cspan.webp\",\"articleSection\":[\"Dispatch\",\"La D\u00e9p\u00eache\"],\"inLanguage\":\"fr-FR\"},{\"@type\":\"WebPage\",\"@id\":\"https:\\\/\\\/worldpressfreedomcanada.ca\\\/fr\\\/la-ligne-entre-critiquer-la-presse-et-chercher-a-la-discrediter\\\/\",\"url\":\"https:\\\/\\\/worldpressfreedomcanada.ca\\\/fr\\\/la-ligne-entre-critiquer-la-presse-et-chercher-a-la-discrediter\\\/\",\"name\":\"La ligne entre critiquer la presse et chercher \u00e0 la discr\u00e9diter - World Press Freedom Canada\",\"isPartOf\":{\"@id\":\"https:\\\/\\\/worldpressfreedomcanada.ca\\\/fr\\\/#website\"},\"primaryImageOfPage\":{\"@id\":\"https:\\\/\\\/worldpressfreedomcanada.ca\\\/fr\\\/la-ligne-entre-critiquer-la-presse-et-chercher-a-la-discrediter\\\/#primaryimage\"},\"image\":{\"@id\":\"https:\\\/\\\/worldpressfreedomcanada.ca\\\/fr\\\/la-ligne-entre-critiquer-la-presse-et-chercher-a-la-discrediter\\\/#primaryimage\"},\"thumbnailUrl\":\"https:\\\/\\\/worldpressfreedomcanada.ca\\\/wp-content\\\/uploads\\\/2026\\\/08\\\/trump-cspan.webp\",\"datePublished\":\"2026-09-01T00:00:00+00:00\",\"dateModified\":\"2026-09-02T01:47:24+00:00\",\"author\":{\"@id\":\"https:\\\/\\\/worldpressfreedomcanada.ca\\\/fr\\\/#\\\/schema\\\/person\\\/bf52fcf93ee836612cf8b439ec31002d\"},\"breadcrumb\":{\"@id\":\"https:\\\/\\\/worldpressfreedomcanada.ca\\\/fr\\\/la-ligne-entre-critiquer-la-presse-et-chercher-a-la-discrediter\\\/#breadcrumb\"},\"inLanguage\":\"fr-FR\",\"potentialAction\":[{\"@type\":\"ReadAction\",\"target\":[\"https:\\\/\\\/worldpressfreedomcanada.ca\\\/fr\\\/la-ligne-entre-critiquer-la-presse-et-chercher-a-la-discrediter\\\/\"]}]},{\"@type\":\"ImageObject\",\"inLanguage\":\"fr-FR\",\"@id\":\"https:\\\/\\\/worldpressfreedomcanada.ca\\\/fr\\\/la-ligne-entre-critiquer-la-presse-et-chercher-a-la-discrediter\\\/#primaryimage\",\"url\":\"https:\\\/\\\/worldpressfreedomcanada.ca\\\/wp-content\\\/uploads\\\/2026\\\/08\\\/trump-cspan.webp\",\"contentUrl\":\"https:\\\/\\\/worldpressfreedomcanada.ca\\\/wp-content\\\/uploads\\\/2026\\\/08\\\/trump-cspan.webp\",\"width\":1087,\"height\":520,\"caption\":\"L'ancienne pr\u00e9sidente de l'Association des correspondants de la Maison-Blanche, Weijia Jiang, photographi\u00e9e avec le pr\u00e9sident am\u00e9ricain Donald Trump en juillet. \\\/ CAPTURE D'\u00c9CRAN C-SPAN\"},{\"@type\":\"BreadcrumbList\",\"@id\":\"https:\\\/\\\/worldpressfreedomcanada.ca\\\/fr\\\/la-ligne-entre-critiquer-la-presse-et-chercher-a-la-discrediter\\\/#breadcrumb\",\"itemListElement\":[{\"@type\":\"ListItem\",\"position\":1,\"name\":\"Home\",\"item\":\"https:\\\/\\\/worldpressfreedomcanada.ca\\\/fr\\\/\"},{\"@type\":\"ListItem\",\"position\":2,\"name\":\"La ligne entre critiquer la presse et chercher \u00e0 la discr\u00e9diter\"}]},{\"@type\":\"WebSite\",\"@id\":\"https:\\\/\\\/worldpressfreedomcanada.ca\\\/fr\\\/#website\",\"url\":\"https:\\\/\\\/worldpressfreedomcanada.ca\\\/fr\\\/\",\"name\":\"World Press Freedom Canada\",\"description\":\"Championing press freedom, defending democracy\",\"potentialAction\":[{\"@type\":\"SearchAction\",\"target\":{\"@type\":\"EntryPoint\",\"urlTemplate\":\"https:\\\/\\\/worldpressfreedomcanada.ca\\\/fr\\\/?s={search_term_string}\"},\"query-input\":{\"@type\":\"PropertyValueSpecification\",\"valueRequired\":true,\"valueName\":\"search_term_string\"}}],\"inLanguage\":\"fr-FR\"},{\"@type\":\"Person\",\"@id\":\"https:\\\/\\\/worldpressfreedomcanada.ca\\\/fr\\\/#\\\/schema\\\/person\\\/bf52fcf93ee836612cf8b439ec31002d\",\"name\":\"Jon Stewart\",\"image\":{\"@type\":\"ImageObject\",\"inLanguage\":\"fr-FR\",\"@id\":\"https:\\\/\\\/secure.gravatar.com\\\/avatar\\\/f803e8c89c372b12b471c272efcbb04fd6aa78d65cd095d3045ab0377a9e0c7c?s=96&d=mm&r=g\",\"url\":\"https:\\\/\\\/secure.gravatar.com\\\/avatar\\\/f803e8c89c372b12b471c272efcbb04fd6aa78d65cd095d3045ab0377a9e0c7c?s=96&d=mm&r=g\",\"contentUrl\":\"https:\\\/\\\/secure.gravatar.com\\\/avatar\\\/f803e8c89c372b12b471c272efcbb04fd6aa78d65cd095d3045ab0377a9e0c7c?s=96&d=mm&r=g\",\"caption\":\"Jon Stewart\"},\"url\":\"https:\\\/\\\/worldpressfreedomcanada.ca\\\/fr\\\/author\\\/jon-stewart\\\/\"}]}<\/script>\n<!-- \/ Yoast SEO plugin. -->","yoast_head_json":{"title":"La ligne entre critiquer la presse et chercher \u00e0 la discr\u00e9diter - World Press Freedom Canada","robots":{"index":"index","follow":"follow","max-snippet":"max-snippet:-1","max-image-preview":"max-image-preview:large","max-video-preview":"max-video-preview:-1"},"canonical":"https:\/\/worldpressfreedomcanada.ca\/fr\/la-ligne-entre-critiquer-la-presse-et-chercher-a-la-discrediter\/","og_locale":"fr_FR","og_type":"article","og_title":"La ligne entre critiquer la presse et chercher \u00e0 la discr\u00e9diter - World Press Freedom Canada","og_description":"Ce qui a \u00e9t\u00e9 dit&nbsp;: \u00ab\u2009La libert\u00e9 de la presse s\u2019accompagne d\u2019une immense responsabilit\u00e9\u2009\u00bb, a fait valoir Weijia Jiang, alors pr\u00e9sidente de la White House Correspondents\u2019 Association, lors du d\u00eener de la WHCA, le 24&nbsp;juillet, alors qu\u2019elle pr\u00e9sentait le pr\u00e9sident des \u00c9tats-Unis, Donald Trump. Le d\u00eener annuel avait \u00e9t\u00e9 \u00e9court\u00e9 trois mois plus t\u00f4t apr\u00e8s [&hellip;]","og_url":"https:\/\/worldpressfreedomcanada.ca\/fr\/la-ligne-entre-critiquer-la-presse-et-chercher-a-la-discrediter\/","og_site_name":"World Press Freedom Canada","article_published_time":"2026-09-01T00:00:00+00:00","article_modified_time":"2026-09-02T01:47:24+00:00","og_image":[{"width":1087,"height":520,"url":"https:\/\/worldpressfreedomcanada.ca\/wp-content\/uploads\/2026\/08\/trump-cspan.webp","type":"image\/webp"}],"author":"Jon Stewart","twitter_card":"summary_large_image","twitter_misc":{"\u00c9crit par":"Jon Stewart","Dur\u00e9e de lecture estim\u00e9e":"3 minutes"},"schema":{"@context":"https:\/\/schema.org","@graph":[{"@type":"Article","@id":"https:\/\/worldpressfreedomcanada.ca\/fr\/la-ligne-entre-critiquer-la-presse-et-chercher-a-la-discrediter\/#article","isPartOf":{"@id":"https:\/\/worldpressfreedomcanada.ca\/fr\/la-ligne-entre-critiquer-la-presse-et-chercher-a-la-discrediter\/"},"author":{"name":"Jon Stewart","@id":"https:\/\/worldpressfreedomcanada.ca\/fr\/#\/schema\/person\/bf52fcf93ee836612cf8b439ec31002d"},"headline":"La ligne entre critiquer la presse et chercher \u00e0 la discr\u00e9diter","datePublished":"2026-09-01T00:00:00+00:00","dateModified":"2026-09-02T01:47:24+00:00","mainEntityOfPage":{"@id":"https:\/\/worldpressfreedomcanada.ca\/fr\/la-ligne-entre-critiquer-la-presse-et-chercher-a-la-discrediter\/"},"wordCount":516,"image":{"@id":"https:\/\/worldpressfreedomcanada.ca\/fr\/la-ligne-entre-critiquer-la-presse-et-chercher-a-la-discrediter\/#primaryimage"},"thumbnailUrl":"https:\/\/worldpressfreedomcanada.ca\/wp-content\/uploads\/2026\/08\/trump-cspan.webp","articleSection":["Dispatch","La D\u00e9p\u00eache"],"inLanguage":"fr-FR"},{"@type":"WebPage","@id":"https:\/\/worldpressfreedomcanada.ca\/fr\/la-ligne-entre-critiquer-la-presse-et-chercher-a-la-discrediter\/","url":"https:\/\/worldpressfreedomcanada.ca\/fr\/la-ligne-entre-critiquer-la-presse-et-chercher-a-la-discrediter\/","name":"La ligne entre critiquer la presse et chercher \u00e0 la discr\u00e9diter - World Press Freedom Canada","isPartOf":{"@id":"https:\/\/worldpressfreedomcanada.ca\/fr\/#website"},"primaryImageOfPage":{"@id":"https:\/\/worldpressfreedomcanada.ca\/fr\/la-ligne-entre-critiquer-la-presse-et-chercher-a-la-discrediter\/#primaryimage"},"image":{"@id":"https:\/\/worldpressfreedomcanada.ca\/fr\/la-ligne-entre-critiquer-la-presse-et-chercher-a-la-discrediter\/#primaryimage"},"thumbnailUrl":"https:\/\/worldpressfreedomcanada.ca\/wp-content\/uploads\/2026\/08\/trump-cspan.webp","datePublished":"2026-09-01T00:00:00+00:00","dateModified":"2026-09-02T01:47:24+00:00","author":{"@id":"https:\/\/worldpressfreedomcanada.ca\/fr\/#\/schema\/person\/bf52fcf93ee836612cf8b439ec31002d"},"breadcrumb":{"@id":"https:\/\/worldpressfreedomcanada.ca\/fr\/la-ligne-entre-critiquer-la-presse-et-chercher-a-la-discrediter\/#breadcrumb"},"inLanguage":"fr-FR","potentialAction":[{"@type":"ReadAction","target":["https:\/\/worldpressfreedomcanada.ca\/fr\/la-ligne-entre-critiquer-la-presse-et-chercher-a-la-discrediter\/"]}]},{"@type":"ImageObject","inLanguage":"fr-FR","@id":"https:\/\/worldpressfreedomcanada.ca\/fr\/la-ligne-entre-critiquer-la-presse-et-chercher-a-la-discrediter\/#primaryimage","url":"https:\/\/worldpressfreedomcanada.ca\/wp-content\/uploads\/2026\/08\/trump-cspan.webp","contentUrl":"https:\/\/worldpressfreedomcanada.ca\/wp-content\/uploads\/2026\/08\/trump-cspan.webp","width":1087,"height":520,"caption":"L'ancienne pr\u00e9sidente de l'Association des correspondants de la Maison-Blanche, Weijia Jiang, photographi\u00e9e avec le pr\u00e9sident am\u00e9ricain Donald Trump en juillet. \/ CAPTURE D'\u00c9CRAN C-SPAN"},{"@type":"BreadcrumbList","@id":"https:\/\/worldpressfreedomcanada.ca\/fr\/la-ligne-entre-critiquer-la-presse-et-chercher-a-la-discrediter\/#breadcrumb","itemListElement":[{"@type":"ListItem","position":1,"name":"Home","item":"https:\/\/worldpressfreedomcanada.ca\/fr\/"},{"@type":"ListItem","position":2,"name":"La ligne entre critiquer la presse et chercher \u00e0 la discr\u00e9diter"}]},{"@type":"WebSite","@id":"https:\/\/worldpressfreedomcanada.ca\/fr\/#website","url":"https:\/\/worldpressfreedomcanada.ca\/fr\/","name":"World Press Freedom Canada","description":"Championing press freedom, defending democracy","potentialAction":[{"@type":"SearchAction","target":{"@type":"EntryPoint","urlTemplate":"https:\/\/worldpressfreedomcanada.ca\/fr\/?s={search_term_string}"},"query-input":{"@type":"PropertyValueSpecification","valueRequired":true,"valueName":"search_term_string"}}],"inLanguage":"fr-FR"},{"@type":"Person","@id":"https:\/\/worldpressfreedomcanada.ca\/fr\/#\/schema\/person\/bf52fcf93ee836612cf8b439ec31002d","name":"Jon Stewart","image":{"@type":"ImageObject","inLanguage":"fr-FR","@id":"https:\/\/secure.gravatar.com\/avatar\/f803e8c89c372b12b471c272efcbb04fd6aa78d65cd095d3045ab0377a9e0c7c?s=96&d=mm&r=g","url":"https:\/\/secure.gravatar.com\/avatar\/f803e8c89c372b12b471c272efcbb04fd6aa78d65cd095d3045ab0377a9e0c7c?s=96&d=mm&r=g","contentUrl":"https:\/\/secure.gravatar.com\/avatar\/f803e8c89c372b12b471c272efcbb04fd6aa78d65cd095d3045ab0377a9e0c7c?s=96&d=mm&r=g","caption":"Jon Stewart"},"url":"https:\/\/worldpressfreedomcanada.ca\/fr\/author\/jon-stewart\/"}]}},"_links":{"self":[{"href":"https:\/\/worldpressfreedomcanada.ca\/fr\/wp-json\/wp\/v2\/posts\/21958","targetHints":{"allow":["GET"]}}],"collection":[{"href":"https:\/\/worldpressfreedomcanada.ca\/fr\/wp-json\/wp\/v2\/posts"}],"about":[{"href":"https:\/\/worldpressfreedomcanada.ca\/fr\/wp-json\/wp\/v2\/types\/post"}],"author":[{"embeddable":true,"href":"https:\/\/worldpressfreedomcanada.ca\/fr\/wp-json\/wp\/v2\/users\/10"}],"replies":[{"embeddable":true,"href":"https:\/\/worldpressfreedomcanada.ca\/fr\/wp-json\/wp\/v2\/comments?post=21958"}],"version-history":[{"count":1,"href":"https:\/\/worldpressfreedomcanada.ca\/fr\/wp-json\/wp\/v2\/posts\/21958\/revisions"}],"predecessor-version":[{"id":21961,"href":"https:\/\/worldpressfreedomcanada.ca\/fr\/wp-json\/wp\/v2\/posts\/21958\/revisions\/21961"}],"wp:featuredmedia":[{"embeddable":true,"href":"https:\/\/worldpressfreedomcanada.ca\/fr\/wp-json\/wp\/v2\/media\/21959"}],"wp:attachment":[{"href":"https:\/\/worldpressfreedomcanada.ca\/fr\/wp-json\/wp\/v2\/media?parent=21958"}],"wp:term":[{"taxonomy":"category","embeddable":true,"href":"https:\/\/worldpressfreedomcanada.ca\/fr\/wp-json\/wp\/v2\/categories?post=21958"},{"taxonomy":"post_tag","embeddable":true,"href":"https:\/\/worldpressfreedomcanada.ca\/fr\/wp-json\/wp\/v2\/tags?post=21958"}],"curies":[{"name":"wp","href":"https:\/\/api.w.org\/{rel}","templated":true}]}}