{"id":21967,"date":"2026-08-31T19:00:45","date_gmt":"2026-08-31T23:00:45","guid":{"rendered":"https:\/\/worldpressfreedomcanada.ca\/what-should-dispatch-cover-next\/"},"modified":"2026-09-01T20:18:24","modified_gmt":"2026-09-02T00:18:24","slug":"what-should-dispatch-cover-next","status":"publish","type":"post","link":"https:\/\/worldpressfreedomcanada.ca\/fr\/what-should-dispatch-cover-next\/","title":{"rendered":"Que devrait maintenant couvrir La D\u00e9p\u00eache\u2009?"},"content":{"rendered":"\n<p class=\"wp-block-paragraph\">Merci d\u2019\u00eatre un fid\u00e8le lecteur de La D\u00e9p\u00eache, l\u2019infolettre de Libert\u00e9 de la presse Canada.<\/p>\n\n\n\n<p class=\"wp-block-paragraph\">Notre mission est de tenir nos lecteurs inform\u00e9s de la libert\u00e9 de la presse au Canada et \u00e0 l\u2019\u00e9tranger.<\/p>\n\n\n\n<p class=\"wp-block-paragraph\">Un nouveau chapitre&nbsp;: \u00c0 l\u2019approche du quatri\u00e8me anniversaire de la publication, nous pr\u00e9voyons d\u00e9sormais publier La D\u00e9p\u00eache chaque mois.<\/p>\n\n\n\n<p class=\"wp-block-paragraph\">Nous aimerions conna\u00eetre votre opinion&nbsp;: qu\u2019aimeriez-vous voir davantage\u2009? Comment pouvons-nous rendre cette infolettre plus utile pour vous\u2009?<\/p>\n\n\n\n<p class=\"wp-block-paragraph\">Nous vous invitons \u00e0 r\u00e9pondre \u00e0 notre <a href=\"https:\/\/bit.ly\/dispatchsurvey-depechesondage\">sondage anonyme aupr\u00e8s des lecteurs<\/a>. Vos commentaires contribueront \u00e0 orienter la couverture que vous retrouverez dans les prochains num\u00e9ros.<\/p>\n\n\n\n<p class=\"wp-block-paragraph\">Pour plus d\u2019information sur La D\u00e9p\u00eache ou sur ce sondage, veuillez communiquer avec nous \u00e0 l\u2019adresse suivante&nbsp;: <a href=\"mailto:info@worldpressfreedomcanada.ca\">info@worldpressfreedomcanada.ca<\/a>.<\/p>\n\n\n\n<p class=\"wp-block-paragraph\">Merci,<\/p>\n\n\n\n<p class=\"wp-block-paragraph\">L\u2019\u00e9quipe de Libert\u00e9 de la presse Canada<\/p>\n\n\n\n<p><a href=\"https:\/\/bit.ly\/dispatchsurvey-depechesondage\" target=\"_blank\" style=\"background-color: #ed1b2f; color: #ffffff; display: inline-block; padding: 12px 24px; font-family: Arial, sans-serif; font-size: 16px; font-weight: bold; text-decoration: none; border-radius: 5px; text-align: center;\">R\u00e9pondez \u00e0 notre sondage<\/a><\/p>\n","protected":false},"excerpt":{"rendered":"<p>Merci d\u2019\u00eatre un fid\u00e8le lecteur de La D\u00e9p\u00eache, l\u2019infolettre de Libert\u00e9 de la presse Canada. Notre mission est de tenir nos lecteurs inform\u00e9s de la libert\u00e9 de la presse au Canada et \u00e0 l\u2019\u00e9tranger. Un nouveau chapitre&nbsp;: \u00c0 l\u2019approche du quatri\u00e8me anniversaire de la publication, nous pr\u00e9voyons d\u00e9sormais publier La D\u00e9p\u00eache chaque mois. Nous aimerions [&hellip;]<\/p>\n","protected":false},"author":10,"featured_media":0,"comment_status":"closed","ping_status":"closed","sticky":false,"template":"","format":"standard","meta":{"_acf_changed":false,"_price":"","_stock":"","_tribe_ticket_header":"","_tribe_default_ticket_provider":"","_tribe_ticket_capacity":"","_ticket_start_date":"","_ticket_end_date":"","_tribe_ticket_show_description":"","_tribe_ticket_show_not_going":false,"_tribe_ticket_use_global_stock":"","_tribe_ticket_global_stock_level":"","_global_stock_mode":"","_global_stock_cap":"","_tribe_rsvp_for_event":"","_tribe_ticket_going_count":"","_tribe_ticket_not_going_count":"","_tribe_tickets_list":"[]","_tribe_ticket_has_attendee_info_fields":false,"footnotes":""},"categories":[187,21],"tags":[],"class_list":["post-21967","post","type-post","status-publish","format-standard","hentry","category-dispatch","category-la-depeche"],"acf":[],"yoast_head":"<!-- This site is optimized with the Yoast SEO plugin v28.4 - https:\/\/yoast.com\/product\/yoast-seo-wordpress\/ -->\n<title>Que devrait maintenant couvrir La D\u00e9p\u00eache\u2009? - World Press Freedom Canada<\/title>\n<meta name=\"robots\" content=\"index, follow, max-snippet:-1, max-image-preview:large, max-video-preview:-1\" \/>\n<link rel=\"canonical\" href=\"https:\/\/worldpressfreedomcanada.ca\/fr\/what-should-dispatch-cover-next\/\" \/>\n<meta property=\"og:locale\" content=\"fr_FR\" \/>\n<meta property=\"og:type\" content=\"article\" \/>\n<meta property=\"og:title\" content=\"Que devrait maintenant couvrir La D\u00e9p\u00eache\u2009? - World Press Freedom Canada\" \/>\n<meta property=\"og:description\" content=\"Merci d\u2019\u00eatre un fid\u00e8le lecteur de La D\u00e9p\u00eache, l\u2019infolettre de Libert\u00e9 de la presse Canada. Notre mission est de tenir nos lecteurs inform\u00e9s de la libert\u00e9 de la presse au Canada et \u00e0 l\u2019\u00e9tranger. Un nouveau chapitre&nbsp;: \u00c0 l\u2019approche du quatri\u00e8me anniversaire de la publication, nous pr\u00e9voyons d\u00e9sormais publier La D\u00e9p\u00eache chaque mois. Nous aimerions [&hellip;]\" \/>\n<meta property=\"og:url\" content=\"https:\/\/worldpressfreedomcanada.ca\/fr\/what-should-dispatch-cover-next\/\" \/>\n<meta property=\"og:site_name\" content=\"World Press Freedom Canada\" \/>\n<meta property=\"article:published_time\" content=\"2026-08-31T23:00:45+00:00\" \/>\n<meta property=\"article:modified_time\" content=\"2026-09-02T00:18:24+00:00\" \/>\n<meta name=\"author\" content=\"Jon Stewart\" \/>\n<meta name=\"twitter:card\" content=\"summary_large_image\" \/>\n<meta name=\"twitter:label1\" content=\"\u00c9crit par\" \/>\n\t<meta name=\"twitter:data1\" content=\"Jon Stewart\" \/>\n\t<meta name=\"twitter:label2\" content=\"Dur\u00e9e de lecture estim\u00e9e\" \/>\n\t<meta name=\"twitter:data2\" content=\"1 minute\" \/>\n<script type=\"application\/ld+json\" class=\"yoast-schema-graph\">{\"@context\":\"https:\\\/\\\/schema.org\",\"@graph\":[{\"@type\":\"Article\",\"@id\":\"https:\\\/\\\/worldpressfreedomcanada.ca\\\/fr\\\/what-should-dispatch-cover-next\\\/#article\",\"isPartOf\":{\"@id\":\"https:\\\/\\\/worldpressfreedomcanada.ca\\\/fr\\\/what-should-dispatch-cover-next\\\/\"},\"author\":{\"name\":\"Jon Stewart\",\"@id\":\"https:\\\/\\\/worldpressfreedomcanada.ca\\\/fr\\\/#\\\/schema\\\/person\\\/bf52fcf93ee836612cf8b439ec31002d\"},\"headline\":\"Que devrait maintenant couvrir La D\u00e9p\u00eache\u2009?\",\"datePublished\":\"2026-08-31T23:00:45+00:00\",\"dateModified\":\"2026-09-02T00:18:24+00:00\",\"mainEntityOfPage\":{\"@id\":\"https:\\\/\\\/worldpressfreedomcanada.ca\\\/fr\\\/what-should-dispatch-cover-next\\\/\"},\"wordCount\":156,\"articleSection\":[\"Dispatch\",\"La D\u00e9p\u00eache\"],\"inLanguage\":\"fr-FR\"},{\"@type\":\"WebPage\",\"@id\":\"https:\\\/\\\/worldpressfreedomcanada.ca\\\/fr\\\/what-should-dispatch-cover-next\\\/\",\"url\":\"https:\\\/\\\/worldpressfreedomcanada.ca\\\/fr\\\/what-should-dispatch-cover-next\\\/\",\"name\":\"Que devrait maintenant couvrir La D\u00e9p\u00eache\u2009? - World Press Freedom Canada\",\"isPartOf\":{\"@id\":\"https:\\\/\\\/worldpressfreedomcanada.ca\\\/fr\\\/#website\"},\"datePublished\":\"2026-08-31T23:00:45+00:00\",\"dateModified\":\"2026-09-02T00:18:24+00:00\",\"author\":{\"@id\":\"https:\\\/\\\/worldpressfreedomcanada.ca\\\/fr\\\/#\\\/schema\\\/person\\\/bf52fcf93ee836612cf8b439ec31002d\"},\"breadcrumb\":{\"@id\":\"https:\\\/\\\/worldpressfreedomcanada.ca\\\/fr\\\/what-should-dispatch-cover-next\\\/#breadcrumb\"},\"inLanguage\":\"fr-FR\",\"potentialAction\":[{\"@type\":\"ReadAction\",\"target\":[\"https:\\\/\\\/worldpressfreedomcanada.ca\\\/fr\\\/what-should-dispatch-cover-next\\\/\"]}]},{\"@type\":\"BreadcrumbList\",\"@id\":\"https:\\\/\\\/worldpressfreedomcanada.ca\\\/fr\\\/what-should-dispatch-cover-next\\\/#breadcrumb\",\"itemListElement\":[{\"@type\":\"ListItem\",\"position\":1,\"name\":\"Home\",\"item\":\"https:\\\/\\\/worldpressfreedomcanada.ca\\\/fr\\\/\"},{\"@type\":\"ListItem\",\"position\":2,\"name\":\"Que devrait maintenant couvrir La D\u00e9p\u00eache\u2009?\"}]},{\"@type\":\"WebSite\",\"@id\":\"https:\\\/\\\/worldpressfreedomcanada.ca\\\/fr\\\/#website\",\"url\":\"https:\\\/\\\/worldpressfreedomcanada.ca\\\/fr\\\/\",\"name\":\"World Press Freedom Canada\",\"description\":\"Championing press freedom, defending democracy\",\"potentialAction\":[{\"@type\":\"SearchAction\",\"target\":{\"@type\":\"EntryPoint\",\"urlTemplate\":\"https:\\\/\\\/worldpressfreedomcanada.ca\\\/fr\\\/?s={search_term_string}\"},\"query-input\":{\"@type\":\"PropertyValueSpecification\",\"valueRequired\":true,\"valueName\":\"search_term_string\"}}],\"inLanguage\":\"fr-FR\"},{\"@type\":\"Person\",\"@id\":\"https:\\\/\\\/worldpressfreedomcanada.ca\\\/fr\\\/#\\\/schema\\\/person\\\/bf52fcf93ee836612cf8b439ec31002d\",\"name\":\"Jon Stewart\",\"image\":{\"@type\":\"ImageObject\",\"inLanguage\":\"fr-FR\",\"@id\":\"https:\\\/\\\/secure.gravatar.com\\\/avatar\\\/f803e8c89c372b12b471c272efcbb04fd6aa78d65cd095d3045ab0377a9e0c7c?s=96&d=mm&r=g\",\"url\":\"https:\\\/\\\/secure.gravatar.com\\\/avatar\\\/f803e8c89c372b12b471c272efcbb04fd6aa78d65cd095d3045ab0377a9e0c7c?s=96&d=mm&r=g\",\"contentUrl\":\"https:\\\/\\\/secure.gravatar.com\\\/avatar\\\/f803e8c89c372b12b471c272efcbb04fd6aa78d65cd095d3045ab0377a9e0c7c?s=96&d=mm&r=g\",\"caption\":\"Jon Stewart\"},\"url\":\"https:\\\/\\\/worldpressfreedomcanada.ca\\\/fr\\\/author\\\/jon-stewart\\\/\"}]}<\/script>\n<!-- \/ Yoast SEO plugin. -->","yoast_head_json":{"title":"Que devrait maintenant couvrir La D\u00e9p\u00eache\u2009? - World Press Freedom Canada","robots":{"index":"index","follow":"follow","max-snippet":"max-snippet:-1","max-image-preview":"max-image-preview:large","max-video-preview":"max-video-preview:-1"},"canonical":"https:\/\/worldpressfreedomcanada.ca\/fr\/what-should-dispatch-cover-next\/","og_locale":"fr_FR","og_type":"article","og_title":"Que devrait maintenant couvrir La D\u00e9p\u00eache\u2009? - World Press Freedom Canada","og_description":"Merci d\u2019\u00eatre un fid\u00e8le lecteur de La D\u00e9p\u00eache, l\u2019infolettre de Libert\u00e9 de la presse Canada. Notre mission est de tenir nos lecteurs inform\u00e9s de la libert\u00e9 de la presse au Canada et \u00e0 l\u2019\u00e9tranger. Un nouveau chapitre&nbsp;: \u00c0 l\u2019approche du quatri\u00e8me anniversaire de la publication, nous pr\u00e9voyons d\u00e9sormais publier La D\u00e9p\u00eache chaque mois. Nous aimerions [&hellip;]","og_url":"https:\/\/worldpressfreedomcanada.ca\/fr\/what-should-dispatch-cover-next\/","og_site_name":"World Press Freedom Canada","article_published_time":"2026-08-31T23:00:45+00:00","article_modified_time":"2026-09-02T00:18:24+00:00","author":"Jon Stewart","twitter_card":"summary_large_image","twitter_misc":{"\u00c9crit par":"Jon Stewart","Dur\u00e9e de lecture estim\u00e9e":"1 minute"},"schema":{"@context":"https:\/\/schema.org","@graph":[{"@type":"Article","@id":"https:\/\/worldpressfreedomcanada.ca\/fr\/what-should-dispatch-cover-next\/#article","isPartOf":{"@id":"https:\/\/worldpressfreedomcanada.ca\/fr\/what-should-dispatch-cover-next\/"},"author":{"name":"Jon Stewart","@id":"https:\/\/worldpressfreedomcanada.ca\/fr\/#\/schema\/person\/bf52fcf93ee836612cf8b439ec31002d"},"headline":"Que devrait maintenant couvrir La D\u00e9p\u00eache\u2009?","datePublished":"2026-08-31T23:00:45+00:00","dateModified":"2026-09-02T00:18:24+00:00","mainEntityOfPage":{"@id":"https:\/\/worldpressfreedomcanada.ca\/fr\/what-should-dispatch-cover-next\/"},"wordCount":156,"articleSection":["Dispatch","La D\u00e9p\u00eache"],"inLanguage":"fr-FR"},{"@type":"WebPage","@id":"https:\/\/worldpressfreedomcanada.ca\/fr\/what-should-dispatch-cover-next\/","url":"https:\/\/worldpressfreedomcanada.ca\/fr\/what-should-dispatch-cover-next\/","name":"Que devrait maintenant couvrir La D\u00e9p\u00eache\u2009? - World Press Freedom Canada","isPartOf":{"@id":"https:\/\/worldpressfreedomcanada.ca\/fr\/#website"},"datePublished":"2026-08-31T23:00:45+00:00","dateModified":"2026-09-02T00:18:24+00:00","author":{"@id":"https:\/\/worldpressfreedomcanada.ca\/fr\/#\/schema\/person\/bf52fcf93ee836612cf8b439ec31002d"},"breadcrumb":{"@id":"https:\/\/worldpressfreedomcanada.ca\/fr\/what-should-dispatch-cover-next\/#breadcrumb"},"inLanguage":"fr-FR","potentialAction":[{"@type":"ReadAction","target":["https:\/\/worldpressfreedomcanada.ca\/fr\/what-should-dispatch-cover-next\/"]}]},{"@type":"BreadcrumbList","@id":"https:\/\/worldpressfreedomcanada.ca\/fr\/what-should-dispatch-cover-next\/#breadcrumb","itemListElement":[{"@type":"ListItem","position":1,"name":"Home","item":"https:\/\/worldpressfreedomcanada.ca\/fr\/"},{"@type":"ListItem","position":2,"name":"Que devrait maintenant couvrir La D\u00e9p\u00eache\u2009?"}]},{"@type":"WebSite","@id":"https:\/\/worldpressfreedomcanada.ca\/fr\/#website","url":"https:\/\/worldpressfreedomcanada.ca\/fr\/","name":"World Press Freedom Canada","description":"Championing press freedom, defending democracy","potentialAction":[{"@type":"SearchAction","target":{"@type":"EntryPoint","urlTemplate":"https:\/\/worldpressfreedomcanada.ca\/fr\/?s={search_term_string}"},"query-input":{"@type":"PropertyValueSpecification","valueRequired":true,"valueName":"search_term_string"}}],"inLanguage":"fr-FR"},{"@type":"Person","@id":"https:\/\/worldpressfreedomcanada.ca\/fr\/#\/schema\/person\/bf52fcf93ee836612cf8b439ec31002d","name":"Jon Stewart","image":{"@type":"ImageObject","inLanguage":"fr-FR","@id":"https:\/\/secure.gravatar.com\/avatar\/f803e8c89c372b12b471c272efcbb04fd6aa78d65cd095d3045ab0377a9e0c7c?s=96&d=mm&r=g","url":"https:\/\/secure.gravatar.com\/avatar\/f803e8c89c372b12b471c272efcbb04fd6aa78d65cd095d3045ab0377a9e0c7c?s=96&d=mm&r=g","contentUrl":"https:\/\/secure.gravatar.com\/avatar\/f803e8c89c372b12b471c272efcbb04fd6aa78d65cd095d3045ab0377a9e0c7c?s=96&d=mm&r=g","caption":"Jon Stewart"},"url":"https:\/\/worldpressfreedomcanada.ca\/fr\/author\/jon-stewart\/"}]}},"_links":{"self":[{"href":"https:\/\/worldpressfreedomcanada.ca\/fr\/wp-json\/wp\/v2\/posts\/21967","targetHints":{"allow":["GET"]}}],"collection":[{"href":"https:\/\/worldpressfreedomcanada.ca\/fr\/wp-json\/wp\/v2\/posts"}],"about":[{"href":"https:\/\/worldpressfreedomcanada.ca\/fr\/wp-json\/wp\/v2\/types\/post"}],"author":[{"embeddable":true,"href":"https:\/\/worldpressfreedomcanada.ca\/fr\/wp-json\/wp\/v2\/users\/10"}],"replies":[{"embeddable":true,"href":"https:\/\/worldpressfreedomcanada.ca\/fr\/wp-json\/wp\/v2\/comments?post=21967"}],"version-history":[{"count":3,"href":"https:\/\/worldpressfreedomcanada.ca\/fr\/wp-json\/wp\/v2\/posts\/21967\/revisions"}],"predecessor-version":[{"id":22044,"href":"https:\/\/worldpressfreedomcanada.ca\/fr\/wp-json\/wp\/v2\/posts\/21967\/revisions\/22044"}],"wp:attachment":[{"href":"https:\/\/worldpressfreedomcanada.ca\/fr\/wp-json\/wp\/v2\/media?parent=21967"}],"wp:term":[{"taxonomy":"category","embeddable":true,"href":"https:\/\/worldpressfreedomcanada.ca\/fr\/wp-json\/wp\/v2\/categories?post=21967"},{"taxonomy":"post_tag","embeddable":true,"href":"https:\/\/worldpressfreedomcanada.ca\/fr\/wp-json\/wp\/v2\/tags?post=21967"}],"curies":[{"name":"wp","href":"https:\/\/api.w.org\/{rel}","templated":true}]}}