{"id":21993,"date":"2026-08-30T22:23:42","date_gmt":"2026-08-30T22:23:42","guid":{"rendered":"https:\/\/worldpressfreedomcanada.ca\/on-world-news-day-stand-with-journalists\/"},"modified":"2026-08-30T22:27:00","modified_gmt":"2026-08-30T22:27:00","slug":"a-loccasion-de-la-journee-mondiale-de-linformation-soutenez-les-journalistes","status":"publish","type":"post","link":"https:\/\/worldpressfreedomcanada.ca\/fr\/a-loccasion-de-la-journee-mondiale-de-linformation-soutenez-les-journalistes\/","title":{"rendered":"\u00c0 l\u2019occasion de la Journ\u00e9e mondiale de l\u2019information, soutenez les journalistes"},"content":{"rendered":"\n<p class=\"wp-block-paragraph\"><a href=\"https:\/\/worldnewsday.org\/\">La Journ\u00e9e mondiale de l\u2019information<\/a> aura lieu le 28&nbsp;septembre. Joignez-vous \u00e0 nous pour rendre hommage aux journalistes et aux professionnels des m\u00e9dias qui se consacrent \u00e0 la v\u00e9rit\u00e9 et \u00e0 une information fond\u00e9e sur les faits.<\/p>\n\n\n\n<p class=\"wp-block-paragraph\">\u00c0 une \u00e9poque marqu\u00e9e par la m\u00e9sinformation, les contenus g\u00e9n\u00e9r\u00e9s par l\u2019IA, les menaces et les pressions croissantes exerc\u00e9es sur la presse, il n\u2019a jamais \u00e9t\u00e9 aussi important de prot\u00e9ger les journalistes et de d\u00e9fendre leur libert\u00e9 de faire leur travail sans crainte.<\/p>\n\n\n\n<p class=\"wp-block-paragraph\">Libert\u00e9 de la presse Canada rend hommage aux journalistes qui, chaque jour, cherchent \u00e0 \u00e9tablir les faits, \u00e0 remettre le pouvoir en question et \u00e0 approfondir notre compr\u00e9hension du monde qui nous entoure \u2014 un travail essentiel \u00e0 la d\u00e9mocratie.<\/p>\n\n\n\n<p class=\"wp-block-paragraph\">D\u00e9fendre la libert\u00e9 de la presse exige les efforts collectifs de ceux et celles qui croient en la justice, la d\u00e9mocratie et l\u2019acc\u00e8s \u00e0 l\u2019information. Votre soutien financier nous permet de poursuivre ce travail en finan\u00e7ant des activit\u00e9s de d\u00e9fense des droits, des \u00e9v\u00e9nements et des ressources destin\u00e9s aux journalistes et aux professionnels des m\u00e9dias partout dans le monde.<\/p>\n\n\n\n<p class=\"wp-block-paragraph\"><a href=\"http:\/\/www.paypal.com\/donate?hosted_button_id=HYVPTJVSPMUM8\">Faites un don d\u00e8s aujourd\u2019hui<\/a> pour soutenir la promotion de la libert\u00e9 de la presse.<\/p>\n","protected":false},"excerpt":{"rendered":"<p>La Journ\u00e9e mondiale de l\u2019information aura lieu le 28&nbsp;septembre. Joignez-vous \u00e0 nous pour rendre hommage aux journalistes et aux professionnels des m\u00e9dias qui se consacrent \u00e0 la v\u00e9rit\u00e9 et \u00e0 une information fond\u00e9e sur les faits. \u00c0 une \u00e9poque marqu\u00e9e par la m\u00e9sinformation, les contenus g\u00e9n\u00e9r\u00e9s par l\u2019IA, les menaces et les pressions croissantes exerc\u00e9es [&hellip;]<\/p>\n","protected":false},"author":10,"featured_media":0,"comment_status":"closed","ping_status":"closed","sticky":false,"template":"","format":"standard","meta":{"_acf_changed":false,"_price":"","_stock":"","_tribe_ticket_header":"","_tribe_default_ticket_provider":"","_tribe_ticket_capacity":"","_ticket_start_date":"","_ticket_end_date":"","_tribe_ticket_show_description":"","_tribe_ticket_show_not_going":false,"_tribe_ticket_use_global_stock":"","_tribe_ticket_global_stock_level":"","_global_stock_mode":"","_global_stock_cap":"","_tribe_rsvp_for_event":"","_tribe_ticket_going_count":"","_tribe_ticket_not_going_count":"","_tribe_tickets_list":"[]","_tribe_ticket_has_attendee_info_fields":false,"footnotes":""},"categories":[187,21],"tags":[],"class_list":["post-21993","post","type-post","status-publish","format-standard","hentry","category-dispatch","category-la-depeche"],"acf":[],"yoast_head":"<!-- This site is optimized with the Yoast SEO plugin v28.3 - https:\/\/yoast.com\/product\/yoast-seo-wordpress\/ -->\n<title>\u00c0 l\u2019occasion de la Journ\u00e9e mondiale de l\u2019information, soutenez les journalistes - World Press Freedom Canada<\/title>\n<meta name=\"robots\" content=\"index, follow, max-snippet:-1, max-image-preview:large, max-video-preview:-1\" \/>\n<link rel=\"canonical\" href=\"https:\/\/worldpressfreedomcanada.ca\/fr\/a-loccasion-de-la-journee-mondiale-de-linformation-soutenez-les-journalistes\/\" \/>\n<meta property=\"og:locale\" content=\"fr_FR\" \/>\n<meta property=\"og:type\" content=\"article\" \/>\n<meta property=\"og:title\" content=\"\u00c0 l\u2019occasion de la Journ\u00e9e mondiale de l\u2019information, soutenez les journalistes - World Press Freedom Canada\" \/>\n<meta property=\"og:description\" content=\"La Journ\u00e9e mondiale de l\u2019information aura lieu le 28&nbsp;septembre. Joignez-vous \u00e0 nous pour rendre hommage aux journalistes et aux professionnels des m\u00e9dias qui se consacrent \u00e0 la v\u00e9rit\u00e9 et \u00e0 une information fond\u00e9e sur les faits. \u00c0 une \u00e9poque marqu\u00e9e par la m\u00e9sinformation, les contenus g\u00e9n\u00e9r\u00e9s par l\u2019IA, les menaces et les pressions croissantes exerc\u00e9es [&hellip;]\" \/>\n<meta property=\"og:url\" content=\"https:\/\/worldpressfreedomcanada.ca\/fr\/a-loccasion-de-la-journee-mondiale-de-linformation-soutenez-les-journalistes\/\" \/>\n<meta property=\"og:site_name\" content=\"World Press Freedom Canada\" \/>\n<meta property=\"article:published_time\" content=\"2026-08-30T22:23:42+00:00\" \/>\n<meta property=\"article:modified_time\" content=\"2026-08-30T22:27:00+00:00\" \/>\n<meta name=\"author\" content=\"Jon Stewart\" \/>\n<meta name=\"twitter:card\" content=\"summary_large_image\" \/>\n<meta name=\"twitter:label1\" content=\"\u00c9crit par\" \/>\n\t<meta name=\"twitter:data1\" content=\"Jon Stewart\" \/>\n\t<meta name=\"twitter:label2\" content=\"Dur\u00e9e de lecture estim\u00e9e\" \/>\n\t<meta name=\"twitter:data2\" content=\"1 minute\" \/>\n<script type=\"application\/ld+json\" class=\"yoast-schema-graph\">{\"@context\":\"https:\\\/\\\/schema.org\",\"@graph\":[{\"@type\":\"Article\",\"@id\":\"https:\\\/\\\/worldpressfreedomcanada.ca\\\/fr\\\/a-loccasion-de-la-journee-mondiale-de-linformation-soutenez-les-journalistes\\\/#article\",\"isPartOf\":{\"@id\":\"https:\\\/\\\/worldpressfreedomcanada.ca\\\/fr\\\/a-loccasion-de-la-journee-mondiale-de-linformation-soutenez-les-journalistes\\\/\"},\"author\":{\"name\":\"Jon Stewart\",\"@id\":\"https:\\\/\\\/worldpressfreedomcanada.ca\\\/fr\\\/#\\\/schema\\\/person\\\/bf52fcf93ee836612cf8b439ec31002d\"},\"headline\":\"\u00c0 l\u2019occasion de la Journ\u00e9e mondiale de l\u2019information, soutenez les journalistes\",\"datePublished\":\"2026-08-30T22:23:42+00:00\",\"dateModified\":\"2026-08-30T22:27:00+00:00\",\"mainEntityOfPage\":{\"@id\":\"https:\\\/\\\/worldpressfreedomcanada.ca\\\/fr\\\/a-loccasion-de-la-journee-mondiale-de-linformation-soutenez-les-journalistes\\\/\"},\"wordCount\":227,\"articleSection\":[\"Dispatch\",\"La D\u00e9p\u00eache\"],\"inLanguage\":\"fr-FR\"},{\"@type\":\"WebPage\",\"@id\":\"https:\\\/\\\/worldpressfreedomcanada.ca\\\/fr\\\/a-loccasion-de-la-journee-mondiale-de-linformation-soutenez-les-journalistes\\\/\",\"url\":\"https:\\\/\\\/worldpressfreedomcanada.ca\\\/fr\\\/a-loccasion-de-la-journee-mondiale-de-linformation-soutenez-les-journalistes\\\/\",\"name\":\"\u00c0 l\u2019occasion de la Journ\u00e9e mondiale de l\u2019information, soutenez les journalistes - World Press Freedom Canada\",\"isPartOf\":{\"@id\":\"https:\\\/\\\/worldpressfreedomcanada.ca\\\/fr\\\/#website\"},\"datePublished\":\"2026-08-30T22:23:42+00:00\",\"dateModified\":\"2026-08-30T22:27:00+00:00\",\"author\":{\"@id\":\"https:\\\/\\\/worldpressfreedomcanada.ca\\\/fr\\\/#\\\/schema\\\/person\\\/bf52fcf93ee836612cf8b439ec31002d\"},\"breadcrumb\":{\"@id\":\"https:\\\/\\\/worldpressfreedomcanada.ca\\\/fr\\\/a-loccasion-de-la-journee-mondiale-de-linformation-soutenez-les-journalistes\\\/#breadcrumb\"},\"inLanguage\":\"fr-FR\",\"potentialAction\":[{\"@type\":\"ReadAction\",\"target\":[\"https:\\\/\\\/worldpressfreedomcanada.ca\\\/fr\\\/a-loccasion-de-la-journee-mondiale-de-linformation-soutenez-les-journalistes\\\/\"]}]},{\"@type\":\"BreadcrumbList\",\"@id\":\"https:\\\/\\\/worldpressfreedomcanada.ca\\\/fr\\\/a-loccasion-de-la-journee-mondiale-de-linformation-soutenez-les-journalistes\\\/#breadcrumb\",\"itemListElement\":[{\"@type\":\"ListItem\",\"position\":1,\"name\":\"Home\",\"item\":\"https:\\\/\\\/worldpressfreedomcanada.ca\\\/fr\\\/\"},{\"@type\":\"ListItem\",\"position\":2,\"name\":\"\u00c0 l\u2019occasion de la Journ\u00e9e mondiale de l\u2019information, soutenez les journalistes\"}]},{\"@type\":\"WebSite\",\"@id\":\"https:\\\/\\\/worldpressfreedomcanada.ca\\\/fr\\\/#website\",\"url\":\"https:\\\/\\\/worldpressfreedomcanada.ca\\\/fr\\\/\",\"name\":\"World Press Freedom Canada\",\"description\":\"Championing press freedom, defending democracy\",\"potentialAction\":[{\"@type\":\"SearchAction\",\"target\":{\"@type\":\"EntryPoint\",\"urlTemplate\":\"https:\\\/\\\/worldpressfreedomcanada.ca\\\/fr\\\/?s={search_term_string}\"},\"query-input\":{\"@type\":\"PropertyValueSpecification\",\"valueRequired\":true,\"valueName\":\"search_term_string\"}}],\"inLanguage\":\"fr-FR\"},{\"@type\":\"Person\",\"@id\":\"https:\\\/\\\/worldpressfreedomcanada.ca\\\/fr\\\/#\\\/schema\\\/person\\\/bf52fcf93ee836612cf8b439ec31002d\",\"name\":\"Jon Stewart\",\"image\":{\"@type\":\"ImageObject\",\"inLanguage\":\"fr-FR\",\"@id\":\"https:\\\/\\\/secure.gravatar.com\\\/avatar\\\/f803e8c89c372b12b471c272efcbb04fd6aa78d65cd095d3045ab0377a9e0c7c?s=96&d=mm&r=g\",\"url\":\"https:\\\/\\\/secure.gravatar.com\\\/avatar\\\/f803e8c89c372b12b471c272efcbb04fd6aa78d65cd095d3045ab0377a9e0c7c?s=96&d=mm&r=g\",\"contentUrl\":\"https:\\\/\\\/secure.gravatar.com\\\/avatar\\\/f803e8c89c372b12b471c272efcbb04fd6aa78d65cd095d3045ab0377a9e0c7c?s=96&d=mm&r=g\",\"caption\":\"Jon Stewart\"},\"url\":\"https:\\\/\\\/worldpressfreedomcanada.ca\\\/fr\\\/author\\\/jon-stewart\\\/\"}]}<\/script>\n<!-- \/ Yoast SEO plugin. -->","yoast_head_json":{"title":"\u00c0 l\u2019occasion de la Journ\u00e9e mondiale de l\u2019information, soutenez les journalistes - World Press Freedom Canada","robots":{"index":"index","follow":"follow","max-snippet":"max-snippet:-1","max-image-preview":"max-image-preview:large","max-video-preview":"max-video-preview:-1"},"canonical":"https:\/\/worldpressfreedomcanada.ca\/fr\/a-loccasion-de-la-journee-mondiale-de-linformation-soutenez-les-journalistes\/","og_locale":"fr_FR","og_type":"article","og_title":"\u00c0 l\u2019occasion de la Journ\u00e9e mondiale de l\u2019information, soutenez les journalistes - World Press Freedom Canada","og_description":"La Journ\u00e9e mondiale de l\u2019information aura lieu le 28&nbsp;septembre. Joignez-vous \u00e0 nous pour rendre hommage aux journalistes et aux professionnels des m\u00e9dias qui se consacrent \u00e0 la v\u00e9rit\u00e9 et \u00e0 une information fond\u00e9e sur les faits. \u00c0 une \u00e9poque marqu\u00e9e par la m\u00e9sinformation, les contenus g\u00e9n\u00e9r\u00e9s par l\u2019IA, les menaces et les pressions croissantes exerc\u00e9es [&hellip;]","og_url":"https:\/\/worldpressfreedomcanada.ca\/fr\/a-loccasion-de-la-journee-mondiale-de-linformation-soutenez-les-journalistes\/","og_site_name":"World Press Freedom Canada","article_published_time":"2026-08-30T22:23:42+00:00","article_modified_time":"2026-08-30T22:27:00+00:00","author":"Jon Stewart","twitter_card":"summary_large_image","twitter_misc":{"\u00c9crit par":"Jon Stewart","Dur\u00e9e de lecture estim\u00e9e":"1 minute"},"schema":{"@context":"https:\/\/schema.org","@graph":[{"@type":"Article","@id":"https:\/\/worldpressfreedomcanada.ca\/fr\/a-loccasion-de-la-journee-mondiale-de-linformation-soutenez-les-journalistes\/#article","isPartOf":{"@id":"https:\/\/worldpressfreedomcanada.ca\/fr\/a-loccasion-de-la-journee-mondiale-de-linformation-soutenez-les-journalistes\/"},"author":{"name":"Jon Stewart","@id":"https:\/\/worldpressfreedomcanada.ca\/fr\/#\/schema\/person\/bf52fcf93ee836612cf8b439ec31002d"},"headline":"\u00c0 l\u2019occasion de la Journ\u00e9e mondiale de l\u2019information, soutenez les journalistes","datePublished":"2026-08-30T22:23:42+00:00","dateModified":"2026-08-30T22:27:00+00:00","mainEntityOfPage":{"@id":"https:\/\/worldpressfreedomcanada.ca\/fr\/a-loccasion-de-la-journee-mondiale-de-linformation-soutenez-les-journalistes\/"},"wordCount":227,"articleSection":["Dispatch","La D\u00e9p\u00eache"],"inLanguage":"fr-FR"},{"@type":"WebPage","@id":"https:\/\/worldpressfreedomcanada.ca\/fr\/a-loccasion-de-la-journee-mondiale-de-linformation-soutenez-les-journalistes\/","url":"https:\/\/worldpressfreedomcanada.ca\/fr\/a-loccasion-de-la-journee-mondiale-de-linformation-soutenez-les-journalistes\/","name":"\u00c0 l\u2019occasion de la Journ\u00e9e mondiale de l\u2019information, soutenez les journalistes - World Press Freedom Canada","isPartOf":{"@id":"https:\/\/worldpressfreedomcanada.ca\/fr\/#website"},"datePublished":"2026-08-30T22:23:42+00:00","dateModified":"2026-08-30T22:27:00+00:00","author":{"@id":"https:\/\/worldpressfreedomcanada.ca\/fr\/#\/schema\/person\/bf52fcf93ee836612cf8b439ec31002d"},"breadcrumb":{"@id":"https:\/\/worldpressfreedomcanada.ca\/fr\/a-loccasion-de-la-journee-mondiale-de-linformation-soutenez-les-journalistes\/#breadcrumb"},"inLanguage":"fr-FR","potentialAction":[{"@type":"ReadAction","target":["https:\/\/worldpressfreedomcanada.ca\/fr\/a-loccasion-de-la-journee-mondiale-de-linformation-soutenez-les-journalistes\/"]}]},{"@type":"BreadcrumbList","@id":"https:\/\/worldpressfreedomcanada.ca\/fr\/a-loccasion-de-la-journee-mondiale-de-linformation-soutenez-les-journalistes\/#breadcrumb","itemListElement":[{"@type":"ListItem","position":1,"name":"Home","item":"https:\/\/worldpressfreedomcanada.ca\/fr\/"},{"@type":"ListItem","position":2,"name":"\u00c0 l\u2019occasion de la Journ\u00e9e mondiale de l\u2019information, soutenez les journalistes"}]},{"@type":"WebSite","@id":"https:\/\/worldpressfreedomcanada.ca\/fr\/#website","url":"https:\/\/worldpressfreedomcanada.ca\/fr\/","name":"World Press Freedom Canada","description":"Championing press freedom, defending democracy","potentialAction":[{"@type":"SearchAction","target":{"@type":"EntryPoint","urlTemplate":"https:\/\/worldpressfreedomcanada.ca\/fr\/?s={search_term_string}"},"query-input":{"@type":"PropertyValueSpecification","valueRequired":true,"valueName":"search_term_string"}}],"inLanguage":"fr-FR"},{"@type":"Person","@id":"https:\/\/worldpressfreedomcanada.ca\/fr\/#\/schema\/person\/bf52fcf93ee836612cf8b439ec31002d","name":"Jon Stewart","image":{"@type":"ImageObject","inLanguage":"fr-FR","@id":"https:\/\/secure.gravatar.com\/avatar\/f803e8c89c372b12b471c272efcbb04fd6aa78d65cd095d3045ab0377a9e0c7c?s=96&d=mm&r=g","url":"https:\/\/secure.gravatar.com\/avatar\/f803e8c89c372b12b471c272efcbb04fd6aa78d65cd095d3045ab0377a9e0c7c?s=96&d=mm&r=g","contentUrl":"https:\/\/secure.gravatar.com\/avatar\/f803e8c89c372b12b471c272efcbb04fd6aa78d65cd095d3045ab0377a9e0c7c?s=96&d=mm&r=g","caption":"Jon Stewart"},"url":"https:\/\/worldpressfreedomcanada.ca\/fr\/author\/jon-stewart\/"}]}},"_links":{"self":[{"href":"https:\/\/worldpressfreedomcanada.ca\/fr\/wp-json\/wp\/v2\/posts\/21993","targetHints":{"allow":["GET"]}}],"collection":[{"href":"https:\/\/worldpressfreedomcanada.ca\/fr\/wp-json\/wp\/v2\/posts"}],"about":[{"href":"https:\/\/worldpressfreedomcanada.ca\/fr\/wp-json\/wp\/v2\/types\/post"}],"author":[{"embeddable":true,"href":"https:\/\/worldpressfreedomcanada.ca\/fr\/wp-json\/wp\/v2\/users\/10"}],"replies":[{"embeddable":true,"href":"https:\/\/worldpressfreedomcanada.ca\/fr\/wp-json\/wp\/v2\/comments?post=21993"}],"version-history":[{"count":1,"href":"https:\/\/worldpressfreedomcanada.ca\/fr\/wp-json\/wp\/v2\/posts\/21993\/revisions"}],"predecessor-version":[{"id":21994,"href":"https:\/\/worldpressfreedomcanada.ca\/fr\/wp-json\/wp\/v2\/posts\/21993\/revisions\/21994"}],"wp:attachment":[{"href":"https:\/\/worldpressfreedomcanada.ca\/fr\/wp-json\/wp\/v2\/media?parent=21993"}],"wp:term":[{"taxonomy":"category","embeddable":true,"href":"https:\/\/worldpressfreedomcanada.ca\/fr\/wp-json\/wp\/v2\/categories?post=21993"},{"taxonomy":"post_tag","embeddable":true,"href":"https:\/\/worldpressfreedomcanada.ca\/fr\/wp-json\/wp\/v2\/tags?post=21993"}],"curies":[{"name":"wp","href":"https:\/\/api.w.org\/{rel}","templated":true}]}}